{"id":10102,"date":"2018-04-11T12:07:25","date_gmt":"2018-04-11T10:07:25","guid":{"rendered":"http:\/\/comunitapastoralecassina.org\/ver2\/?p=10102"},"modified":"2018-04-11T12:30:11","modified_gmt":"2018-04-11T10:30:11","slug":"50-di-sacerdozio-di-don-silvio-un-grande-dono","status":"publish","type":"post","link":"https:\/\/comunitapastoralecassina.org\/ver2\/2018\/04\/50-di-sacerdozio-di-don-silvio-un-grande-dono\/","title":{"rendered":"50 di sacerdozio di don Silvio: Un grande \u201cdono\u201d"},"content":{"rendered":"<p><a href=\"http:\/\/comunitapastoralecassina.org\/ver2\/wp-content\/uploads\/donsilvio.jpg\"><img loading=\"lazy\" decoding=\"async\" class=\"alignleft size-medium wp-image-10106\" src=\"http:\/\/comunitapastoralecassina.org\/ver2\/wp-content\/uploads\/donsilvio-151x300.jpg\" alt=\"\" width=\"151\" height=\"300\" srcset=\"https:\/\/comunitapastoralecassina.org\/ver2\/wp-content\/uploads\/donsilvio-151x300.jpg 151w, https:\/\/comunitapastoralecassina.org\/ver2\/wp-content\/uploads\/donsilvio-768x1523.jpg 768w, https:\/\/comunitapastoralecassina.org\/ver2\/wp-content\/uploads\/donsilvio-516x1024.jpg 516w, https:\/\/comunitapastoralecassina.org\/ver2\/wp-content\/uploads\/donsilvio.jpg 807w\" sizes=\"auto, (max-width: 151px) 100vw, 151px\" \/><\/a>L\u2019intera Comunit\u00e0 Pastorale \u00a0\u201cMaria Madre della Chiesa\u201d vivr\u00e0, celebrata la S. Pasqua, una serie di incontri, di celebrazioni e gioiosi momenti di fraternit\u00e0 per un grande \u201cdono\u201d!<\/p>\n<p>Infatti il nostro caro don Silvio il prossimo <strong>28 <\/strong><strong>giugno<\/strong> celebrer\u00e0 il suo mezzo secolo di <strong>giubileo sacerdotale<\/strong><strong>.<\/strong><\/p>\n<p>Un traguardo non piccolo, un traguardo molto ricco di memorie ma soprattutto un traguardo colmo di quella grande fede, umilt\u00e0 ed umanit\u00e0 che don Silvio ha sempre dimostrato nell&#8217;aver cura di chi gli \u00e8 stato affidato.<\/p>\n<p>Sapendo che \u201c<strong>50 anni\u201d <\/strong>di ministero non sono pochi anche le occasioni \u00a0per soffermarci su questo \u201cdono\u201d saranno varie e diverse (<a href=\"http:\/\/comunitapastoralecassina.org\/ver2\/wp-content\/uploads\/donsilvio.pdf\">come potete vedere dal programma<\/a>).<\/p>\n<p>&nbsp;<\/p>\n<ul>\n<li><strong>Condividiamo<\/strong> insieme questa gioia.<\/li>\n<li><strong>Ringraziamo<\/strong> per il \u201cdono\u201d di don Silvio.<\/li>\n<li><strong>Invochiamo<\/strong> il Signore perch\u00e9 ancora oggi, nella nostra\u00a0Comunit\u00e0, ci siano\u00a0giovani che possano rispondere con il proprio \u201cs\u00ec\u201d alla \u201cchiamata\u201d \u00a0ad essere uomini umili e miti, apostoli liberi e forti del vangelo.<\/li>\n<\/ul>\n<p>Oltre a fare gli auguri a Don Silvio e a festeggiarlo, desideriamo in questa speciale \u201coccasione\u201d di Grazia, custodire nel cuore questa \u201cpreghiera\u201d \u00a0per la nostra Comunit\u00e0!<\/p>\n<p><strong>don Massimo Donghi<br \/>\n<\/strong>parroco della Comunit\u00e0 Pastorale Maria Madre della Chiesa<\/p>\n<hr \/>\n<h2><span style=\"color: #0000ff;\"><strong>Le tappe di una festa<\/strong><\/span><\/h2>\n<p><span style=\"color: #993366;\"><strong><em>\u00a0<\/em><\/strong><\/span><strong><em><span style=\"color: #993366;\">Pellegrinaggio<\/span><br \/>\n<\/em><\/strong><strong>2-9 aprile 2018 &#8211;\u00a0<\/strong><strong><em>Pellegrinaggio in Terra Santa<\/em><\/strong><\/p>\n<p><span style=\"color: #993366;\"><strong>\u00a0<\/strong><strong><em>Musica<br \/>\n<\/em><\/strong><\/span><strong>Sabato 5 maggio <\/strong>ore 21.00<br \/>\n<strong><em>Serata musicale con riflessioni sul tema della vocazione<br \/>\n<\/em><\/strong>Partecipano i Cori Parrocchiali della Comunit\u00e0\u00a0<em>in S. Maria Ausiliatrice<\/em><\/p>\n<p><span style=\"color: #993366;\"><strong><em>\u00a0<\/em><\/strong><strong><em>Fraternit\u00e0<br \/>\n<\/em><\/strong><\/span><strong>Gioved\u00ec 24 maggio <\/strong>ore 19.30<br \/>\n<strong><em>Cena in fraternit\u00e0\u00a0<\/em><\/strong>Con le religiose e i religiosi \u201camici\u201d di don Silvio\u00a0<em>in S. Domenico Savio\u00a0<\/em>alle ore 21.00<br \/>\n<strong><em>Preghiera del Vespro e Processione\u00a0<\/em><\/strong><strong><em>con la statua di S. Maria Ausiliatrice<\/em><\/strong><strong><em>\u00a0<\/em><\/strong><em>in S. Maria Ausiliatrice<\/em><\/p>\n<p><strong><em>\u00a0<\/em><\/strong><span style=\"color: #993366;\"><strong><em>Maria<br \/>\n<\/em><\/strong><\/span><strong>Marted\u00ec 29 maggio <\/strong>sera<br \/>\n<strong><em> Rosario e Concelebrazione,\u00a0<\/em><\/strong><strong><em>nel giorno del compleanno di don Silvio, 29 maggio 1944<br \/>\n<\/em><\/strong>con le parrocchie del Decanato\u00a0<em>al Santuario della Madonna di Caravaggio<\/em><\/p>\n<p><strong><em>\u00a0<\/em><\/strong><span style=\"color: #993366;\"><strong><em>Eucaristia<br \/>\n<\/em><\/strong><\/span><strong>Gioved\u00ec 31 maggio <\/strong>ore 20.30<br \/>\n<strong><em>Concelebrazione e Processione Eucaristica nella solennit\u00e0 del Corpus Domini<br \/>\n<\/em><\/strong>Partecipano i bambini della Prima Comunione\u00a0<em>in Nativit\u00e0 di Maria Vergine<\/em><\/p>\n<p><span style=\"color: #993366;\"><strong><em>Malati<br \/>\n<\/em><\/strong><\/span><strong>Sabato 15 settembre<br \/>\n<\/strong><strong><em>Messa con i Malati della Comunit\u00e0 e i Nonni (Gruppo Gioacchino ed Anna)<br \/>\n<\/em><\/strong>nella festa della B.V. Addolorata<br \/>\n&#8211; ore 10.30 <em>in Nativit\u00e0 di Maria Vergine<br \/>\n<\/em>&#8211; ore 16.00 <em>al Melograno<\/em> per gli ospiti della Casa<\/p>\n<p><strong>\u00a0<\/strong><em><span style=\"color: #993366;\"><strong>Il grazie in ogni Parrocchia<br \/>\n<\/strong><\/span><\/em><strong>&#8211;\u00a0<\/strong><strong>Domenica 20 maggio\u00a0<\/strong><strong><em>Festa di S. Maria Ausiliatrice\u00a0<\/em><\/strong><em>in S. Maria Ausiliatrice<br \/>\n<\/em><strong>&#8211;\u00a0<\/strong><strong>Gioved\u00ec 9 agosto\u00a0<\/strong><strong><em>Festa di S. Fermo\u00a0<\/em><\/strong><em>in S. Agata V.M.<br \/>\n<\/em><em>&#8211;\u00a0<\/em><strong>Domenica 9 settembre\u00a0<\/strong><strong><em>Festa di Camporicco\u00a0<\/em><\/strong><em>In Nativit\u00e0 di Maria V.<\/em><\/p>\n<p><em><span style=\"color: #993366;\"><strong>Il ringraziamento della Diocesi<br \/>\n<\/strong><\/span><\/em><strong>Marted\u00ec 8 maggio <\/strong>mattina<br \/>\n<strong><em>Festa dei fiori<br \/>\n<\/em><\/strong>Con la presenza dell\u2019Arcivescovo e del Presbiterio Diocesano,\u00a0<em>in Seminario a Venegono<\/em><\/p>\n<p><strong>Gioved\u00ec 28 giugno<br \/>\n<\/strong><strong><em>50\u00b0 Anniversario di Ordinazione<br \/>\n<\/em><\/strong>con i suoi compagni di classe<\/p>\n","protected":false},"excerpt":{"rendered":"<p>L\u2019intera Comunit\u00e0 Pastorale \u00a0\u201cMaria Madre della Chiesa\u201d vivr\u00e0, celebrata la S. Pasqua, una serie di incontri, di celebrazioni e gioiosi momenti di fraternit\u00e0 per un grande \u201cdono\u201d! Infatti il nostro caro don Silvio il prossimo 28 giugno celebrer\u00e0 il suo mezzo secolo di giubileo sacerdotale. Un traguardo non piccolo, un traguardo molto ricco di memorie [&hellip;]<\/p>\n","protected":false},"author":2,"featured_media":0,"comment_status":"closed","ping_status":"open","sticky":false,"template":"","format":"standard","meta":{"footnotes":""},"categories":[23],"tags":[],"class_list":{"0":"post-10102","1":"post","2":"type-post","3":"status-publish","4":"format-standard","6":"category-avvisi"},"_links":{"self":[{"href":"https:\/\/comunitapastoralecassina.org\/ver2\/wp-json\/wp\/v2\/posts\/10102","targetHints":{"allow":["GET"]}}],"collection":[{"href":"https:\/\/comunitapastoralecassina.org\/ver2\/wp-json\/wp\/v2\/posts"}],"about":[{"href":"https:\/\/comunitapastoralecassina.org\/ver2\/wp-json\/wp\/v2\/types\/post"}],"author":[{"embeddable":true,"href":"https:\/\/comunitapastoralecassina.org\/ver2\/wp-json\/wp\/v2\/users\/2"}],"replies":[{"embeddable":true,"href":"https:\/\/comunitapastoralecassina.org\/ver2\/wp-json\/wp\/v2\/comments?post=10102"}],"version-history":[{"count":6,"href":"https:\/\/comunitapastoralecassina.org\/ver2\/wp-json\/wp\/v2\/posts\/10102\/revisions"}],"predecessor-version":[{"id":10111,"href":"https:\/\/comunitapastoralecassina.org\/ver2\/wp-json\/wp\/v2\/posts\/10102\/revisions\/10111"}],"wp:attachment":[{"href":"https:\/\/comunitapastoralecassina.org\/ver2\/wp-json\/wp\/v2\/media?parent=10102"}],"wp:term":[{"taxonomy":"category","embeddable":true,"href":"https:\/\/comunitapastoralecassina.org\/ver2\/wp-json\/wp\/v2\/categories?post=10102"},{"taxonomy":"post_tag","embeddable":true,"href":"https:\/\/comunitapastoralecassina.org\/ver2\/wp-json\/wp\/v2\/tags?post=10102"}],"curies":[{"name":"wp","href":"https:\/\/api.w.org\/{rel}","templated":true}]}}