{"id":10120,"date":"2018-04-13T10:18:51","date_gmt":"2018-04-13T08:18:51","guid":{"rendered":"http:\/\/comunitapastoralecassina.org\/ver2\/?p=10120"},"modified":"2018-04-13T10:18:51","modified_gmt":"2018-04-13T08:18:51","slug":"anche-noi-discepoli-di-emmaus-nelle-giornate-eucaristiche","status":"publish","type":"post","link":"https:\/\/comunitapastoralecassina.org\/ver2\/2018\/04\/anche-noi-discepoli-di-emmaus-nelle-giornate-eucaristiche\/","title":{"rendered":"Anche noi \u201cdiscepoli di Emmaus\u201d nelle giornate eucaristiche"},"content":{"rendered":"<p>Non sono pochi coloro che hanno trovato, proprio nell\u2019Eucarestia, le forze necessarie per una vita onesta e per vivere la propria fede.<\/p>\n<p>L\u2019immagine dei due discepoli di Emmaus in cammino accanto a Ges\u00f9 \u2013 ma non riconosciuto se non \u201c<strong><em>allo spezzare il pane<\/em><\/strong>\u201d \u2013 \u00e8 anche l\u2019immagine del cammino della vita di ciascuno di noi.<\/p>\n<p>E\u2019 curioso che di uno solo dei due discepoli di Emmaus conosciamo il nome: uno di loro si chiamava Cleofa. E l\u2019altro? Non ha nome. Forse non ha nome perch\u00e9 quello \u00e8 il posto di ciascuno di noi. <strong>L\u00ec, in quello spazio bianco, c\u2019\u00e8 il posto per il nostro nome<\/strong>.<\/p>\n<p>Sulla strada dei nostri interrogativi e delle nostre fatiche o delle nostre <em>\u201ctante cose da fare\u201d<\/em>, sulla strada che porta ad andare lontano da Gerusalemme, Ges\u00f9 continua a volere farsi nostro compagno per aiutarci ad essere luce ai nostri passi.<\/p>\n<p>Come per i due discepoli di Emmaus (Lc 24, 13-53), l\u2019esperienza delle <strong>Giornate Eucaristiche che vivremo (da gioved\u00ec a domenica)<\/strong>, vogliono essere anche per la nostra Comunit\u00e0 Pastorale, per le nostre Parrocchie e per ognuno di noi,\u00a0 un \u201c<strong><em>incontro<\/em><\/strong>\u201d capace di ridarci speranza e gioia nella quotidianit\u00e0.<\/p>\n<p>E\u2019 vero! Dio cammina accanto a noi, percorre con noi la strada della vita, ma la sua presenza \u00e8 discreta e rispetta la nostra libert\u00e0: si lascia anche respingere. Si offre come compagno di viaggio e come guida, ma soltanto mediante la fede possiamo accoglierlo.<\/p>\n<p>C\u2019\u00e8 sempre sufficiente luce, che proviene dalla fede, per riconoscerlo. E c\u2019\u00e8 sempre sufficiente oscurit\u00e0 per chi non vuole riconoscerlo.<\/p>\n<p>Il cristianesimo \u00e8 l\u2019incontro con la persona viva di Ges\u00f9. Cercarlo, ascoltare la sua Parola, stare con lui, seguirlo \u00e8 il cammino e il compito che ciascuno deve compiere.<\/p>\n<p>Mi ricordo, come fosse ieri, le parole di Giovanni Paolo II rivolte a noi che partecipavamo alla <a href=\"http:\/\/www.vatican.va\/gmg\/years\/gmg_2000_it.html\">Giornata Mondiale della Giovent\u00f9 dell\u2019anno 2000<\/a> a Roma: <em>\u201cIn realt\u00e0, \u00e8 Ges\u00f9 che cercate quando sognate la felicit\u00e0; \u00e8 Lui che vi aspetta quando niente vi soddisfa di quello che trovate; \u00e8 Lui la bellezza che tanto vi attrae; \u00e8 Lui che vi provoca con quella sete di radicalit\u00e0 che non vi permette di adattarvi al compromesso; \u00e8 Lui che vi spinge a deporre le maschere che rendono falsa la vita; \u00e8 Lui che vi legge nel cuore le decisioni pi\u00f9 vere che altri vorrebbero soffocare. E\u2019 Ges\u00f9 che suscita in voi il desiderio di fare della vostra vita qualcosa di grande, la volont\u00e0 di seguire un ideale, il rifiuto di lasciarvi inghiottire dalla mediocrit\u00e0, il coraggio di impegnarvi con umilt\u00e0 e perseveranza per migliorare voi stessi e la societ\u00e0, rendendola pi\u00f9 umana e fraterna\u201d<\/em>.<\/p>\n<p>La Chiesa ha sempre considerato il sacramento dell\u2019Eucaristia come il dono pi\u00f9 prezioso di cui \u00e8 stata arricchita. Usando i termini del Concilio Vaticano II,\u00a0 \u00e8 la <strong>fonte<\/strong> e il <strong>culmine<\/strong> di tutta l\u2019evangelizzazione, tutto viene dall\u2019Eucaristia e tutto porta all\u2019Eucaristia.<\/p>\n<p>La nostra Comunit\u00e0, con generosit\u00e0 e stupore, possa fare in questi prossimi giorni la stessa esperienza dei discepoli di Emmaus che <em>\u201cLo riconobbero nello spezzare il pane\u201d<\/em> (Lc 24, 35)<\/p>\n<p>Don Massimo<\/p>\n","protected":false},"excerpt":{"rendered":"<p>Non sono pochi coloro che hanno trovato, proprio nell\u2019Eucarestia, le forze necessarie per una vita onesta e per vivere la propria fede. L\u2019immagine dei due discepoli di Emmaus in cammino accanto a Ges\u00f9 \u2013 ma non riconosciuto se non \u201callo spezzare il pane\u201d \u2013 \u00e8 anche l\u2019immagine del cammino della vita di ciascuno di noi. [&hellip;]<\/p>\n","protected":false},"author":2,"featured_media":0,"comment_status":"closed","ping_status":"open","sticky":false,"template":"","format":"standard","meta":{"footnotes":""},"categories":[19],"tags":[],"class_list":{"0":"post-10120","1":"post","2":"type-post","3":"status-publish","4":"format-standard","6":"category-prima-pagina"},"_links":{"self":[{"href":"https:\/\/comunitapastoralecassina.org\/ver2\/wp-json\/wp\/v2\/posts\/10120","targetHints":{"allow":["GET"]}}],"collection":[{"href":"https:\/\/comunitapastoralecassina.org\/ver2\/wp-json\/wp\/v2\/posts"}],"about":[{"href":"https:\/\/comunitapastoralecassina.org\/ver2\/wp-json\/wp\/v2\/types\/post"}],"author":[{"embeddable":true,"href":"https:\/\/comunitapastoralecassina.org\/ver2\/wp-json\/wp\/v2\/users\/2"}],"replies":[{"embeddable":true,"href":"https:\/\/comunitapastoralecassina.org\/ver2\/wp-json\/wp\/v2\/comments?post=10120"}],"version-history":[{"count":1,"href":"https:\/\/comunitapastoralecassina.org\/ver2\/wp-json\/wp\/v2\/posts\/10120\/revisions"}],"predecessor-version":[{"id":10121,"href":"https:\/\/comunitapastoralecassina.org\/ver2\/wp-json\/wp\/v2\/posts\/10120\/revisions\/10121"}],"wp:attachment":[{"href":"https:\/\/comunitapastoralecassina.org\/ver2\/wp-json\/wp\/v2\/media?parent=10120"}],"wp:term":[{"taxonomy":"category","embeddable":true,"href":"https:\/\/comunitapastoralecassina.org\/ver2\/wp-json\/wp\/v2\/categories?post=10120"},{"taxonomy":"post_tag","embeddable":true,"href":"https:\/\/comunitapastoralecassina.org\/ver2\/wp-json\/wp\/v2\/tags?post=10120"}],"curies":[{"name":"wp","href":"https:\/\/api.w.org\/{rel}","templated":true}]}}