{"id":10140,"date":"2018-04-20T15:29:20","date_gmt":"2018-04-20T13:29:20","guid":{"rendered":"http:\/\/comunitapastoralecassina.org\/ver2\/?p=10140"},"modified":"2018-04-20T15:29:20","modified_gmt":"2018-04-20T13:29:20","slug":"citta-dei-ragazzi-2018","status":"publish","type":"post","link":"https:\/\/comunitapastoralecassina.org\/ver2\/2018\/04\/citta-dei-ragazzi-2018\/","title":{"rendered":"Citt\u00e0 dei ragazzi 2018"},"content":{"rendered":"<p>Stiamo iniziando a programmare una tra le esperienze pi\u00f9 belle per la vita della nostra comunit\u00e0: la Citt\u00e0 dei Ragazzi!<\/p>\n<p>Durante la scorsa estate la bellezza del creato ci ha aperto alla meraviglia!<\/p>\n<p>Nella contemplazione delle opere della creazione abbiamo riconosciuto l\u2019agire di Dio e quanto ogni cosa che Egli abbia fatto fosse buona ai suoi e ai nostri occhi.<\/p>\n<p>Quest&#8217;anno vogliamo completare la visione del disegno del Padre mettendo al centro dell\u2019Oratorio estivo 2018 <em>l\u2019agire dell\u2019uomo.<\/em><\/p>\n<p>Dio ci ha voluto nel mondo e ci ha affidato un compito: ci ha creati perch\u00e9 ci mettessimo tutti <strong>\u00aballOpera\u00bb<\/strong>!<\/p>\n<p>Capiremo che alla contemplazione non pu\u00f2 che seguire l\u2019azione e che la vita va spesa mettendo a frutto le nostre aspirazioni, le nostre doti e qualit\u00e0 in qualcosa che non solo realizza noi stessi ma ci rende capace di trasformare il mondo intorno a noi.<\/p>\n<p>\u00c8 cos\u00ec che il nostro lavoro e il nostro impegno fanno la differenza anche nei confronti degli altri e dell\u2019intera umanit\u00e0.<\/p>\n<p>Dio ha bisogno di noi per completare la sua opera creatrice. I primi a muovere i primi passi nella progettazione di tutta l&#8217;estate saranno come sempre gli animatori<strong>.<\/strong><\/p>\n<p><strong>Luned\u00ec 23 aprile alle 21,00 in San Domenico Savio inizieremo il corso di preparazione per tutti i ragazzi (dalle 1^ alle 5^ sup.) che desiderano mettersi all&#8217;opera come animatori alla Citt\u00e0 dei ragazzi 2018.: entusiasmo e stile del servizio saranno la base di ogni loro scelta!<\/strong><\/p>\n<p><strong>Il percorso \u00e8 essenziale per poter vivere da animatori la CDR.<\/strong><\/p>\n","protected":false},"excerpt":{"rendered":"<p>Stiamo iniziando a programmare una tra le esperienze pi\u00f9 belle per la vita della nostra comunit\u00e0: la Citt\u00e0 dei Ragazzi! Durante la scorsa estate la bellezza del creato ci ha aperto alla meraviglia! Nella contemplazione delle opere della creazione abbiamo riconosciuto l\u2019agire di Dio e quanto ogni cosa che Egli abbia fatto fosse buona ai [&hellip;]<\/p>\n","protected":false},"author":2,"featured_media":0,"comment_status":"closed","ping_status":"open","sticky":false,"template":"","format":"standard","meta":{"footnotes":""},"categories":[23],"tags":[],"class_list":{"0":"post-10140","1":"post","2":"type-post","3":"status-publish","4":"format-standard","6":"category-avvisi"},"_links":{"self":[{"href":"https:\/\/comunitapastoralecassina.org\/ver2\/wp-json\/wp\/v2\/posts\/10140","targetHints":{"allow":["GET"]}}],"collection":[{"href":"https:\/\/comunitapastoralecassina.org\/ver2\/wp-json\/wp\/v2\/posts"}],"about":[{"href":"https:\/\/comunitapastoralecassina.org\/ver2\/wp-json\/wp\/v2\/types\/post"}],"author":[{"embeddable":true,"href":"https:\/\/comunitapastoralecassina.org\/ver2\/wp-json\/wp\/v2\/users\/2"}],"replies":[{"embeddable":true,"href":"https:\/\/comunitapastoralecassina.org\/ver2\/wp-json\/wp\/v2\/comments?post=10140"}],"version-history":[{"count":1,"href":"https:\/\/comunitapastoralecassina.org\/ver2\/wp-json\/wp\/v2\/posts\/10140\/revisions"}],"predecessor-version":[{"id":10141,"href":"https:\/\/comunitapastoralecassina.org\/ver2\/wp-json\/wp\/v2\/posts\/10140\/revisions\/10141"}],"wp:attachment":[{"href":"https:\/\/comunitapastoralecassina.org\/ver2\/wp-json\/wp\/v2\/media?parent=10140"}],"wp:term":[{"taxonomy":"category","embeddable":true,"href":"https:\/\/comunitapastoralecassina.org\/ver2\/wp-json\/wp\/v2\/categories?post=10140"},{"taxonomy":"post_tag","embeddable":true,"href":"https:\/\/comunitapastoralecassina.org\/ver2\/wp-json\/wp\/v2\/tags?post=10140"}],"curies":[{"name":"wp","href":"https:\/\/api.w.org\/{rel}","templated":true}]}}