{"id":10522,"date":"2018-10-12T21:49:43","date_gmt":"2018-10-12T19:49:43","guid":{"rendered":"http:\/\/comunitapastoralecassina.org\/ver2\/?p=10522"},"modified":"2018-10-13T08:31:23","modified_gmt":"2018-10-13T06:31:23","slug":"lectio-anno-pastorale-2018-19","status":"publish","type":"post","link":"https:\/\/comunitapastoralecassina.org\/ver2\/2018\/10\/lectio-anno-pastorale-2018-19\/","title":{"rendered":"&#8220;Ascolta, prega e cammina&#8221; anno pastorale 2018-19"},"content":{"rendered":"<h1><span style=\"color: #0000ff;\"><strong><a href=\"http:\/\/comunitapastoralecassina.org\/ver2\/wp-content\/uploads\/lectio.pdf\" target=\"_blank\" rel=\"noopener noreferrer\"><img loading=\"lazy\" decoding=\"async\" class=\"aligncenter wp-image-10526 size-medium\" src=\"http:\/\/comunitapastoralecassina.org\/ver2\/wp-content\/uploads\/lectio-anno-pastorale-300x153.jpg\" alt=\"\" width=\"300\" height=\"153\" srcset=\"https:\/\/comunitapastoralecassina.org\/ver2\/wp-content\/uploads\/lectio-anno-pastorale-300x153.jpg 300w, https:\/\/comunitapastoralecassina.org\/ver2\/wp-content\/uploads\/lectio-anno-pastorale-768x393.jpg 768w, https:\/\/comunitapastoralecassina.org\/ver2\/wp-content\/uploads\/lectio-anno-pastorale-1024x524.jpg 1024w, https:\/\/comunitapastoralecassina.org\/ver2\/wp-content\/uploads\/lectio-anno-pastorale.jpg 1600w\" sizes=\"auto, (max-width: 300px) 100vw, 300px\" \/><\/a><\/strong><\/span><\/h1>\n<hr \/>\n<h1><span style=\"color: #0000ff;\"><strong>ASCOLTA<\/strong><\/span><\/h1>\n<p><em>Lampada per i miei passi \u00e8 la tua parola,luce sul mio cammino <\/em>(Sal 119,105)<\/p>\n<p><em>Un mercoled\u00ec al mese, provocati da una pagina del Vangelo guidati da <\/em><strong>don Sergio Dell\u2019Orto<\/strong><\/p>\n<p><strong>Ore 21.00 \u2013 22.00<\/strong> in <em>Chiesa S.M.Ausiliatrice<\/em><\/p>\n<ul>\n<li><strong><span style=\"color: #800080;\">7 OTTOBRE<\/span><\/strong><br \/>\n<strong>VENITE, E\u2019 PRONTO!<br \/>\nLc 14,16-24<\/strong><br \/>\n<em>(La parabola degli invitati alle nozze)<\/em><\/li>\n<li><strong><span style=\"color: #800080;\">14 NOVEMBRE\u00a0<\/span><\/strong><br \/>\n<strong>NON ABBIAMO MAI VISTO NULLA DI SIMILE!<br \/>\n<\/strong><strong>Mc 2,1-12<\/strong><br \/>\n<em>(La guarigione del paralitico)<\/em><\/li>\n<li><strong><span style=\"color: #800080;\">12 DICEMBRE<\/span><\/strong><br \/>\n<strong>OGGI DEVO FERMARMI A CASA TUA!<br \/>\n<\/strong><strong>Lc 19-1-10<br \/>\n<\/strong><em>(L\u2019incontro con Zaccheo)<\/em><\/li>\n<li><span style=\"color: #800080;\"><strong>23 GENNAIO<\/strong><\/span><br \/>\n<strong>GLI CORSE INCONTRO<br \/>\n<\/strong><strong>Lc 15,11-32<\/strong><br \/>\n<em>(La parabola del Padre misericordioso)<\/em><\/li>\n<li><strong><span style=\"color: #800080;\">20 FEBBRAIO<\/span><\/strong><br \/>\n<strong>SIGNORE, IO CREDO!<br \/>\n<\/strong><strong>Gv 9,1-41<\/strong><br \/>\n<em>(La guarigione del cieco nato)<\/em><\/li>\n<li><strong><span style=\"color: #800080;\">20 MARZO<\/span><\/strong><br \/>\n<strong>PORTATEMELI QUA!<br \/>\n<\/strong><strong>Mt 14,13b-21<\/strong><br \/>\n<em>(La moltiplicazione dei pani)<\/em><\/li>\n<li><strong><span style=\"color: #800080;\">15 MAGGIO<\/span><\/strong><br \/>\n<strong>MI AMI TU<\/strong><strong>?<br \/>\n<\/strong><strong>Gv 21, 15-19<\/strong><br \/>\n<em>(L\u2019incontro con Pietro)<\/em><\/li>\n<\/ul>\n<hr \/>\n<h1><span style=\"color: #0000ff;\"><strong>PREGA<\/strong><\/span><\/h1>\n<p><em>Con la forza di quel cibo cammin\u00f2 per quaranta giorni e quaranta notti fino al monte di Dio, l\u2019Oreb \u00a0<\/em>(1Re 19,8))<\/p>\n<p><em>Un gioved\u00ec al mese,<br \/>\nAdorazione continua (<strong>9.00 \u2013 22.00<\/strong>) possibilit\u00e0 di sostare in preghiera silenziosa\u00a0\u00a0\u00a0\u00a0\u00a0\u00a0\u00a0\u00a0\u00a0\u00a0\u00a0\u00a0\u00a0\u00a0\u00a0\u00a0\u00a0\u00a0\u00a0\u00a0\u00a0\u00a0\u00a0\u00a0\u00a0\u00a0\u00a0\u00a0\u00a0\u00a0\u00a0\u00a0\u00a0\u00a0\u00a0\u00a0\u00a0\u00a0\u00a0\u00a0\u00a0\u00a0\u00a0\u00a0\u00a0\u00a0\u00a0\u00a0 <\/em><\/p>\n<p><strong>Ore 21.00 \u2013 22.00<\/strong> <em>con la conclusione comunitaria (con l\u2019invito ad alcune gruppi di operatori pastorali)<\/em><\/p>\n<ul>\n<li><span style=\"color: #800080;\"><strong>4 OTTOBRE<\/strong><\/span><br \/>\n<strong>CHIESA DI SANT\u2019AGATA V.M <\/strong>(don Massimo)<br \/>\n<strong>invitati<\/strong> <em>Gruppi Missionari e Operatori Caritas Cittadina<\/em><\/li>\n<li><span style=\"color: #800080;\"><strong>NOVEMBRE<br \/>\n<\/strong><\/span>GIORNATE EUCARISTICHE<\/li>\n<li><strong><span style=\"color: #800080;\">6 DICEMBRE<\/span><\/strong><br \/>\n<strong>CHIESA DI NATIVITA\u2019 DI M.V. <\/strong>(don Bangaly)<br \/>\n<strong>invitati<\/strong>\u00a0 <em>Ministri Straordinari dell\u2019Eucarestia e Lettori<\/em><\/li>\n<li><span style=\"color: #800080;\"><strong>3 GENNAIO<\/strong><\/span><br \/>\n<strong>CAPPELLINA S.DOMENICO SAVIO <\/strong>(don Massimo)<br \/>\n<strong>invitati<\/strong> <em>Comunit\u00e0 Pastorale (Per la Pace \u2013 Inizio Anno)<\/em><\/li>\n<li><span style=\"color: #800080;\"><strong>7 FEBBRAIO<\/strong><\/span><br \/>\n<strong>CHIESA DI SANT\u2019AGATA V.M\u00a0 <\/strong>(don Silvio)<br \/>\n<strong>invitati<\/strong>\u00a0 <em>Parrocchia di Sant\u2019Agata<\/em><\/li>\n<li><strong><span style=\"color: #800080;\">7 MARZO\u00a0<\/span><\/strong><br \/>\n<strong>CAPPELLINA S.DOMENICO SAVIO <\/strong>(don Fabio)<br \/>\n<strong>invitati<\/strong> <em>Catechisti, Educatori, Allenatori, Capi Scout<\/em><\/li>\n<li><span style=\"color: #800080;\"><strong>APRILE<\/strong> <\/span><br \/>\nQUARESIMA \u2013 TRIDUO PASQUALE<\/li>\n<li><strong><span style=\"color: #800080;\">4 OTTOBRE<\/span> <\/strong><br \/>\n<strong>CHIESA DI NATIVITA\u2019 DI M.V.\u00a0 <\/strong>(don Massimo)<br \/>\n<strong>invitati <\/strong><em>Pastorale Famiglia (Gruppi familiari, Equipe Battesimi e Matrimoni\u2026)<\/em><\/li>\n<li><span style=\"color: #800080;\"><strong>6 GIUGNO<\/strong><\/span><br \/>\n<strong>CAPPELLINA S.DOMENICO SAVIO\u00a0 <\/strong>(don Fabio)<br \/>\n<strong>invitati<\/strong> <em>Volontari e Collaboratori Vita Oratori<\/em><\/li>\n<\/ul>\n<p><em>\u00a0<\/em><\/p>\n<hr \/>\n<h1><span style=\"color: #0000ff;\"><strong>CORSO BIBLICO<\/strong><\/span><\/h1>\n<p><em>In Oratorio San Domenico Savio (ore 15.00 \u2013 17.00) Guidati dal teologo Massimo Bonelli<\/em><\/p>\n<ul>\n<li><strong><span style=\"color: #800080;\">DOMENICA 24 MARZO 2019 ore 15.00-17.30<\/span><\/strong><br \/>\nIL VANGELO DI MARCO. INTRODUZIONE GENERALE: LA GENIALIT\u00c0 DEL VANGELO MARCIANO DI RACCONTARE GES\u00d9<\/li>\n<li><span style=\"color: #800080;\"><strong>DOMENICA 07 APRILE 2019 ore 15.00-17.30<\/strong><\/span><br \/>\n<em>MC 1,1-2,28<\/em> \u00a0UN PRINCIPIO, NON SOLTANTO UN INIZIO: L&#8217;INSEGNAMENTO CON AUTORIT\u00c0 CHE FA EMEREGRE GLI INTERROGATIVI SULL&#8217;IDENTIT\u00c0 DI GES\u00d9<\/li>\n<li><strong><span style=\"color: #800080;\">DOMENICA 05 MAGGIO 2019 ore 15.00-17.30<\/span><\/strong><br \/>\n<em>MC 8,27-10,45<\/em> \u00a0IL CENTRO DEL VANGELO DIFFICILE DA COMPRENDERE: L&#8217;AVVIO DEL CAMMINO VERSO GERUSALEMME<\/li>\n<li><strong><span style=\"color: #800080;\">DOMENICA 19 MAGGIO 2019 ore 15.00-17.30<\/span><\/strong><br \/>\n<em>MC 14,1-16,8<\/em> PASSIONE, MORTE E RESURREZIONE DI CRISTO GES\u00d9: IL CULMINE DELLA RIVELAZIONE MESSIANICA E LO SMARRIMENTO CHE DIVIENE RESPONSABILIT\u00c0 DEL DISCEPOLO<\/li>\n<\/ul>\n","protected":false},"excerpt":{"rendered":"<p>ASCOLTA Lampada per i miei passi \u00e8 la tua parola,luce sul mio cammino (Sal 119,105) Un mercoled\u00ec al mese, provocati da una pagina del Vangelo guidati da don Sergio Dell\u2019Orto Ore 21.00 \u2013 22.00 in Chiesa S.M.Ausiliatrice 7 OTTOBRE VENITE, E\u2019 PRONTO! Lc 14,16-24 (La parabola degli invitati alle nozze) 14 NOVEMBRE\u00a0 NON ABBIAMO MAI [&hellip;]<\/p>\n","protected":false},"author":2,"featured_media":0,"comment_status":"closed","ping_status":"open","sticky":false,"template":"","format":"standard","meta":{"footnotes":""},"categories":[23,42],"tags":[],"class_list":{"0":"post-10522","1":"post","2":"type-post","3":"status-publish","4":"format-standard","6":"category-avvisi","7":"category-catechesi"},"_links":{"self":[{"href":"https:\/\/comunitapastoralecassina.org\/ver2\/wp-json\/wp\/v2\/posts\/10522","targetHints":{"allow":["GET"]}}],"collection":[{"href":"https:\/\/comunitapastoralecassina.org\/ver2\/wp-json\/wp\/v2\/posts"}],"about":[{"href":"https:\/\/comunitapastoralecassina.org\/ver2\/wp-json\/wp\/v2\/types\/post"}],"author":[{"embeddable":true,"href":"https:\/\/comunitapastoralecassina.org\/ver2\/wp-json\/wp\/v2\/users\/2"}],"replies":[{"embeddable":true,"href":"https:\/\/comunitapastoralecassina.org\/ver2\/wp-json\/wp\/v2\/comments?post=10522"}],"version-history":[{"count":6,"href":"https:\/\/comunitapastoralecassina.org\/ver2\/wp-json\/wp\/v2\/posts\/10522\/revisions"}],"predecessor-version":[{"id":10538,"href":"https:\/\/comunitapastoralecassina.org\/ver2\/wp-json\/wp\/v2\/posts\/10522\/revisions\/10538"}],"wp:attachment":[{"href":"https:\/\/comunitapastoralecassina.org\/ver2\/wp-json\/wp\/v2\/media?parent=10522"}],"wp:term":[{"taxonomy":"category","embeddable":true,"href":"https:\/\/comunitapastoralecassina.org\/ver2\/wp-json\/wp\/v2\/categories?post=10522"},{"taxonomy":"post_tag","embeddable":true,"href":"https:\/\/comunitapastoralecassina.org\/ver2\/wp-json\/wp\/v2\/tags?post=10522"}],"curies":[{"name":"wp","href":"https:\/\/api.w.org\/{rel}","templated":true}]}}