{"id":10545,"date":"2018-10-20T16:12:07","date_gmt":"2018-10-20T14:12:07","guid":{"rendered":"http:\/\/comunitapastoralecassina.org\/ver2\/?p=10545"},"modified":"2018-10-20T16:13:00","modified_gmt":"2018-10-20T14:13:00","slug":"una-giornata-in-comunione-con-i-malati-della-nostra-comunita","status":"publish","type":"post","link":"https:\/\/comunitapastoralecassina.org\/ver2\/2018\/10\/una-giornata-in-comunione-con-i-malati-della-nostra-comunita\/","title":{"rendered":"Una giornata \u201cin comunione\u201d con i malati della nostra Comunit\u00e0"},"content":{"rendered":"<h2 style=\"text-align: center;\"><em>\u201cEro malato e mi avete visitato\u201d<\/em>\u00a0 \u00a0<em>(Mt 25,36)<\/em><\/h2>\n<h2 style=\"text-align: center;\"><span style=\"color: #3366ff;\"><strong>VENERDI\u2019 26 OTTOBRE<\/strong><\/span><\/h2>\n<p>In questo anno pastorale proponiamo un giorno al mese di<span style=\"color: #3366ff;\"> \u201c<strong><em>COMUNIONE\u201d CON I MALATI DELLA NOSTRA COMUNITA\u2019<\/em><\/strong>.<\/span> Semplicemente, in ognuna delle nostre tre Parrocchie, la S.Messa feriale sar\u00e0 celebrata <strong><em>\u201cper gli Infermi\u201d<\/em><\/strong>. In questa giornata mensile avremo modo di vivere una particolare <em>\u201ccomunione\u201d<\/em> con tutti i malati della nostra Comunit\u00e0. Pregheremo per loro e per le loro famiglie.<\/p>\n<p><a href=\"http:\/\/comunitapastoralecassina.org\/ver2\/wp-content\/uploads\/cristo-malato.png\"><img loading=\"lazy\" decoding=\"async\" class=\"aligncenter size-medium wp-image-10547\" src=\"http:\/\/comunitapastoralecassina.org\/ver2\/wp-content\/uploads\/cristo-malato-300x181.png\" alt=\"\" width=\"300\" height=\"181\" srcset=\"https:\/\/comunitapastoralecassina.org\/ver2\/wp-content\/uploads\/cristo-malato-300x181.png 300w, https:\/\/comunitapastoralecassina.org\/ver2\/wp-content\/uploads\/cristo-malato.png 535w\" sizes=\"auto, (max-width: 300px) 100vw, 300px\" \/><\/a>I Ministri straordinari dell\u2019Eucarestia saranno invitati a portare la comunione ad alcuni malati ed anche i Sacerdoti ne visiteranno altri. In questa giornata sarebbe bello che ognuno potesse prendersi l\u2019impegno di una <strong>visita<\/strong> o di un <strong>saluto<\/strong> o di un <strong>ricordo<\/strong> per qualche persona malata che si conosce o che abita vicino a casa.<\/p>\n<p>Il Vangelo ci insegna la costante attenzione di Ges\u00f9 per gli oppressi: la maggior parte dei miracoli riguarda proprio la guarigione dei malati.<\/p>\n<p><strong><em>Quanti malati anche oggi aspettano di essere presentati al Signore!<\/em><\/strong> Questa \u00e8 una tradizione antica della Chiesa che va riscoperta.<\/p>\n<p>Un grande Padre della Chiesa, San Giovanni Crisostomo, diceva: <em>\u201cA pregare per se stessi costringe la necessit\u00e0; a pregare per gli altri stimola la carit\u00e0. Ma presso Dio \u00e8 pi\u00f9 gradita la preghiera raccomandata dalla carit\u00e0\u201d<\/em>. Lasciamoci stimolare da questa Carit\u00e0 ed alleniamoci a valorizzare questa speciale <em>\u201ccomunione\u201d<\/em> nella nostra Comunit\u00e0!<\/p>\n<p><strong>Don Massimo<\/strong><\/p>\n","protected":false},"excerpt":{"rendered":"<p>\u201cEro malato e mi avete visitato\u201d\u00a0 \u00a0(Mt 25,36) VENERDI\u2019 26 OTTOBRE In questo anno pastorale proponiamo un giorno al mese di \u201cCOMUNIONE\u201d CON I MALATI DELLA NOSTRA COMUNITA\u2019. Semplicemente, in ognuna delle nostre tre Parrocchie, la S.Messa feriale sar\u00e0 celebrata \u201cper gli Infermi\u201d. In questa giornata mensile avremo modo di vivere una particolare \u201ccomunione\u201d con [&hellip;]<\/p>\n","protected":false},"author":2,"featured_media":0,"comment_status":"closed","ping_status":"open","sticky":false,"template":"","format":"standard","meta":{"footnotes":""},"categories":[23,19],"tags":[],"class_list":{"0":"post-10545","1":"post","2":"type-post","3":"status-publish","4":"format-standard","6":"category-avvisi","7":"category-prima-pagina"},"_links":{"self":[{"href":"https:\/\/comunitapastoralecassina.org\/ver2\/wp-json\/wp\/v2\/posts\/10545","targetHints":{"allow":["GET"]}}],"collection":[{"href":"https:\/\/comunitapastoralecassina.org\/ver2\/wp-json\/wp\/v2\/posts"}],"about":[{"href":"https:\/\/comunitapastoralecassina.org\/ver2\/wp-json\/wp\/v2\/types\/post"}],"author":[{"embeddable":true,"href":"https:\/\/comunitapastoralecassina.org\/ver2\/wp-json\/wp\/v2\/users\/2"}],"replies":[{"embeddable":true,"href":"https:\/\/comunitapastoralecassina.org\/ver2\/wp-json\/wp\/v2\/comments?post=10545"}],"version-history":[{"count":2,"href":"https:\/\/comunitapastoralecassina.org\/ver2\/wp-json\/wp\/v2\/posts\/10545\/revisions"}],"predecessor-version":[{"id":10548,"href":"https:\/\/comunitapastoralecassina.org\/ver2\/wp-json\/wp\/v2\/posts\/10545\/revisions\/10548"}],"wp:attachment":[{"href":"https:\/\/comunitapastoralecassina.org\/ver2\/wp-json\/wp\/v2\/media?parent=10545"}],"wp:term":[{"taxonomy":"category","embeddable":true,"href":"https:\/\/comunitapastoralecassina.org\/ver2\/wp-json\/wp\/v2\/categories?post=10545"},{"taxonomy":"post_tag","embeddable":true,"href":"https:\/\/comunitapastoralecassina.org\/ver2\/wp-json\/wp\/v2\/tags?post=10545"}],"curies":[{"name":"wp","href":"https:\/\/api.w.org\/{rel}","templated":true}]}}