{"id":11478,"date":"2019-10-16T12:15:37","date_gmt":"2019-10-16T10:15:37","guid":{"rendered":"http:\/\/comunitapastoralecassina.org\/ver2\/?p=11478"},"modified":"2019-10-25T10:51:23","modified_gmt":"2019-10-25T08:51:23","slug":"giornate-eucaristiche-7-10-novembre-2019","status":"publish","type":"post","link":"https:\/\/comunitapastoralecassina.org\/ver2\/2019\/10\/giornate-eucaristiche-7-10-novembre-2019\/","title":{"rendered":"Giornate Eucaristiche (7 \u2013 10 novembre 2019)"},"content":{"rendered":"<h1 style=\"text-align: center;\"><span style=\"color: #0000ff;\"><strong>Eucarestia e Carit\u00e0 <\/strong><\/span><\/h1>\n<p style=\"text-align: left;\">Vivremo le prossime<strong> GIORNATE EUCARISTICHE<\/strong>\u00a0in Comunit\u00e0 da <strong>gioved\u00ec 7<\/strong> a <strong>domenica 10 novembre 2019<\/strong>.<\/p>\n<p>Ci accompagner\u00e0 in questo cammino di <em>Adorazione \u2013 Ascolto \u2013 Preghiera<\/em> <strong>padre Massimo Villa<\/strong> <em>(Superiore Provinciale dei Fatebenefratelli)<\/em>.<\/p>\n<p>Il tema scelto \u00e8 <strong>EUCARESTIA E CARITA\u2019<\/strong>.<\/p>\n<h2 style=\"text-align: left;\"><span style=\"color: #0000ff;\"><strong><a href=\"http:\/\/comunitapastoralecassina.org\/ver2\/wp-content\/uploads\/WhatsApp-Image-2019-10-16-at-11.48.46.jpeg\"><img loading=\"lazy\" decoding=\"async\" class=\"alignright size-medium wp-image-11483\" src=\"http:\/\/comunitapastoralecassina.org\/ver2\/wp-content\/uploads\/WhatsApp-Image-2019-10-16-at-11.48.46-150x300.jpeg\" alt=\"\" width=\"150\" height=\"300\" srcset=\"https:\/\/comunitapastoralecassina.org\/ver2\/wp-content\/uploads\/WhatsApp-Image-2019-10-16-at-11.48.46-150x300.jpeg 150w, https:\/\/comunitapastoralecassina.org\/ver2\/wp-content\/uploads\/WhatsApp-Image-2019-10-16-at-11.48.46-768x1538.jpeg 768w, https:\/\/comunitapastoralecassina.org\/ver2\/wp-content\/uploads\/WhatsApp-Image-2019-10-16-at-11.48.46-511x1024.jpeg 511w, https:\/\/comunitapastoralecassina.org\/ver2\/wp-content\/uploads\/WhatsApp-Image-2019-10-16-at-11.48.46.jpeg 799w\" sizes=\"auto, (max-width: 150px) 100vw, 150px\" \/><\/a>Programma\u00a0<a href=\"http:\/\/comunitapastoralecassina.org\/ver2\/wp-content\/uploads\/Giornate-eucaristiche.pdf\">(scarica il volantino PDF)<\/a><\/strong><\/span><\/h2>\n<p><span style=\"color: #ff0000;\"><strong>GIOVEDI\u2019 7<\/strong><\/span><\/p>\n<p><strong>In S.M.Ausiliatrice<\/strong><\/p>\n<p><strong>Alla sera<\/strong>\u00a0\u00a0S.Messa (col Predicatore) e Adorazione\u00a0 <em>(fino alle ore 22.30)<\/em><\/p>\n<p><em>\u00a0La Carit\u00e0 verso chi \u00e8 malato<\/em><\/p>\n<p><strong>\u00a0<\/strong><\/p>\n<p><span style=\"color: #ff0000;\"><strong>VENERDI\u2019 8<\/strong><\/span><\/p>\n<p><strong>In ogni Parrocchia\u00a0\u00a0\u00a0 \u00a0\u00a0<\/strong><\/p>\n<p style=\"padding-left: 30px;\"><strong>Al mattino <\/strong>S.Messa (riflessione) e Adorazione <em>(fino alle ore 10.30)<\/em><\/p>\n<p style=\"padding-left: 60px;\">\u00a0<strong>h 8.00 \u00a0\u00a0\u00a0<\/strong>a <strong><em>Nativit\u00e0 di M.V. <\/em><\/strong><em>(don Silvio)<\/em>; <strong>\u00a0<\/strong><\/p>\n<p style=\"padding-left: 60px;\"><strong>\u00a0h 8.30 \u00a0\u00a0\u00a0<\/strong>a <strong><em>S.M.Ausiliatrice<\/em><\/strong> <em>(don Massimo)<\/em>;<\/p>\n<p style=\"padding-left: 60px;\">\u00a0<strong>h 8.30 \u00a0\u00a0\u00a0<\/strong>a<strong> <em>Sant\u2019Agata V.M. <\/em><\/strong><em>(don Bangaly)<\/em><\/p>\n<p style=\"padding-left: 30px;\"><strong>Al pomeriggio<\/strong> \u00a0\u00a0\u00a0\u00a0\u00a0\u00a0<strong>h 15.00\u00a0 <\/strong>Ora Media (riflessione) e Adorazione <em>(fino alle 18.00)<\/em><\/p>\n<p><strong>\u00a0In Nativit\u00e0 di M.V. <\/strong><\/p>\n<p style=\"padding-left: 30px;\"><strong>Alla sera<\/strong>\u00a0 \u00a0 <strong>h 21.00\u00a0 \u00a0<\/strong>Adorazione comunitaria (col Predicatore) e Confessioni <em>(fino alle ore 22.30)\u00a0<\/em><\/p>\n<p style=\"padding-left: 30px;\"><em>Vicinanza nel tempo della delusione<\/em><strong>\u00a0 \u00a0 \u00a0 \u00a0 \u00a0 \u00a0 \u00a0 \u00a0 \u00a0 \u00a0 \u00a0 \u00a0 \u00a0 \u00a0 \u00a0 \u00a0 \u00a0 \u00a0 \u00a0 \u00a0 \u00a0 \u00a0 \u00a0 \u00a0 \u00a0 \u00a0 \u00a0\u00a0<\/strong><\/p>\n<p>&nbsp;<\/p>\n<p><span style=\"color: #ff0000;\"><strong>SABATO 9<\/strong> <\/span><\/p>\n<p><strong>\u00a0In S.M.Ausiliatrice<\/strong><\/p>\n<p style=\"padding-left: 30px;\"><strong>Al mattino<br \/>\nh 8.30\u00a0\u00a0\u00a0 \u00a0<\/strong>S.Messa (riflessione) e Adorazione <em>(fino alle <strong>ore 11.30<\/strong>)<br \/>\n<\/em><strong>h 15.00\u00a0 <\/strong>Ora Media (riflessione) e Adorazione \/Confessioni<\/p>\n<p style=\"padding-left: 30px;\"><strong>Alla sera<\/strong>\u00a0\u00a0<strong>h 18.00\u00a0<\/strong> \u00a0S.Messa e Benedizione Eucaristica (col Predicatore)<\/p>\n<p style=\"padding-left: 30px;\"><em>Saremo giudicati sull\u2019amore<\/em><\/p>\n<p><span style=\"color: #ff0000;\"><strong>DOMENICA 10<\/strong><\/span><\/p>\n<p><strong>In ogni Parrocchia<\/strong>\u00a0\u00a0\u00a0\u00a0\u00a0\u00a0\u00a0 S.Messa con\u00a0 Adorazione e\u00a0 Benedizione Eucaristica<\/p>\n","protected":false},"excerpt":{"rendered":"<p>Eucarestia e Carit\u00e0 Vivremo le prossime GIORNATE EUCARISTICHE\u00a0in Comunit\u00e0 da gioved\u00ec 7 a domenica 10 novembre 2019. Ci accompagner\u00e0 in questo cammino di Adorazione \u2013 Ascolto \u2013 Preghiera padre Massimo Villa (Superiore Provinciale dei Fatebenefratelli). Il tema scelto \u00e8 EUCARESTIA E CARITA\u2019. Programma\u00a0(scarica il volantino PDF) GIOVEDI\u2019 7 In S.M.Ausiliatrice Alla sera\u00a0\u00a0S.Messa (col Predicatore) e [&hellip;]<\/p>\n","protected":false},"author":2,"featured_media":0,"comment_status":"closed","ping_status":"open","sticky":false,"template":"","format":"standard","meta":{"footnotes":""},"categories":[23],"tags":[],"class_list":{"0":"post-11478","1":"post","2":"type-post","3":"status-publish","4":"format-standard","6":"category-avvisi"},"_links":{"self":[{"href":"https:\/\/comunitapastoralecassina.org\/ver2\/wp-json\/wp\/v2\/posts\/11478","targetHints":{"allow":["GET"]}}],"collection":[{"href":"https:\/\/comunitapastoralecassina.org\/ver2\/wp-json\/wp\/v2\/posts"}],"about":[{"href":"https:\/\/comunitapastoralecassina.org\/ver2\/wp-json\/wp\/v2\/types\/post"}],"author":[{"embeddable":true,"href":"https:\/\/comunitapastoralecassina.org\/ver2\/wp-json\/wp\/v2\/users\/2"}],"replies":[{"embeddable":true,"href":"https:\/\/comunitapastoralecassina.org\/ver2\/wp-json\/wp\/v2\/comments?post=11478"}],"version-history":[{"count":7,"href":"https:\/\/comunitapastoralecassina.org\/ver2\/wp-json\/wp\/v2\/posts\/11478\/revisions"}],"predecessor-version":[{"id":11503,"href":"https:\/\/comunitapastoralecassina.org\/ver2\/wp-json\/wp\/v2\/posts\/11478\/revisions\/11503"}],"wp:attachment":[{"href":"https:\/\/comunitapastoralecassina.org\/ver2\/wp-json\/wp\/v2\/media?parent=11478"}],"wp:term":[{"taxonomy":"category","embeddable":true,"href":"https:\/\/comunitapastoralecassina.org\/ver2\/wp-json\/wp\/v2\/categories?post=11478"},{"taxonomy":"post_tag","embeddable":true,"href":"https:\/\/comunitapastoralecassina.org\/ver2\/wp-json\/wp\/v2\/tags?post=11478"}],"curies":[{"name":"wp","href":"https:\/\/api.w.org\/{rel}","templated":true}]}}