{"id":13190,"date":"2020-05-29T14:11:00","date_gmt":"2020-05-29T12:11:00","guid":{"rendered":"http:\/\/comunitapastoralecassina.org\/ver2\/?p=13190"},"modified":"2020-10-27T11:09:40","modified_gmt":"2020-10-27T10:09:40","slug":"maggio-insieme-in-preghiera-alla-madonna","status":"publish","type":"post","link":"https:\/\/comunitapastoralecassina.org\/ver2\/2020\/05\/maggio-insieme-in-preghiera-alla-madonna\/","title":{"rendered":"Maggio insieme in preghiera alla Madonna &#8211; prossimi appuntamenti 29 &#8211; 31 maggio"},"content":{"rendered":"\n<h2 class=\"has-text-align-center wp-block-heading\"><strong><em>&#8220;Riscoprire la bellezza di pregare il Rosario a casa nel mese di maggio&#8221;<\/em><\/strong><\/h2>\n\n\n\n<p class=\"has-text-align-right\">Pa<em>pa Francesco<\/em><\/p>\n\n\n\n<p style=\"max-width:368px\" class=\"has-background has-text-align-center has-pale-cyan-blue-background-color\"><strong>I Rosari della domenica sera<\/strong><\/p>\n\n\n\n<figure class=\"wp-block-embed-facebook wp-block-embed is-type-video is-provider-facebook\"><div class=\"wp-block-embed__wrapper\">\n<div id=\"fb-root\"><\/div><script async=\"1\" defer=\"1\" crossorigin=\"anonymous\" src=\"https:\/\/connect.facebook.net\/en_US\/sdk.js#xfbml=1&amp;version=v7.0\"><\/script><div class=\"fb-video\" data-href=\"https:\/\/www.facebook.com\/173257769352889\/videos\/690335181757007\/\" data-width=\"696\"><blockquote cite=\"https:\/\/www.facebook.com\/173257769352889\/videos\/690335181757007\/\" class=\"fb-xfbml-parse-ignore\"><a href=\"https:\/\/www.facebook.com\/173257769352889\/videos\/690335181757007\/\">Rosario 31 maggio 2020<\/a><p><\/p>Posted by <a href=\"https:\/\/www.facebook.com\/Comunit&#xe0;-Pastorale-Maria-Madre-della-Chiesa-di-Cassina-de-Pecchi-173257769352889\/\">Comunit\u00e0 Pastorale Maria Madre della Chiesa di Cassina de&#039; Pecchi<\/a> on Sunday, May 31, 2020<\/blockquote><\/div>\n<\/div><\/figure>\n\n\n\n<p style=\"max-width:470px;margin-top:0px;margin-bottom:0px\" class=\"has-background has-text-align-center has-pale-cyan-blue-background-color\"><strong>I Rosari in famiglia del venerd\u00ec sera<\/strong><\/p>\n\n\n\n<figure class=\"wp-block-embed-youtube wp-block-embed is-type-video is-provider-youtube wp-embed-aspect-16-9 wp-has-aspect-ratio\"><div class=\"wp-block-embed__wrapper\">\n<div class=\"youtube-embed\" data-video_id=\"\"><iframe loading=\"lazy\" title=\"ROSARIO IN FAMIGLIA 2020\" width=\"696\" height=\"392\" src=\"https:\/\/www.youtube.com\/embed\/videoseries?list=PLIsnWMsGFlaz9VuDzPa-4FrPSGBlBTCKy&#038;enablejsapi=1\" frameborder=\"0\" allow=\"accelerometer; autoplay; encrypted-media; gyroscope; picture-in-picture\" allowfullscreen><\/iframe><\/div>\n<\/div><\/figure>\n\n\n\n<figure class=\"wp-block-image size-large is-resized\"><img loading=\"lazy\" decoding=\"async\" src=\"http:\/\/comunitapastoralecassina.org\/ver2\/wp-content\/uploads\/rosario31maggio-732x1024.jpeg\" alt=\"\" class=\"wp-image-13409\" width=\"401\" height=\"561\" srcset=\"https:\/\/comunitapastoralecassina.org\/ver2\/wp-content\/uploads\/rosario31maggio-732x1024.jpeg 732w, https:\/\/comunitapastoralecassina.org\/ver2\/wp-content\/uploads\/rosario31maggio-214x300.jpeg 214w, https:\/\/comunitapastoralecassina.org\/ver2\/wp-content\/uploads\/rosario31maggio-768x1075.jpeg 768w, https:\/\/comunitapastoralecassina.org\/ver2\/wp-content\/uploads\/rosario31maggio-1097x1536.jpeg 1097w, https:\/\/comunitapastoralecassina.org\/ver2\/wp-content\/uploads\/rosario31maggio-696x974.jpeg 696w, https:\/\/comunitapastoralecassina.org\/ver2\/wp-content\/uploads\/rosario31maggio-1068x1495.jpeg 1068w, https:\/\/comunitapastoralecassina.org\/ver2\/wp-content\/uploads\/rosario31maggio-300x420.jpeg 300w, https:\/\/comunitapastoralecassina.org\/ver2\/wp-content\/uploads\/rosario31maggio.jpeg 1143w\" sizes=\"auto, (max-width: 401px) 100vw, 401px\" \/><\/figure>\n\n\n\n<p>In questa pagina troverete tutti gli appunti del mese per la Comunit\u00e0, tutte le dirette e le registrazioni degli eventi<\/p>\n\n\n\n<p><strong>Attenzione<\/strong> <strong>&#8211; Per i video delle dirette e le registrazioni:<\/strong> se vedi un rettangolo nero con scritto <em>Unavailable<\/em>, clicca su <em>Watch on Facebook<\/em>. Se vedi un rettangolo grigio con un titolo e il collegamento alla pagina Fecebook della comunit\u00e0, <em>clicca sul titolo<\/em><\/p>\n\n\n\n<p> <\/p>\n\n\n\n<p><strong>Attenzione<\/strong>: se vedi una finestra grigia \u00e8 perch\u00e9 il video non \u00e8 ancora on-line<\/p>\n\n\n\n<p><\/p>\n\n\n\n<div class=\"wp-block-file alignright\"><a href=\"http:\/\/comunitapastoralecassina.org\/ver2\/wp-content\/uploads\/volantino-maggio.pdf\"><strong>Scarica il volantino<\/strong><\/a><a href=\"http:\/\/comunitapastoralecassina.org\/ver2\/wp-content\/uploads\/volantino-maggio.pdf\" class=\"wp-block-file__button\" download>Download<\/a><\/div>\n\n\n\n<div class=\"wp-block-media-text alignwide has-media-on-the-right is-stacked-on-mobile is-vertically-aligned-top\"><figure class=\"wp-block-media-text__media\"><img loading=\"lazy\" decoding=\"async\" width=\"721\" height=\"1024\" src=\"http:\/\/comunitapastoralecassina.org\/ver2\/wp-content\/uploads\/insieme-maggio-721x1024.jpeg\" alt=\"\" class=\"wp-image-13192\" srcset=\"https:\/\/comunitapastoralecassina.org\/ver2\/wp-content\/uploads\/insieme-maggio-721x1024.jpeg 721w, https:\/\/comunitapastoralecassina.org\/ver2\/wp-content\/uploads\/insieme-maggio-211x300.jpeg 211w, https:\/\/comunitapastoralecassina.org\/ver2\/wp-content\/uploads\/insieme-maggio-768x1091.jpeg 768w, https:\/\/comunitapastoralecassina.org\/ver2\/wp-content\/uploads\/insieme-maggio-1081x1536.jpeg 1081w, https:\/\/comunitapastoralecassina.org\/ver2\/wp-content\/uploads\/insieme-maggio-696x989.jpeg 696w, https:\/\/comunitapastoralecassina.org\/ver2\/wp-content\/uploads\/insieme-maggio-1068x1518.jpeg 1068w, https:\/\/comunitapastoralecassina.org\/ver2\/wp-content\/uploads\/insieme-maggio-296x420.jpeg 296w, https:\/\/comunitapastoralecassina.org\/ver2\/wp-content\/uploads\/insieme-maggio.jpeg 1126w\" sizes=\"auto, (max-width: 721px) 100vw, 721px\" \/><\/figure><div class=\"wp-block-media-text__content\">\n<h2 class=\"has-text-align-center wp-block-heading\"><strong><span class=\"has-inline-color has-vivid-cyan-blue-color\">S.ROSARIO 2020<\/span><\/strong><\/h2>\n\n\n\n<h3 class=\"wp-block-heading\"><em>Ogni Domenica ore 21.00<\/em><\/h3>\n\n\n\n<div class=\"wp-block-group\"><div class=\"wp-block-group__inner-container is-layout-flow wp-block-group-is-layout-flow\">\n<p><strong>Diaconia<\/strong> in alcuni luoghi della Comunit\u00e0 Pastorale \u2013 <em>diretta streamming<\/em><\/p>\n\n\n\n<ul class=\"wp-block-list\"><li><em><strong>3 maggio:<\/strong> Chiesa di Sant\u2019Agata V.M. (Altare della Madonna)<\/em><\/li><li><strong>10 maggio:<\/strong><em> Grotta della Madonna (Giardino Parrocchia S.M.Ausiliatrice)<\/em><\/li><li><strong>17 maggio:<\/strong><em> Chiesa di Nativit\u00e0 di M.V. (Altare della Madonna)<\/em><\/li><li><strong>24 maggio:<\/strong><em> P.za De Gasperi con la Statua Ausiliatrice (Festa)<\/em><\/li><li><strong>31 maggio:<\/strong><em> Giardino Scuola parrocchiale Don Verderio alla grotta della Madonna voluta da Monsignor Bruno Magnani <\/em><\/li><\/ul>\n<\/div><\/div>\n\n\n\n<p><\/p>\n<\/div><\/div>\n\n\n\n<h3 class=\"wp-block-heading\"><em>Ogni mercoled\u00ec ore 21.00<\/em> (6 \u2013 13 \u2013 20 \u2013 27 maggio)<\/h3>\n\n\n\n<p style=\"max-width:391px\">In un <strong>Santuario italiano<\/strong> \u2013 <em>TV 2000 (Canale 28)<\/em><\/p>\n\n\n\n<h3 class=\"wp-block-heading\"><em>Ogni venerd\u00ec ore 21.00<\/em> (8 \u2013 15 \u2013 22 \u2013 29 maggio)<\/h3>\n\n\n\n<p style=\"max-width:391px\">In una <strong>famiglia <\/strong>della Comunit\u00e0 \u2013 <em>diretta streamming<\/em><\/p>\n\n\n\n<h3 class=\"wp-block-heading\">Alt<em>ri appuntamenti<\/em><\/h3>\n\n\n\n<ul class=\"wp-block-list\"><li><strong>SUPPLICA MADONNA POMPEI<\/strong>: venerd\u00ec 8 maggio, ore 12.00<\/li><li><strong>LECTIO<\/strong>: gioved\u00ec 14 maggio, 21.00<\/li><li><strong>ASCENSIONE<\/strong>: gioved\u00ec 21 maggio, ore 21.00 S.Messa<\/li><\/ul>\n","protected":false},"excerpt":{"rendered":"<p>&#8220;Riscoprire la bellezza di pregare il Rosario a casa nel mese di maggio&#8221; Papa Francesco I Rosari della domenica sera I Rosari in famiglia del venerd\u00ec sera In questa pagina troverete tutti gli appunti del mese per la Comunit\u00e0, tutte le dirette e le registrazioni degli eventi Attenzione &#8211; Per i video delle dirette e [&hellip;]<\/p>\n","protected":false},"author":2,"featured_media":13193,"comment_status":"closed","ping_status":"open","sticky":false,"template":"","format":"standard","meta":{"footnotes":""},"categories":[23],"tags":[],"class_list":{"0":"post-13190","1":"post","2":"type-post","3":"status-publish","4":"format-standard","5":"has-post-thumbnail","7":"category-avvisi"},"_links":{"self":[{"href":"https:\/\/comunitapastoralecassina.org\/ver2\/wp-json\/wp\/v2\/posts\/13190","targetHints":{"allow":["GET"]}}],"collection":[{"href":"https:\/\/comunitapastoralecassina.org\/ver2\/wp-json\/wp\/v2\/posts"}],"about":[{"href":"https:\/\/comunitapastoralecassina.org\/ver2\/wp-json\/wp\/v2\/types\/post"}],"author":[{"embeddable":true,"href":"https:\/\/comunitapastoralecassina.org\/ver2\/wp-json\/wp\/v2\/users\/2"}],"replies":[{"embeddable":true,"href":"https:\/\/comunitapastoralecassina.org\/ver2\/wp-json\/wp\/v2\/comments?post=13190"}],"version-history":[{"count":48,"href":"https:\/\/comunitapastoralecassina.org\/ver2\/wp-json\/wp\/v2\/posts\/13190\/revisions"}],"predecessor-version":[{"id":13475,"href":"https:\/\/comunitapastoralecassina.org\/ver2\/wp-json\/wp\/v2\/posts\/13190\/revisions\/13475"}],"wp:featuredmedia":[{"embeddable":true,"href":"https:\/\/comunitapastoralecassina.org\/ver2\/wp-json\/wp\/v2\/media\/13193"}],"wp:attachment":[{"href":"https:\/\/comunitapastoralecassina.org\/ver2\/wp-json\/wp\/v2\/media?parent=13190"}],"wp:term":[{"taxonomy":"category","embeddable":true,"href":"https:\/\/comunitapastoralecassina.org\/ver2\/wp-json\/wp\/v2\/categories?post=13190"},{"taxonomy":"post_tag","embeddable":true,"href":"https:\/\/comunitapastoralecassina.org\/ver2\/wp-json\/wp\/v2\/tags?post=13190"}],"curies":[{"name":"wp","href":"https:\/\/api.w.org\/{rel}","templated":true}]}}