{"id":13326,"date":"2020-05-23T10:45:00","date_gmt":"2020-05-23T08:45:00","guid":{"rendered":"http:\/\/comunitapastoralecassina.org\/ver2\/?p=13326"},"modified":"2020-05-28T09:31:28","modified_gmt":"2020-05-28T07:31:28","slug":"maria-ausiliatrice-grazie","status":"publish","type":"post","link":"https:\/\/comunitapastoralecassina.org\/ver2\/2020\/05\/maria-ausiliatrice-grazie\/","title":{"rendered":"Maria Ausiliatrice, grazie!"},"content":{"rendered":"\n<p><strong>Q<\/strong>uella di quest\u2019anno sar\u00e0 una <span class=\"has-inline-color has-vivid-cyan-blue-color\">Festa della Madonna Ausiliatrice<\/span> <em>\u201csotto tono\u201d<\/em>?<\/p>\n\n\n\n<p><em>E\u2019 vero<\/em> non potremo trovarci all\u2019Oratorio per i giochi, gli stand, la musica, la deliziosa cucina, il Bar in piazza, la Paninoteca dei nostri Giovani con i favolosi Spritz\u2026<\/p>\n\n\n\n<p><em>E\u2019 vero<\/em> non potremo sostenere le opere parrocchiali con la curatissima Pesca di Beneficenza e l\u2019immancabile estrazione della Lotteria\u2026<\/p>\n\n\n\n<p><em>E\u2019 vero<\/em> non gusteremo i famosissimi bomboloni e il delizioso zucchero filato e le accattivanti caramelle di ogni qualit\u00e0\u2026<\/p>\n\n\n\n<p><em>E\u2019 vero<\/em> non potremo scambiare qualche chiacchiera e condividere informazioni allo Stand del Gruppo Missionario, della Croce Bianca, del Gruppo Teatrale in Cammino, di Raggio di Luce, dell\u2019ASDS Arcobaleno\u2026 e di mille altri Gruppi e Associazioni preziosi nella nostra Comunit\u00e0.<\/p>\n\n\n\n<p><em><span class=\"has-inline-color has-vivid-cyan-blue-color\">E\u2019 vero! Ma sapete?&nbsp;&nbsp;&nbsp;&nbsp;<\/span>&nbsp;&nbsp;&nbsp;&nbsp;&nbsp;&nbsp;&nbsp;&nbsp;&nbsp;&nbsp;&nbsp;&nbsp;&nbsp;&nbsp;<\/em><\/p>\n\n\n\n<p>Sar\u00e0 il <strong><span class=\"has-inline-color has-vivid-cyan-blue-color\">primo giorno di festa<\/span><\/strong> dove potremo ritornare alla S.Messa dopo mesi e mesi.<\/p>\n\n\n\n<p>S\u00ec, ci saranno delle attenzioni <em>(giustamente)<\/em> da osservare, ma ritorneremo nella nostra Chiesa a<span class=\"has-inline-color has-vivid-cyan-blue-color\"> <strong>celebrare insieme l\u2019Eucarestia<\/strong><\/span> e questo <em>\u201cinizio\u201d<\/em> per noi <em>coincide<\/em> con la nostra Festa a Maria.<\/p>\n\n\n\n<p><em><span class=\"has-inline-color has-vivid-cyan-blue-color\">E sapete chi verr\u00e0 in mezzo a noi e \u201cspiritualmente\u201d entrer\u00e0 (grazie alla diretta streaming nostra e per l\u2019occasione anche del Comune) in ogni casa e famiglia della nostra Comunit\u00e0, proprio alla sera della Festa dell\u2019Ausiliatrice?<\/span><\/em><\/p>\n\n\n\n<p>Il nostro <strong><span class=\"has-inline-color has-vivid-cyan-blue-color\">Vescovo Mario<\/span><\/strong>! S\u00ec, l\u2019<em><span class=\"has-inline-color has-vivid-cyan-blue-color\">Arcivescovo di Milano<\/span> <\/em>in persona, domenica prossima, raggiunger\u00e0 alla sera noi preti qui a Cassina, e <span class=\"has-inline-color has-vivid-cyan-blue-color\">guider\u00e0 lui stesso il Santo Rosario davanti alla nostra Statua della Madonna Ausiliatrice e affider\u00e0 la nostra Comunit\u00e0 alla materna protezione di Maria.<\/span><\/p>\n\n\n\n<p>S\u00ec, \u00e8 vero, da una parte forse sar\u00e0 una Festa <em>\u201csotto tono\u201d<\/em>, ma dall\u2019altra sar\u00e0 senz\u2019altro una Festa dell\u2019Ausiliatrice <span class=\"has-inline-color has-vivid-cyan-blue-color\"><strong>carica spiritualmente<\/strong> <\/span>perch\u00e9 riprenderemo ad <em>\u201cabitare\u201d<\/em> la Casa della nostra Comunit\u00e0 e riceveremo in questo nuovo <em>\u201cinizio\u201d<\/em> la visita e la benedizione del nostro Arcivescovo!<\/p>\n\n\n\n<p>Lode a <em>Maria Ausiliatrice<\/em> per queste due \u201cgrazie\u201d che fa a tutti noi<\/p>\n\n\n\n<div class=\"wp-block-columns is-layout-flex wp-container-core-columns-is-layout-9d6595d7 wp-block-columns-is-layout-flex\">\n<div class=\"wp-block-column is-layout-flow wp-block-column-is-layout-flow\">\n<p><span class=\"has-inline-color has-vivid-cyan-blue-color\"><strong>FESTA MADONNA AUSILIATRICE<\/strong><br \/><strong>Patrona di Cassina de\u2019 Pecchi<\/strong><\/span><\/p>\n\n\n\n<p><strong><span class=\"has-inline-color has-vivid-purple-color\">Gioved\u00ec 21 maggio<\/span><\/strong><br \/><strong>Festa dell\u2019Ascensione<\/strong><br \/><em>Oltre alle SS.Messe feriali nelle Parrocchie<\/em><br \/><strong>Ore 21.00<\/strong> in S.M.Ausiliatrice <em>S.Messa per tutti i Catechisti<\/em><\/p>\n\n\n\n<p><strong><span class=\"has-inline-color has-vivid-purple-color\">Venerd\u00ec 22 maggio<\/span><\/strong><br \/><strong>Confessioni<\/strong><br \/><strong>Ore 16.00 \u2013 18.00<\/strong> in S.M.Ausiliatrice<br \/><br \/><strong>S.Rosario con alcune famiglie di 4^ Elementare<\/strong><br \/><strong>Ore 21.00 <\/strong>in diretta streaming<\/p>\n\n\n\n<p><strong><span class=\"has-inline-color has-vivid-purple-color\">Sabato 23 maggio<\/span><\/strong><br \/><strong>Benedizione Autisti e Automobili<\/strong><br \/><strong>Ore 9.00 \u2013 12.00<\/strong> nel parcheggio di S.M.Ausiliatrice<br \/><em>(senza scendere dall\u2019automobile)<\/em><\/p>\n<\/div>\n\n\n\n<div class=\"wp-block-column is-layout-flow wp-block-column-is-layout-flow\">\n<p><strong><span class=\"has-inline-color has-vivid-cyan-blue-color\">SS.MESSE FESTA AUSILIATRICE<\/span><\/strong><br \/><\/p>\n\n\n\n<p><strong><span class=\"has-inline-color has-vivid-purple-color\">Sabato 23 maggio<\/span><\/strong><\/p>\n\n\n\n<ul class=\"wp-block-list\"><li><strong>Ore 18.00 <\/strong>invitiamo i nonni<\/li><li><strong>Ore 20.30 <\/strong>invitiamo gli adulti<\/li><\/ul>\n\n\n\n<p><strong><span class=\"has-inline-color has-vivid-purple-color\">Domenica 24 maggio<\/span><\/strong><\/p>\n\n\n\n<ul class=\"wp-block-list\"><li><strong>Ore 8.00 <\/strong>invitiamo gli adulti<\/li><li><strong>Ore 10.00 <\/strong>invitiamo le famiglie delle Elementari<\/li><li><strong>Ore 11.30 <\/strong>invitiamo le famiglie delle Medie e Adolescenti e Giovani<\/li><li><strong>Ore 17.00 <\/strong>invitiamo i nonni<\/li><li><strong>Ore 18.30 <\/strong>invitiamo gli adulti<\/li><\/ul>\n<\/div>\n<\/div>\n\n\n\n<p class=\"has-text-align-right\"><span class=\"has-inline-color has-vivid-cyan-blue-color\">Don Massimo<\/span><\/p>\n\n\n\n<figure class=\"wp-block-gallery columns-3 is-cropped wp-block-gallery-1 is-layout-flex wp-block-gallery-is-layout-flex\"><ul class=\"blocks-gallery-grid\"><li class=\"blocks-gallery-item\"><figure><a href=\"http:\/\/comunitapastoralecassina.org\/ver2\/wp-content\/uploads\/festamariaausiliatrice.jpeg\"><img loading=\"lazy\" decoding=\"async\" width=\"728\" height=\"1024\" src=\"http:\/\/comunitapastoralecassina.org\/ver2\/wp-content\/uploads\/festamariaausiliatrice-728x1024.jpeg\" alt=\"\" data-id=\"13328\" data-full-url=\"http:\/\/comunitapastoralecassina.org\/ver2\/wp-content\/uploads\/festamariaausiliatrice.jpeg\" data-link=\"http:\/\/comunitapastoralecassina.org\/ver2\/2020\/05\/maria-ausiliatrice-grazie\/festamariaausiliatrice\/\" class=\"wp-image-13328\" srcset=\"https:\/\/comunitapastoralecassina.org\/ver2\/wp-content\/uploads\/festamariaausiliatrice-728x1024.jpeg 728w, https:\/\/comunitapastoralecassina.org\/ver2\/wp-content\/uploads\/festamariaausiliatrice-213x300.jpeg 213w, https:\/\/comunitapastoralecassina.org\/ver2\/wp-content\/uploads\/festamariaausiliatrice-768x1081.jpeg 768w, https:\/\/comunitapastoralecassina.org\/ver2\/wp-content\/uploads\/festamariaausiliatrice-1092x1536.jpeg 1092w, https:\/\/comunitapastoralecassina.org\/ver2\/wp-content\/uploads\/festamariaausiliatrice-696x979.jpeg 696w, https:\/\/comunitapastoralecassina.org\/ver2\/wp-content\/uploads\/festamariaausiliatrice-1068x1503.jpeg 1068w, https:\/\/comunitapastoralecassina.org\/ver2\/wp-content\/uploads\/festamariaausiliatrice-298x420.jpeg 298w, https:\/\/comunitapastoralecassina.org\/ver2\/wp-content\/uploads\/festamariaausiliatrice.jpeg 1137w\" sizes=\"auto, (max-width: 728px) 100vw, 728px\" \/><\/a><\/figure><\/li><li class=\"blocks-gallery-item\"><figure><a href=\"http:\/\/comunitapastoralecassina.org\/ver2\/wp-content\/uploads\/Ascenzione.jpeg\"><img loading=\"lazy\" decoding=\"async\" width=\"733\" height=\"1024\" src=\"http:\/\/comunitapastoralecassina.org\/ver2\/wp-content\/uploads\/Ascenzione-733x1024.jpeg\" alt=\"\" data-id=\"13348\" data-full-url=\"http:\/\/comunitapastoralecassina.org\/ver2\/wp-content\/uploads\/Ascenzione.jpeg\" data-link=\"http:\/\/comunitapastoralecassina.org\/ver2\/2020\/05\/maria-ausiliatrice-grazie\/ascenzione\/\" class=\"wp-image-13348\" srcset=\"https:\/\/comunitapastoralecassina.org\/ver2\/wp-content\/uploads\/Ascenzione-733x1024.jpeg 733w, https:\/\/comunitapastoralecassina.org\/ver2\/wp-content\/uploads\/Ascenzione-215x300.jpeg 215w, https:\/\/comunitapastoralecassina.org\/ver2\/wp-content\/uploads\/Ascenzione-768x1073.jpeg 768w, https:\/\/comunitapastoralecassina.org\/ver2\/wp-content\/uploads\/Ascenzione-1099x1536.jpeg 1099w, https:\/\/comunitapastoralecassina.org\/ver2\/wp-content\/uploads\/Ascenzione-696x973.jpeg 696w, https:\/\/comunitapastoralecassina.org\/ver2\/wp-content\/uploads\/Ascenzione-1068x1492.jpeg 1068w, https:\/\/comunitapastoralecassina.org\/ver2\/wp-content\/uploads\/Ascenzione-301x420.jpeg 301w, https:\/\/comunitapastoralecassina.org\/ver2\/wp-content\/uploads\/Ascenzione.jpeg 1145w\" sizes=\"auto, (max-width: 733px) 100vw, 733px\" \/><\/a><\/figure><\/li><li class=\"blocks-gallery-item\"><figure><a href=\"http:\/\/comunitapastoralecassina.org\/ver2\/wp-content\/uploads\/Auto.jpeg\"><img loading=\"lazy\" decoding=\"async\" width=\"726\" height=\"1024\" src=\"http:\/\/comunitapastoralecassina.org\/ver2\/wp-content\/uploads\/Auto-726x1024.jpeg\" alt=\"\" data-id=\"13349\" data-full-url=\"http:\/\/comunitapastoralecassina.org\/ver2\/wp-content\/uploads\/Auto.jpeg\" data-link=\"http:\/\/comunitapastoralecassina.org\/ver2\/2020\/05\/maria-ausiliatrice-grazie\/auto\/\" class=\"wp-image-13349\" srcset=\"https:\/\/comunitapastoralecassina.org\/ver2\/wp-content\/uploads\/Auto-726x1024.jpeg 726w, https:\/\/comunitapastoralecassina.org\/ver2\/wp-content\/uploads\/Auto-213x300.jpeg 213w, https:\/\/comunitapastoralecassina.org\/ver2\/wp-content\/uploads\/Auto-768x1084.jpeg 768w, https:\/\/comunitapastoralecassina.org\/ver2\/wp-content\/uploads\/Auto-1089x1536.jpeg 1089w, https:\/\/comunitapastoralecassina.org\/ver2\/wp-content\/uploads\/Auto-696x982.jpeg 696w, https:\/\/comunitapastoralecassina.org\/ver2\/wp-content\/uploads\/Auto-1068x1507.jpeg 1068w, https:\/\/comunitapastoralecassina.org\/ver2\/wp-content\/uploads\/Auto-298x420.jpeg 298w, https:\/\/comunitapastoralecassina.org\/ver2\/wp-content\/uploads\/Auto.jpeg 1134w\" sizes=\"auto, (max-width: 726px) 100vw, 726px\" \/><\/a><\/figure><\/li><li class=\"blocks-gallery-item\"><figure><a href=\"http:\/\/comunitapastoralecassina.org\/ver2\/wp-content\/uploads\/Rosario.jpeg\"><img loading=\"lazy\" decoding=\"async\" width=\"744\" height=\"1024\" src=\"http:\/\/comunitapastoralecassina.org\/ver2\/wp-content\/uploads\/Rosario-744x1024.jpeg\" alt=\"\" data-id=\"13350\" data-full-url=\"http:\/\/comunitapastoralecassina.org\/ver2\/wp-content\/uploads\/Rosario.jpeg\" data-link=\"http:\/\/comunitapastoralecassina.org\/ver2\/2020\/05\/maria-ausiliatrice-grazie\/rosario\/\" class=\"wp-image-13350\" srcset=\"https:\/\/comunitapastoralecassina.org\/ver2\/wp-content\/uploads\/Rosario-744x1024.jpeg 744w, https:\/\/comunitapastoralecassina.org\/ver2\/wp-content\/uploads\/Rosario-218x300.jpeg 218w, https:\/\/comunitapastoralecassina.org\/ver2\/wp-content\/uploads\/Rosario-768x1057.jpeg 768w, https:\/\/comunitapastoralecassina.org\/ver2\/wp-content\/uploads\/Rosario-1116x1536.jpeg 1116w, https:\/\/comunitapastoralecassina.org\/ver2\/wp-content\/uploads\/Rosario-696x958.jpeg 696w, https:\/\/comunitapastoralecassina.org\/ver2\/wp-content\/uploads\/Rosario-1068x1469.jpeg 1068w, https:\/\/comunitapastoralecassina.org\/ver2\/wp-content\/uploads\/Rosario-305x420.jpeg 305w, https:\/\/comunitapastoralecassina.org\/ver2\/wp-content\/uploads\/Rosario.jpeg 1163w\" sizes=\"auto, (max-width: 744px) 100vw, 744px\" \/><\/a><\/figure><\/li><li class=\"blocks-gallery-item\"><figure><a href=\"http:\/\/comunitapastoralecassina.org\/ver2\/wp-content\/uploads\/giornata-defunti.jpeg\"><img loading=\"lazy\" decoding=\"async\" width=\"732\" height=\"1024\" src=\"http:\/\/comunitapastoralecassina.org\/ver2\/wp-content\/uploads\/giornata-defunti-732x1024.jpeg\" alt=\"\" data-id=\"13354\" data-full-url=\"http:\/\/comunitapastoralecassina.org\/ver2\/wp-content\/uploads\/giornata-defunti.jpeg\" data-link=\"http:\/\/comunitapastoralecassina.org\/ver2\/2020\/05\/maria-ausiliatrice-grazie\/giornata-defunti\/\" class=\"wp-image-13354\" srcset=\"https:\/\/comunitapastoralecassina.org\/ver2\/wp-content\/uploads\/giornata-defunti-732x1024.jpeg 732w, https:\/\/comunitapastoralecassina.org\/ver2\/wp-content\/uploads\/giornata-defunti-214x300.jpeg 214w, https:\/\/comunitapastoralecassina.org\/ver2\/wp-content\/uploads\/giornata-defunti-768x1075.jpeg 768w, https:\/\/comunitapastoralecassina.org\/ver2\/wp-content\/uploads\/giornata-defunti-1097x1536.jpeg 1097w, https:\/\/comunitapastoralecassina.org\/ver2\/wp-content\/uploads\/giornata-defunti-696x974.jpeg 696w, https:\/\/comunitapastoralecassina.org\/ver2\/wp-content\/uploads\/giornata-defunti-1068x1495.jpeg 1068w, https:\/\/comunitapastoralecassina.org\/ver2\/wp-content\/uploads\/giornata-defunti-300x420.jpeg 300w, https:\/\/comunitapastoralecassina.org\/ver2\/wp-content\/uploads\/giornata-defunti.jpeg 1143w\" sizes=\"auto, (max-width: 732px) 100vw, 732px\" \/><\/a><\/figure><\/li><\/ul><\/figure>\n","protected":false},"excerpt":{"rendered":"<p>Quella di quest\u2019anno sar\u00e0 una Festa della Madonna Ausiliatrice \u201csotto tono\u201d? E\u2019 vero non potremo trovarci all\u2019Oratorio per i giochi, gli stand, la musica, la deliziosa cucina, il Bar in piazza, la Paninoteca dei nostri Giovani con i favolosi Spritz\u2026 E\u2019 vero non potremo sostenere le opere parrocchiali con la curatissima Pesca di Beneficenza e [&hellip;]<\/p>\n","protected":false},"author":2,"featured_media":13344,"comment_status":"closed","ping_status":"open","sticky":false,"template":"","format":"standard","meta":{"footnotes":""},"categories":[23],"tags":[],"class_list":{"0":"post-13326","1":"post","2":"type-post","3":"status-publish","4":"format-standard","5":"has-post-thumbnail","7":"category-avvisi"},"_links":{"self":[{"href":"https:\/\/comunitapastoralecassina.org\/ver2\/wp-json\/wp\/v2\/posts\/13326","targetHints":{"allow":["GET"]}}],"collection":[{"href":"https:\/\/comunitapastoralecassina.org\/ver2\/wp-json\/wp\/v2\/posts"}],"about":[{"href":"https:\/\/comunitapastoralecassina.org\/ver2\/wp-json\/wp\/v2\/types\/post"}],"author":[{"embeddable":true,"href":"https:\/\/comunitapastoralecassina.org\/ver2\/wp-json\/wp\/v2\/users\/2"}],"replies":[{"embeddable":true,"href":"https:\/\/comunitapastoralecassina.org\/ver2\/wp-json\/wp\/v2\/comments?post=13326"}],"version-history":[{"count":15,"href":"https:\/\/comunitapastoralecassina.org\/ver2\/wp-json\/wp\/v2\/posts\/13326\/revisions"}],"predecessor-version":[{"id":13423,"href":"https:\/\/comunitapastoralecassina.org\/ver2\/wp-json\/wp\/v2\/posts\/13326\/revisions\/13423"}],"wp:featuredmedia":[{"embeddable":true,"href":"https:\/\/comunitapastoralecassina.org\/ver2\/wp-json\/wp\/v2\/media\/13344"}],"wp:attachment":[{"href":"https:\/\/comunitapastoralecassina.org\/ver2\/wp-json\/wp\/v2\/media?parent=13326"}],"wp:term":[{"taxonomy":"category","embeddable":true,"href":"https:\/\/comunitapastoralecassina.org\/ver2\/wp-json\/wp\/v2\/categories?post=13326"},{"taxonomy":"post_tag","embeddable":true,"href":"https:\/\/comunitapastoralecassina.org\/ver2\/wp-json\/wp\/v2\/tags?post=13326"}],"curies":[{"name":"wp","href":"https:\/\/api.w.org\/{rel}","templated":true}]}}