{"id":13433,"date":"2020-05-29T16:47:55","date_gmt":"2020-05-29T14:47:55","guid":{"rendered":"http:\/\/comunitapastoralecassina.org\/ver2\/?p=13433"},"modified":"2020-10-27T11:09:22","modified_gmt":"2020-10-27T10:09:22","slug":"non-sono-venuto-per-fare-discorsi-ma-per-dire-una-preghiera","status":"publish","type":"post","link":"https:\/\/comunitapastoralecassina.org\/ver2\/2020\/05\/non-sono-venuto-per-fare-discorsi-ma-per-dire-una-preghiera\/","title":{"rendered":"\u201cNon sono venuto per fare discorsi, ma per dire una preghiera\u201d"},"content":{"rendered":"\n<div><a href=\"http:\/\/comunitapastoralecassina.org\/ver2\/wp-content\/uploads\/vesovo-mario-1-1.png\" class=\"td-modal-image\"><div class=\"wp-block-image td-caption-align-right\"><figure class=\"alignright size-large is-resized\"><img loading=\"lazy\" decoding=\"async\" src=\"http:\/\/comunitapastoralecassina.org\/ver2\/wp-content\/uploads\/vesovo-mario-1-1.png\" alt=\"\" class=\"wp-image-13434\" width=\"319\" height=\"347\" srcset=\"https:\/\/comunitapastoralecassina.org\/ver2\/wp-content\/uploads\/vesovo-mario-1-1.png 555w, https:\/\/comunitapastoralecassina.org\/ver2\/wp-content\/uploads\/vesovo-mario-1-1-276x300.png 276w, https:\/\/comunitapastoralecassina.org\/ver2\/wp-content\/uploads\/vesovo-mario-1-1-386x420.png 386w\" sizes=\"auto, (max-width: 319px) 100vw, 319px\" \/><\/figure><\/div><\/a><\/div>\n\n\n\n<p><strong>Q<\/strong>ueste foto, che pubblichiamo come Editoriale di questo numero del nostro <em>Insieme<\/em>, dice la nostra riconoscenza e riassume molto bene il senso ed il significato della <em>Festa della Madonna Ausiliatrice <\/em>celebrata quest\u2019anno in un momento particolare.<\/p>\n\n\n\n<p>Il nostro Vescovo \u00e8 venuto a trovarci alla sera della prima domenica di ripresa delle SS.Messe festive con i fedeli <em>(dopo ben 13 domenica di sofferta sospensione)<\/em>.<\/p>\n\n\n\n<p>Il nostro Vescovo \u00e8 venuto a visitarci alla sera della nostra Festa Patronale, in onore di Maria Ausiliatrice, affidando tutta Cassina a Lei in questo nostro <em>\u201cinizio\u201d<\/em>.<\/p>\n\n\n\n<div><a href=\"http:\/\/comunitapastoralecassina.org\/ver2\/wp-content\/uploads\/vesovo-mario-2-1.png\" class=\"td-modal-image\"><div class=\"wp-block-image\"><figure class=\"alignleft size-large is-resized\"><img loading=\"lazy\" decoding=\"async\" src=\"http:\/\/comunitapastoralecassina.org\/ver2\/wp-content\/uploads\/vesovo-mario-2-1.png\" alt=\"\" class=\"wp-image-13440\" width=\"429\" height=\"334\" srcset=\"https:\/\/comunitapastoralecassina.org\/ver2\/wp-content\/uploads\/vesovo-mario-2-1.png 630w, https:\/\/comunitapastoralecassina.org\/ver2\/wp-content\/uploads\/vesovo-mario-2-1-300x233.png 300w, https:\/\/comunitapastoralecassina.org\/ver2\/wp-content\/uploads\/vesovo-mario-2-1-540x420.png 540w\" sizes=\"auto, (max-width: 429px) 100vw, 429px\" \/><\/figure><\/div><\/a><\/div>\n\n\n\n<p>Il nostro Vescovo \u00e8 arrivato nella nostra Comunit\u00e0, alla sera di questa domenica in preparazione alla Pentecoste, come gli apostoli nella prima Comunit\u00e0 Cristiana <em>(dopo l\u2019Ascensione) <\/em>si radunarono in preghiera nel Cenacolo e con loro c\u2019era Maria, la Madre di Ges\u00f9.<\/p>\n\n\n\n<p>Grazie, Arcivescovo Mario!<\/p>\n\n\n\n<p class=\"has-text-align-right\"><strong>Don Massimo<\/strong><strong><\/strong><\/p>\n","protected":false},"excerpt":{"rendered":"<p>Queste foto, che pubblichiamo come Editoriale di questo numero del nostro Insieme, dice la nostra riconoscenza e riassume molto bene il senso ed il significato della Festa della Madonna Ausiliatrice celebrata quest\u2019anno in un momento particolare. Il nostro Vescovo \u00e8 venuto a trovarci alla sera della prima domenica di ripresa delle SS.Messe festive con i [&hellip;]<\/p>\n","protected":false},"author":2,"featured_media":0,"comment_status":"closed","ping_status":"open","sticky":false,"template":"","format":"standard","meta":{"footnotes":""},"categories":[19],"tags":[],"class_list":{"0":"post-13433","1":"post","2":"type-post","3":"status-publish","4":"format-standard","6":"category-prima-pagina"},"_links":{"self":[{"href":"https:\/\/comunitapastoralecassina.org\/ver2\/wp-json\/wp\/v2\/posts\/13433","targetHints":{"allow":["GET"]}}],"collection":[{"href":"https:\/\/comunitapastoralecassina.org\/ver2\/wp-json\/wp\/v2\/posts"}],"about":[{"href":"https:\/\/comunitapastoralecassina.org\/ver2\/wp-json\/wp\/v2\/types\/post"}],"author":[{"embeddable":true,"href":"https:\/\/comunitapastoralecassina.org\/ver2\/wp-json\/wp\/v2\/users\/2"}],"replies":[{"embeddable":true,"href":"https:\/\/comunitapastoralecassina.org\/ver2\/wp-json\/wp\/v2\/comments?post=13433"}],"version-history":[{"count":8,"href":"https:\/\/comunitapastoralecassina.org\/ver2\/wp-json\/wp\/v2\/posts\/13433\/revisions"}],"predecessor-version":[{"id":13443,"href":"https:\/\/comunitapastoralecassina.org\/ver2\/wp-json\/wp\/v2\/posts\/13433\/revisions\/13443"}],"wp:attachment":[{"href":"https:\/\/comunitapastoralecassina.org\/ver2\/wp-json\/wp\/v2\/media?parent=13433"}],"wp:term":[{"taxonomy":"category","embeddable":true,"href":"https:\/\/comunitapastoralecassina.org\/ver2\/wp-json\/wp\/v2\/categories?post=13433"},{"taxonomy":"post_tag","embeddable":true,"href":"https:\/\/comunitapastoralecassina.org\/ver2\/wp-json\/wp\/v2\/tags?post=13433"}],"curies":[{"name":"wp","href":"https:\/\/api.w.org\/{rel}","templated":true}]}}