{"id":13457,"date":"2020-06-05T16:30:00","date_gmt":"2020-06-05T14:30:00","guid":{"rendered":"http:\/\/comunitapastoralecassina.org\/ver2\/?p=13457"},"modified":"2020-08-10T10:01:19","modified_gmt":"2020-08-10T08:01:19","slug":"estate-2020","status":"publish","type":"post","link":"https:\/\/comunitapastoralecassina.org\/ver2\/2020\/06\/estate-2020\/","title":{"rendered":"Aggiornamento estate 2020"},"content":{"rendered":"\n<p>\u201cDon, ma quest\u2019estate&#8230; Citt\u00e0 dei Ragazzi e Campeggio?\u201d<\/p>\n\n\n\n<figure class=\"wp-block-image size-large is-resized\"><img loading=\"lazy\" decoding=\"async\" src=\"http:\/\/comunitapastoralecassina.org\/ver2\/wp-content\/uploads\/CDR-1024x734.jpg\" alt=\"\" class=\"wp-image-13428\" width=\"464\" height=\"332\" srcset=\"https:\/\/comunitapastoralecassina.org\/ver2\/wp-content\/uploads\/CDR-1024x734.jpg 1024w, https:\/\/comunitapastoralecassina.org\/ver2\/wp-content\/uploads\/CDR-300x215.jpg 300w, https:\/\/comunitapastoralecassina.org\/ver2\/wp-content\/uploads\/CDR-768x551.jpg 768w, https:\/\/comunitapastoralecassina.org\/ver2\/wp-content\/uploads\/CDR-696x499.jpg 696w, https:\/\/comunitapastoralecassina.org\/ver2\/wp-content\/uploads\/CDR-1068x766.jpg 1068w, https:\/\/comunitapastoralecassina.org\/ver2\/wp-content\/uploads\/CDR-586x420.jpg 586w, https:\/\/comunitapastoralecassina.org\/ver2\/wp-content\/uploads\/CDR.jpg 1280w\" sizes=\"auto, (max-width: 464px) 100vw, 464px\" \/><\/figure>\n\n\n\n<p>Una settimana fa sono state pubblicate le indicazioni della Regione Lombardia per la possibile riapertura degli oratori in sicurezza. Come avrete letto, sono norme molto precise ed esigenti e ad oggi richiedono tante scelte e attenzioni per essere applicate in modo adeguato.<\/p>\n\n\n\n<p>Abbiamo composto un <strong>gruppo&nbsp; di&nbsp; lavoro&nbsp; <\/strong>con rappresentanti di vari ambiti (catechisti, educatori, giovani, genitori, adulti volontari,&#8230;) <strong>per cercare di capire quali passi fare <\/strong>e cosa possiamo proporre per l\u2019estate che ormai \u00e8 alle porte.<\/p>\n\n\n\n<p>Le condizioni per noi pi\u00f9 limitanti sono la <strong>proporzione tra numero di bambini e maggiorenni <\/strong>e la gestione degli <strong>spazi al chiuso<\/strong>, da garantire in caso di brutto tempo.<\/p>\n\n\n\n<p>C\u2019\u00e8 stato un incontro tra tutte le realt\u00e0 locali e l\u2019amministrazione comunale per un primo dialogo e confronto mercoled\u00ec 3 giugno, mentre gioved\u00ec 4 giugno si \u00e8 tenuto il primo incontro informativo della FOM (organo ufficiale della diocesi,che fornisce le linee guida per gli oratori e la pastorale giovanile).<\/p>\n\n\n\n<p>Come Comunit\u00e0 Pastorale stiamo lavorando per elaborare delle proposte. Comprendiamo pienamente il desiderio di notizie certe, ma ad oggi non possiamo ancora dare informazioni sicure e ufficiali.<\/p>\n\n\n\n<p>Chiediamo a tutti pazienza in questo tempo perch\u00e9 in gioco <strong>non c\u2019\u00e8 solo un bisogno <\/strong>e una vera esigenza, <strong>ma anche un insieme di responsabilit\u00e0 e di norme <\/strong>per la sicurezza che vanno rispettate pienamente per garantire la salute e la serenit\u00e0 di tutti.<\/p>\n\n\n\n<p>Don Massimo e Don Fabio<\/p>\n","protected":false},"excerpt":{"rendered":"<p>\u201cDon, ma quest\u2019estate&#8230; Citt\u00e0 dei Ragazzi e Campeggio?\u201d Una settimana fa sono state pubblicate le indicazioni della Regione Lombardia per la possibile riapertura degli oratori in sicurezza. Come avrete letto, sono norme molto precise ed esigenti e ad oggi richiedono tante scelte e attenzioni per essere applicate in modo adeguato. Abbiamo composto un gruppo&nbsp; di&nbsp; [&hellip;]<\/p>\n","protected":false},"author":2,"featured_media":0,"comment_status":"closed","ping_status":"open","sticky":false,"template":"","format":"standard","meta":{"footnotes":""},"categories":[23],"tags":[],"class_list":{"0":"post-13457","1":"post","2":"type-post","3":"status-publish","4":"format-standard","6":"category-avvisi"},"_links":{"self":[{"href":"https:\/\/comunitapastoralecassina.org\/ver2\/wp-json\/wp\/v2\/posts\/13457","targetHints":{"allow":["GET"]}}],"collection":[{"href":"https:\/\/comunitapastoralecassina.org\/ver2\/wp-json\/wp\/v2\/posts"}],"about":[{"href":"https:\/\/comunitapastoralecassina.org\/ver2\/wp-json\/wp\/v2\/types\/post"}],"author":[{"embeddable":true,"href":"https:\/\/comunitapastoralecassina.org\/ver2\/wp-json\/wp\/v2\/users\/2"}],"replies":[{"embeddable":true,"href":"https:\/\/comunitapastoralecassina.org\/ver2\/wp-json\/wp\/v2\/comments?post=13457"}],"version-history":[{"count":3,"href":"https:\/\/comunitapastoralecassina.org\/ver2\/wp-json\/wp\/v2\/posts\/13457\/revisions"}],"predecessor-version":[{"id":13488,"href":"https:\/\/comunitapastoralecassina.org\/ver2\/wp-json\/wp\/v2\/posts\/13457\/revisions\/13488"}],"wp:attachment":[{"href":"https:\/\/comunitapastoralecassina.org\/ver2\/wp-json\/wp\/v2\/media?parent=13457"}],"wp:term":[{"taxonomy":"category","embeddable":true,"href":"https:\/\/comunitapastoralecassina.org\/ver2\/wp-json\/wp\/v2\/categories?post=13457"},{"taxonomy":"post_tag","embeddable":true,"href":"https:\/\/comunitapastoralecassina.org\/ver2\/wp-json\/wp\/v2\/tags?post=13457"}],"curies":[{"name":"wp","href":"https:\/\/api.w.org\/{rel}","templated":true}]}}