{"id":13568,"date":"2020-06-27T21:17:00","date_gmt":"2020-06-27T19:17:00","guid":{"rendered":"http:\/\/comunitapastoralecassina.org\/ver2\/?p=13568"},"modified":"2020-07-10T15:24:48","modified_gmt":"2020-07-10T13:24:48","slug":"la-caritas-cittadina-comunica","status":"publish","type":"post","link":"https:\/\/comunitapastoralecassina.org\/ver2\/2020\/06\/la-caritas-cittadina-comunica\/","title":{"rendered":"La Caritas Cittadina comunica"},"content":{"rendered":"\n<p>&nbsp;&nbsp;&nbsp;&nbsp;&nbsp;&nbsp;&nbsp;&nbsp; La consuetudine della Caritas cittadina di Cassina de\u2019 Pecchi \u00e8 sempre stata quella di presentare il suo messaggio e il suo consuntivo dell\u2019anno pastorale trascorso in occasione della Giornata Diocesana Caritas, in novembre.<\/p>\n\n\n\n<p>&nbsp;&nbsp;&nbsp;&nbsp;&nbsp;&nbsp;&nbsp;&nbsp; Ma in questa occasione, nella situazione che tutti ci siamo trovati ad affrontare dallo scorso febbraio, coronavirus o Covid 19, desideriamo fare con voi il punto della situazione alla data del 18 giugno in modo che tutti possano rendersi conto che la Caritas di Cassina non si \u00e8 mai fermata e, anzi, ha aumentato i suoi sforzi e interventi nei limiti delle sue possibilit\u00e0.<\/p>\n\n\n\n<p>&nbsp;&nbsp;&nbsp;&nbsp;&nbsp;&nbsp;&nbsp;&nbsp; Ad oggi quindi le cifre sono queste.<\/p>\n\n\n\n<figure class=\"wp-block-table\"><table class=\"has-subtle-pale-blue-background-color has-background\"><thead><tr><th><strong>Entrate<\/strong><\/th><th class=\"has-text-align-right\" data-align=\"right\"><\/th><\/tr><\/thead><tbody><tr><td>Famiglie che aiutano famiglie<\/td><td class=\"has-text-align-right\" data-align=\"right\">\u20ac 10.461,50<\/td><\/tr><tr><td>Famiglie che aiutano famiglie \u2013 attraverso il conto corrente della parrocchia<\/td><td class=\"has-text-align-right\" data-align=\"right\">\u20ac 1.300,00<\/td><\/tr><tr><td>Gruppo teatrale<\/td><td class=\"has-text-align-right\" data-align=\"right\">\u20ac 1.200,00<\/td><\/tr><tr><td>Confraternita del Rosario<\/td><td class=\"has-text-align-right\" data-align=\"right\">\u20ac 400,00<\/td><\/tr><\/tbody><tfoot><tr><td><strong>Totale entrate<\/strong><\/td><td class=\"has-text-align-right\" data-align=\"right\"><strong>\u20ac 13.361,50<\/strong><\/td><\/tr><\/tfoot><\/table><\/figure>\n\n\n\n<figure class=\"wp-block-table\"><table class=\"has-subtle-pale-pink-background-color has-background\"><thead><tr><th><strong>Uscite<\/strong><\/th><th class=\"has-text-align-right\" data-align=\"right\"><\/th><\/tr><\/thead><tbody><tr><td><\/td><td class=\"has-text-align-right\" data-align=\"right\"><strong>&nbsp;<\/strong><\/td><\/tr><tr><td>Bollette<\/td><td class=\"has-text-align-right\" data-align=\"right\">\u20ac 1.135,96<\/td><\/tr><tr><td>Alimenti<\/td><td class=\"has-text-align-right\" data-align=\"right\">\u20ac 2.398,01<\/td><\/tr><tr><td>Contributo affitti<\/td><td class=\"has-text-align-right\" data-align=\"right\">\u20ac 2.030,00<\/td><\/tr><tr><td>Spese mediche<\/td><td class=\"has-text-align-right\" data-align=\"right\">\u20ac 303,45<\/td><\/tr><tr><td>Spese ed interventi vari<\/td><td class=\"has-text-align-right\" data-align=\"right\">\u20ac 5.029,96<\/td><\/tr><tr><td><\/td><td class=\"has-text-align-right\" data-align=\"right\"><\/td><\/tr><\/tbody><tfoot><tr><td><strong>Totale uscite<\/strong><\/td><td class=\"has-text-align-right\" data-align=\"right\"><strong>\u20ac 10.897,38<\/strong><\/td><\/tr><\/tfoot><\/table><\/figure>\n\n\n\n<p>&nbsp;&nbsp;&nbsp;&nbsp;&nbsp;&nbsp;&nbsp;&nbsp; La distribuzione dei pacchi viveri, che si realizza con ci\u00f2 che \u00e8 stato raccolto durante le domeniche di Avvento, \u00e8 non solo continuata ma \u00e8 praticamente raddoppiata, passando dai quaranta pacchi mensili ai quasi cento, tanto che le scorte si sono dovute continuamente implementate (vedi voce \u201cAlimenti\u201d) e ci\u00f2 nonostante sono quasi nuovamente esaurite.<\/p>\n\n\n\n<p>&nbsp;&nbsp;&nbsp;&nbsp;&nbsp;&nbsp;&nbsp;&nbsp; Possiamo ancora notare che siamo sempre in attesa di ricevere quanto gi\u00e0 economicamente deliberato dal Comune, e reso noto, lo scorso 4 aprile in favore di Caritas.<\/p>\n\n\n\n<p>&nbsp;&nbsp;&nbsp;&nbsp;&nbsp;&nbsp;&nbsp;&nbsp; Ringraziamo la comunit\u00e0 per ci\u00f2 che \u00e8 riuscita a fare finora, e siamo per\u00f2 consapevoli che probabilmente nel prossimo futuro raggiungeremo un picco di richieste alle quali cercheremo di far fronte con il vostro aiuto che speriamo si manterr\u00e0 ancora pi\u00f9 generoso.<\/p>\n\n\n\n<p>&nbsp;&nbsp;&nbsp;&nbsp;&nbsp;&nbsp;&nbsp;&nbsp; Sar\u00e0 nostra cura tenervi aggiornati periodicamente sull\u2019andamento e sui cambiamenti della situazione generale e per ci\u00f2 che riguarda l\u2019intervento economico del sociale.<\/p>\n","protected":false},"excerpt":{"rendered":"<p>&nbsp;&nbsp;&nbsp;&nbsp;&nbsp;&nbsp;&nbsp;&nbsp; La consuetudine della Caritas cittadina di Cassina de\u2019 Pecchi \u00e8 sempre stata quella di presentare il suo messaggio e il suo consuntivo dell\u2019anno pastorale trascorso in occasione della Giornata Diocesana Caritas, in novembre. &nbsp;&nbsp;&nbsp;&nbsp;&nbsp;&nbsp;&nbsp;&nbsp; Ma in questa occasione, nella situazione che tutti ci siamo trovati ad affrontare dallo scorso febbraio, coronavirus o Covid 19, [&hellip;]<\/p>\n","protected":false},"author":2,"featured_media":3021,"comment_status":"closed","ping_status":"open","sticky":false,"template":"","format":"standard","meta":{"footnotes":""},"categories":[23,24],"tags":[],"class_list":{"0":"post-13568","1":"post","2":"type-post","3":"status-publish","4":"format-standard","5":"has-post-thumbnail","7":"category-avvisi","8":"category-caritas-cittadina"},"_links":{"self":[{"href":"https:\/\/comunitapastoralecassina.org\/ver2\/wp-json\/wp\/v2\/posts\/13568","targetHints":{"allow":["GET"]}}],"collection":[{"href":"https:\/\/comunitapastoralecassina.org\/ver2\/wp-json\/wp\/v2\/posts"}],"about":[{"href":"https:\/\/comunitapastoralecassina.org\/ver2\/wp-json\/wp\/v2\/types\/post"}],"author":[{"embeddable":true,"href":"https:\/\/comunitapastoralecassina.org\/ver2\/wp-json\/wp\/v2\/users\/2"}],"replies":[{"embeddable":true,"href":"https:\/\/comunitapastoralecassina.org\/ver2\/wp-json\/wp\/v2\/comments?post=13568"}],"version-history":[{"count":1,"href":"https:\/\/comunitapastoralecassina.org\/ver2\/wp-json\/wp\/v2\/posts\/13568\/revisions"}],"predecessor-version":[{"id":13569,"href":"https:\/\/comunitapastoralecassina.org\/ver2\/wp-json\/wp\/v2\/posts\/13568\/revisions\/13569"}],"wp:featuredmedia":[{"embeddable":true,"href":"https:\/\/comunitapastoralecassina.org\/ver2\/wp-json\/wp\/v2\/media\/3021"}],"wp:attachment":[{"href":"https:\/\/comunitapastoralecassina.org\/ver2\/wp-json\/wp\/v2\/media?parent=13568"}],"wp:term":[{"taxonomy":"category","embeddable":true,"href":"https:\/\/comunitapastoralecassina.org\/ver2\/wp-json\/wp\/v2\/categories?post=13568"},{"taxonomy":"post_tag","embeddable":true,"href":"https:\/\/comunitapastoralecassina.org\/ver2\/wp-json\/wp\/v2\/tags?post=13568"}],"curies":[{"name":"wp","href":"https:\/\/api.w.org\/{rel}","templated":true}]}}