{"id":13602,"date":"2020-07-03T16:37:02","date_gmt":"2020-07-03T14:37:02","guid":{"rendered":"http:\/\/comunitapastoralecassina.org\/ver2\/?p=13602"},"modified":"2020-07-03T16:37:04","modified_gmt":"2020-07-03T14:37:04","slug":"avremo-22-nuovi-preti","status":"publish","type":"post","link":"https:\/\/comunitapastoralecassina.org\/ver2\/2020\/07\/avremo-22-nuovi-preti\/","title":{"rendered":"Avremo 22 nuovi preti"},"content":{"rendered":"\n<div><a href=\"http:\/\/comunitapastoralecassina.org\/ver2\/wp-content\/uploads\/donmicheleevescovo.png\" class=\"td-modal-image\"><div class=\"wp-block-image\"><figure class=\"alignright size-large is-resized\"><img loading=\"lazy\" decoding=\"async\" src=\"http:\/\/comunitapastoralecassina.org\/ver2\/wp-content\/uploads\/donmicheleevescovo.png\" alt=\"\" class=\"wp-image-13603\" width=\"261\" height=\"192\" srcset=\"https:\/\/comunitapastoralecassina.org\/ver2\/wp-content\/uploads\/donmicheleevescovo.png 522w, https:\/\/comunitapastoralecassina.org\/ver2\/wp-content\/uploads\/donmicheleevescovo-300x221.png 300w, https:\/\/comunitapastoralecassina.org\/ver2\/wp-content\/uploads\/donmicheleevescovo-80x60.png 80w\" sizes=\"auto, (max-width: 261px) 100vw, 261px\" \/><\/figure><\/div><\/a><\/div>\n\n\n\n<p><strong>D<\/strong><em>on Michele, Rettore del Seminario, in una intervista apparsa sul Sito della nostra Diocesi, sottolinea il significato delle destinazioni quest\u2019anno comunicate ai diaconi transeunti prima della loro ordinazione. E racconta i mesi di lockdown, \u00abche loro hanno vissuto mettendosi a servizio della comunit\u00e0 del Quadriennio\u00bb<\/em><\/p>\n\n\n\n<p>Sono stati mesi molto difficili, a causa della pandemia, quelli che hanno vissuto anche tutti coloro che formano la realt\u00e0 del Seminario: i formatori, i docenti, gli educatori, e, soprattutto, i giovani che si preparano per il presbiterato e che sono la parte pi\u00f9 importante del Seminario. Tra loro, ovviamente, i diaconi transeunti che dovevano diventare i preti lo scorso 13 giugno e che verranno ordinati in Duomo dall\u2019Arcivescovo il prossimo 5 settembre. Ventidue futuri presbiteri ambrosiani ai quali il rettore, monsignor Michele Di Tolve, esprime, anzitutto, il suo ringraziamento:<\/p>\n\n\n\n<p>\u00abI diaconi hanno vissuto la stessa situazione degli altri seminaristi. Fino a un certo momento eravamo divisi in 4 comunit\u00e0; poi \u2013 quando \u00e8 scattato un <em>lockdown <\/em>ancora pi\u00f9 rigido, dopo che i primi tamponi hanno rilevato<\/p>\n\n\n\n<p>alcuni positivi al Covid -, siamo rimasti chiusi nelle nostre camere\u00bb.<\/p>\n\n\n\n<p><strong>Per loro, che avevano immaginato certamente di trascorrere in modo diverso gli ultimi mesi in Seminario, \u00e8 stato particolarmente complesso vivere l\u2019isolamento? <\/strong>S\u00ec, ma hanno chiesto subito la possibilit\u00e0 di mettersi a servizio della comunit\u00e0 del Quadriennio \u2013 appartenendo a questo gruppo \u2013 e, quindi, si sono occupati tutti i giorni delle mense. Hanno detto: \u00abVogliamo vivere da diaconi questo momento\u00bb e noi li abbiamo ringraziati infinitamente perch\u00e9 hanno servito per un mese e mezzo, quotidianamente, la colazione, il pranzo e la cena, preparati per ogni persona in contenitori sigillati distribuiti appunto dai diaconi, che lasciavano fuori dalla porta di ogni camera il cibo per i loro fratelli. \u00c8 stato un segno molto bello della volont\u00e0 di vivere secondo la vocazione di diaconi in cammino verso il presbiterato: hanno pensato alla comunit\u00e0 pi\u00f9 che a loro stessi.<\/p>\n\n\n\n<p><strong>In ogni caso non si \u00e8 mai interrotto l\u2019aspetto formativo, con gli esami e gli ultimi passi verso l\u2019ordinazione\u2026 <\/strong>Senza dubbio. Anche i diaconi hanno partecipato alle riunioni tramite piattaforma digitale e, cos\u00ec, hanno anche sostenuto gli esami. Tra questi, il pi\u00f9 impegnativo \u00e8 stato quello di sintesi di Morale, che abilita a esercitare il Sacramento della Riconciliazione e che \u00e8 gestito dalla Curia arcivescovile.<\/p>\n\n\n\n<p><strong>Sono stati tutti ammessi? <\/strong>S\u00ec, tutti hanno completato l\u2019<em>iter <\/em>scolastico e formativo che \u00e8 stato, in questo periodo, molto difficile, come per tutti, ma vissuto con grande fede e con impegno. Non siamo stati sicuramente dei privilegiati.<\/p>\n\n\n\n<figure class=\"wp-block-image size-large\"><img loading=\"lazy\" decoding=\"async\" width=\"800\" height=\"448\" src=\"http:\/\/comunitapastoralecassina.org\/ver2\/wp-content\/uploads\/Preti-1.jpg\" alt=\"\" class=\"wp-image-13604\" srcset=\"https:\/\/comunitapastoralecassina.org\/ver2\/wp-content\/uploads\/Preti-1.jpg 800w, https:\/\/comunitapastoralecassina.org\/ver2\/wp-content\/uploads\/Preti-1-300x168.jpg 300w, https:\/\/comunitapastoralecassina.org\/ver2\/wp-content\/uploads\/Preti-1-768x430.jpg 768w, https:\/\/comunitapastoralecassina.org\/ver2\/wp-content\/uploads\/Preti-1-696x390.jpg 696w, https:\/\/comunitapastoralecassina.org\/ver2\/wp-content\/uploads\/Preti-1-750x420.jpg 750w\" sizes=\"auto, (max-width: 800px) 100vw, 800px\" \/><\/figure>\n\n\n\n<p><strong>Sabato 27 giugno un atto probabilmente mai accaduto prima: a questi diaconi transeunti 2020 sono state comunicate le destinazioni prima dell\u2019ordinazione. Perch\u00e9 questa scelta? <\/strong>Via via che venivano effettuati i tamponi, chi era dichiarato negativo tornava a casa. Anche i diaconi hanno fatto un periodo di quarantena nelle loro abitazioni o nelle parrocchie di destinazione diaconale, appena c\u2019\u00e8 stata la possibilit\u00e0 di ripresa dell\u2019Eucaristia. Quindi i futuri preti si trovavano gi\u00e0, dalle scorse settimane, nelle comunit\u00e0 di destinazione diaconale, in attesa di quella comunicata sabato dall\u2019Arcivescovo, che \u00e8 la prima destinazione, cio\u00e8 continuer\u00e0 da presbiteri. Infatti questo \u00e8 il primo gruppo per il quale vengono distinte le due destinazioni. Dovevano ricevere la destinazione da preti il 27 giugno e abbiamo deciso di mantenere questa data simbolica.<\/p>\n\n\n\n<p><strong>Sar\u00e0 un\u2019esperienza, se letta nella giusta prospettiva positiva, arricchente? <\/strong>Soprattutto impareranno a conoscere la realt\u00e0 a cui sono stati inviati. Potremmo definirlo un tempo di avvicinamento alla comunit\u00e0. Molti di loro avranno una collaborazione pi\u00f9 diretta con i fedeli laici e il vicario di Pastorale giovanile che al 1 settembre partir\u00e0 per un\u2019altra destinazione: si affiancheranno e, come ho detto, impareranno. Altri, invece, con i parroci, gli altri presbiteri, i fedeli laici vivranno comunque questo momento di conoscenza della comunit\u00e0. A motivo del Covid, l\u2019Arcivescovo con i Vicari episcopali di Zona ha deciso di non prevedere molti trasferimenti riguardanti i vicari di Pastorale giovanile, per cui circa la met\u00e0 dei candidati al presbiterato rimarr\u00e0 l\u00e0 dove ha vissuto il tempo del diaconato transeunte.<\/p>\n\n\n\n<p class=\"has-text-align-right\"><strong>Intervista presa dal Sito della nostra Diocesi<\/strong><\/p>\n","protected":false},"excerpt":{"rendered":"<p>Don Michele, Rettore del Seminario, in una intervista apparsa sul Sito della nostra Diocesi, sottolinea il significato delle destinazioni quest\u2019anno comunicate ai diaconi transeunti prima della loro ordinazione. E racconta i mesi di lockdown, \u00abche loro hanno vissuto mettendosi a servizio della comunit\u00e0 del Quadriennio\u00bb Sono stati mesi molto difficili, a causa della pandemia, quelli [&hellip;]<\/p>\n","protected":false},"author":2,"featured_media":0,"comment_status":"closed","ping_status":"open","sticky":false,"template":"","format":"standard","meta":{"footnotes":""},"categories":[19],"tags":[],"class_list":{"0":"post-13602","1":"post","2":"type-post","3":"status-publish","4":"format-standard","6":"category-prima-pagina"},"_links":{"self":[{"href":"https:\/\/comunitapastoralecassina.org\/ver2\/wp-json\/wp\/v2\/posts\/13602","targetHints":{"allow":["GET"]}}],"collection":[{"href":"https:\/\/comunitapastoralecassina.org\/ver2\/wp-json\/wp\/v2\/posts"}],"about":[{"href":"https:\/\/comunitapastoralecassina.org\/ver2\/wp-json\/wp\/v2\/types\/post"}],"author":[{"embeddable":true,"href":"https:\/\/comunitapastoralecassina.org\/ver2\/wp-json\/wp\/v2\/users\/2"}],"replies":[{"embeddable":true,"href":"https:\/\/comunitapastoralecassina.org\/ver2\/wp-json\/wp\/v2\/comments?post=13602"}],"version-history":[{"count":1,"href":"https:\/\/comunitapastoralecassina.org\/ver2\/wp-json\/wp\/v2\/posts\/13602\/revisions"}],"predecessor-version":[{"id":13605,"href":"https:\/\/comunitapastoralecassina.org\/ver2\/wp-json\/wp\/v2\/posts\/13602\/revisions\/13605"}],"wp:attachment":[{"href":"https:\/\/comunitapastoralecassina.org\/ver2\/wp-json\/wp\/v2\/media?parent=13602"}],"wp:term":[{"taxonomy":"category","embeddable":true,"href":"https:\/\/comunitapastoralecassina.org\/ver2\/wp-json\/wp\/v2\/categories?post=13602"},{"taxonomy":"post_tag","embeddable":true,"href":"https:\/\/comunitapastoralecassina.org\/ver2\/wp-json\/wp\/v2\/tags?post=13602"}],"curies":[{"name":"wp","href":"https:\/\/api.w.org\/{rel}","templated":true}]}}