{"id":13606,"date":"2020-07-03T16:40:21","date_gmt":"2020-07-03T14:40:21","guid":{"rendered":"http:\/\/comunitapastoralecassina.org\/ver2\/?p=13606"},"modified":"2020-07-03T16:40:23","modified_gmt":"2020-07-03T14:40:23","slug":"il-neo-vescovo-cernuschese","status":"publish","type":"post","link":"https:\/\/comunitapastoralecassina.org\/ver2\/2020\/07\/il-neo-vescovo-cernuschese\/","title":{"rendered":"Il neo vescovo cernuschese"},"content":{"rendered":"\n<p>Domenica scorsa in Duomo, il nostro Arcivescovo Mario (su mandato di Papa Francesco) ha ordinato due nuovi vescovi ausiliari della nostra Arcidiocesi. Uno di loro (nella foto, a sinistra, quello pi\u00f9 giovane) \u00e8 <strong>don Luca Raimondi <\/strong>che, oltre ad essere stato Parroco di don Bangaly, \u00e8 nativo di Cernusco S\/N.<\/p>\n\n\n\n<p>Vi annunciamo che <strong>Sua Ecc.za Mons. Luca Raimondi<\/strong>, <strong>domenica 9 agosto, <\/strong>al mattino, ci far\u00e0 dono della sua presenza a Sant\u2019Agata per onorare San Fermo. Avremo modo di fargli gli auguri e di ricevere la primizia della sua benedizione episcopale.<\/p>\n","protected":false},"excerpt":{"rendered":"<p>Domenica scorsa in Duomo, il nostro Arcivescovo Mario (su mandato di Papa Francesco) ha ordinato due nuovi vescovi ausiliari della nostra Arcidiocesi. Uno di loro (nella foto, a sinistra, quello pi\u00f9 giovane) \u00e8 don Luca Raimondi che, oltre ad essere stato Parroco di don Bangaly, \u00e8 nativo di Cernusco S\/N. Vi annunciamo che Sua Ecc.za [&hellip;]<\/p>\n","protected":false},"author":2,"featured_media":13607,"comment_status":"closed","ping_status":"open","sticky":false,"template":"","format":"standard","meta":{"footnotes":""},"categories":[23],"tags":[],"class_list":{"0":"post-13606","1":"post","2":"type-post","3":"status-publish","4":"format-standard","5":"has-post-thumbnail","7":"category-avvisi"},"_links":{"self":[{"href":"https:\/\/comunitapastoralecassina.org\/ver2\/wp-json\/wp\/v2\/posts\/13606","targetHints":{"allow":["GET"]}}],"collection":[{"href":"https:\/\/comunitapastoralecassina.org\/ver2\/wp-json\/wp\/v2\/posts"}],"about":[{"href":"https:\/\/comunitapastoralecassina.org\/ver2\/wp-json\/wp\/v2\/types\/post"}],"author":[{"embeddable":true,"href":"https:\/\/comunitapastoralecassina.org\/ver2\/wp-json\/wp\/v2\/users\/2"}],"replies":[{"embeddable":true,"href":"https:\/\/comunitapastoralecassina.org\/ver2\/wp-json\/wp\/v2\/comments?post=13606"}],"version-history":[{"count":1,"href":"https:\/\/comunitapastoralecassina.org\/ver2\/wp-json\/wp\/v2\/posts\/13606\/revisions"}],"predecessor-version":[{"id":13608,"href":"https:\/\/comunitapastoralecassina.org\/ver2\/wp-json\/wp\/v2\/posts\/13606\/revisions\/13608"}],"wp:featuredmedia":[{"embeddable":true,"href":"https:\/\/comunitapastoralecassina.org\/ver2\/wp-json\/wp\/v2\/media\/13607"}],"wp:attachment":[{"href":"https:\/\/comunitapastoralecassina.org\/ver2\/wp-json\/wp\/v2\/media?parent=13606"}],"wp:term":[{"taxonomy":"category","embeddable":true,"href":"https:\/\/comunitapastoralecassina.org\/ver2\/wp-json\/wp\/v2\/categories?post=13606"},{"taxonomy":"post_tag","embeddable":true,"href":"https:\/\/comunitapastoralecassina.org\/ver2\/wp-json\/wp\/v2\/tags?post=13606"}],"curies":[{"name":"wp","href":"https:\/\/api.w.org\/{rel}","templated":true}]}}