{"id":13618,"date":"2020-07-10T15:10:53","date_gmt":"2020-07-10T13:10:53","guid":{"rendered":"http:\/\/comunitapastoralecassina.org\/ver2\/?p=13618"},"modified":"2020-07-10T15:11:50","modified_gmt":"2020-07-10T13:11:50","slug":"aiutiamoci-a-ripartire","status":"publish","type":"post","link":"https:\/\/comunitapastoralecassina.org\/ver2\/2020\/07\/aiutiamoci-a-ripartire\/","title":{"rendered":"Aiutiamoci a ripartire"},"content":{"rendered":"\n<p><em>Mons. Luca Bressan, Vicario episcopale per la Carit\u00e0 e l\u2019Azione Sociale, in una intervista apparsa sul Sito della nostra Diocesi\u2026<\/em><\/p>\n\n\n\n<div><a href=\"http:\/\/comunitapastoralecassina.org\/ver2\/wp-content\/uploads\/bressan.png\" class=\"td-modal-image\"><div class=\"wp-block-image\"><figure class=\"alignright size-large is-resized\"><img loading=\"lazy\" decoding=\"async\" src=\"http:\/\/comunitapastoralecassina.org\/ver2\/wp-content\/uploads\/bressan.png\" alt=\"\" class=\"wp-image-13616\" width=\"255\" height=\"192\" srcset=\"https:\/\/comunitapastoralecassina.org\/ver2\/wp-content\/uploads\/bressan.png 521w, https:\/\/comunitapastoralecassina.org\/ver2\/wp-content\/uploads\/bressan-300x226.png 300w, https:\/\/comunitapastoralecassina.org\/ver2\/wp-content\/uploads\/bressan-80x60.png 80w, https:\/\/comunitapastoralecassina.org\/ver2\/wp-content\/uploads\/bressan-265x198.png 265w\" sizes=\"auto, (max-width: 255px) 100vw, 255px\" \/><\/figure><\/div><\/a><\/div>\n\n\n\n<p><em>Il Vicario episcopale analizza la fase di passaggio dall\u2019emergenza sanitaria a quella economica e commenta i dati del Fondo San Giuseppe:<\/em><em><\/em><\/p>\n\n\n\n<p><em>\u00abAbbiamo risposto all\u2019emergenza, ora \u00e8 tempo di costruire progetti. Nella ripresa Milano fatica pi\u00f9 della provincia\u00bb. Come comunit\u00e0 pastora le abbiamo raccolto l\u2019invito del Vescovo Luca a destinarvi le offerte dei parrocchiani finalizzate al dono per l\u2019occasione della Sua ordinazione episcopale.<\/em><em><\/em><\/p>\n\n\n\n<p>I numeri sono da brivido: a Milano 2500 persone costrette a fare la spesa agli Empori della Solidariet\u00e0, con un aumento del 66% di milanesi che chiedono aiuti alimentari; il 30% di chi si rivolge al Fondo \u201cSan Giuseppe<\/p>\n\n\n\n<p>si trova gi\u00e0 in situazione di disoccupazione.<\/p>\n\n\n\n<p>A fronte di tutto questo, e fin dall\u2019inizio della pandemia, Caritas ambrosiana \u00e8 stata ed \u00e8 in prima linea. Ma come definire il momento attuale? \u00abSiamo in una situazione che chiamerei di sospensione\u00bb, osserva monsignor Luca Bressan, vicario episcopale per la Cultura, la Carit\u00e0, la Missione e l\u2019Azione sociale e presidente della Fondazione Caritas ambrosiana.<\/p>\n\n\n\n<p><strong>In che senso? <\/strong>Usciamo dall\u2019emergenza sanitaria, e s\u2019inizia a intravvedere l\u2019emergenza economica, che ha gi\u00e0 toccato le categorie pi\u00f9 deboli, dalle collaboratrici familiari al mondo dell\u2019ospitalit\u00e0 alberghiera e della ristorazione.<\/p>\n\n\n\n<p><strong>Tra gli strumenti di sostegno alle problematiche economiche, l\u2019Arcivescovo ha istituito il Fondo San Giuseppe. Come si \u00e8 attivato? <\/strong>Devo ringraziare la generosit\u00e0 di moltissime persone, che hanno donato anche pi\u00f9 volte. Abbiamo superato 6,5 milioni di euro. Sicuramente all\u2019inizio del nuovo anno pastorale, a settembre, torneremo a rilanciare una campagna di raccolta e intendiamo anche riattivare il ramo del Fondo Diamo Lavoro. Finora \u00e8 stato distribuito un milione e mezzo circa, rispondendo positivamente a 1100 domande sulle oltre 1700 giunte. Ogni settimana ci troviamo per deliberare sulle nuove richieste. Le prime persone che sono state aiutate entrano adesso in una seconda fase: non pi\u00f9 semplicemente rispondere all\u2019emergenza della sopravvivenza o della sussistenza, ma costruire una progettazione. In questo momento si ha l\u2019impressione la citt\u00e0 di Milano fatichi a ripartire rispetto ad altri territori della provincia che sembrano, nel quotidiano, trovare pi\u00f9 possibilit\u00e0.<\/p>\n\n\n\n<p><strong>Qual \u00e8 la cifra media per un aiuto economico individuale? <\/strong>Il sostegno varia a seconda dei parametri: se la persona vive sola o se ha a carico minori, se abita in una casa in affitto o di propriet\u00e0. Si aiuta da un minimo di 500 euro fino anche al doppio, per un periodo di cinque mesi, diviso in due parti: una prima di tre mesi, poi di due. L\u2019idea di questa \u201cdivisione\u201d nasce dalla convinzione che \u2013 dopo l\u2019inevitabile fatica emotiva degli inizi \u2013 sia necessario che la persona aiutata, negli ultimi due mesi, pensi al proprio rilancio per ricostruire un futuro.<\/p>\n\n\n\n<p><strong>Qual \u00e8 il profilo di chi si rivolge a questo Fondo? <\/strong>La cosa interessante che registriamo rispetto alle altre edizioni&nbsp; \u00e8 che, per esempio, non c\u2019\u00e8 grossa differenza tra gli italiani e gli stranieri. Le situazioni pi\u00f9 deboli sono ovviamente quelle di chi ha persone a carico, non solo minori, ma anche persone anziane.<\/p>\n\n\n\n<p><strong>Come si pu\u00f2 contribuire? <\/strong>Sul sito della Caritas (<a href=\"http:\/\/www.caritasambrosiana.it\/\">www.caritasambrosiana.it <\/a>) vi sono le informazioni, cosicch\u00e9 ognuno possa vedere come i soldi vengono utilizzati. La donazione in denaro diventa la costruzione di un legame: non \u00e8 semplicemente offrire un contributo perch\u00e9 la Caritas faccia qualcosa, ma sentirci un popolo che insieme, a seconda delle proprie possibilit\u00e0, aiuta tutti a ripartire.<\/p>\n\n\n\n<p><strong>Sono 900 mila gli inattivi in Italia. Un tempo si diceva \u00abgiovani che non studiano e non lavorano\u00bb, ma qui si parla anche di fasce ampie della popolazione di et\u00e0 diverse. Sono diminuiti anche i percorsi di avviamento al lavoro\u2026 <\/strong>Inevitabilmente il <em>lockdown <\/em>ha bloccato tutti i processi d\u2019inserimento lavorativo, sono saltati tutti i tirocini: alcuni che sono stati interrotti non ripartiranno pi\u00f9, perch\u00e9 \u00e8 cambiata la domanda e anche le piccole imprese avranno meno bisogni. Quello che ci stupisce \u00e8 che, raccogliendo i dati di chi si rivolge al Fondo, abbiamo persone anche qualificate, con titoli di studio che in tempi normali permetterebbero di trovare un impiego, ma ora si rivolgono a noi perch\u00e9 annaspano.<\/p>\n\n\n\n<p><strong>C\u2019\u00e8 bisogno, oltre gli aiuti concreti, di un discernimento pi\u00f9 ampio? <\/strong>S\u00ec. Occorre avviare una riflessione culturale che porti a rileggere i nostri stili di vita. Pensiamo solo agli anziani: adesso che la situazione delle Case di riposo si \u00e8 stabilizzata, dovremmo chiederci chi \u00e8 \u201cl\u2019anziano\u201d per noi, se davvero quello \u00e8 il modo di aiutare le persone che faticano a vivere gli ultimi anni della loro vita e se non dobbiamo immaginare forme di integrazione e di legame sociale diverse.<\/p>\n\n\n\n<p class=\"has-text-align-right\"><strong>Intervista presa dal Sito della nostra Diocesi<\/strong><\/p>\n","protected":false},"excerpt":{"rendered":"<p>Mons. Luca Bressan, Vicario episcopale per la Carit\u00e0 e l\u2019Azione Sociale, in una intervista apparsa sul Sito della nostra Diocesi\u2026 Il Vicario episcopale analizza la fase di passaggio dall\u2019emergenza sanitaria a quella economica e commenta i dati del Fondo San Giuseppe: \u00abAbbiamo risposto all\u2019emergenza, ora \u00e8 tempo di costruire progetti. Nella ripresa Milano fatica pi\u00f9 [&hellip;]<\/p>\n","protected":false},"author":2,"featured_media":0,"comment_status":"closed","ping_status":"open","sticky":false,"template":"","format":"standard","meta":{"footnotes":""},"categories":[19],"tags":[],"class_list":{"0":"post-13618","1":"post","2":"type-post","3":"status-publish","4":"format-standard","6":"category-prima-pagina"},"_links":{"self":[{"href":"https:\/\/comunitapastoralecassina.org\/ver2\/wp-json\/wp\/v2\/posts\/13618","targetHints":{"allow":["GET"]}}],"collection":[{"href":"https:\/\/comunitapastoralecassina.org\/ver2\/wp-json\/wp\/v2\/posts"}],"about":[{"href":"https:\/\/comunitapastoralecassina.org\/ver2\/wp-json\/wp\/v2\/types\/post"}],"author":[{"embeddable":true,"href":"https:\/\/comunitapastoralecassina.org\/ver2\/wp-json\/wp\/v2\/users\/2"}],"replies":[{"embeddable":true,"href":"https:\/\/comunitapastoralecassina.org\/ver2\/wp-json\/wp\/v2\/comments?post=13618"}],"version-history":[{"count":2,"href":"https:\/\/comunitapastoralecassina.org\/ver2\/wp-json\/wp\/v2\/posts\/13618\/revisions"}],"predecessor-version":[{"id":13620,"href":"https:\/\/comunitapastoralecassina.org\/ver2\/wp-json\/wp\/v2\/posts\/13618\/revisions\/13620"}],"wp:attachment":[{"href":"https:\/\/comunitapastoralecassina.org\/ver2\/wp-json\/wp\/v2\/media?parent=13618"}],"wp:term":[{"taxonomy":"category","embeddable":true,"href":"https:\/\/comunitapastoralecassina.org\/ver2\/wp-json\/wp\/v2\/categories?post=13618"},{"taxonomy":"post_tag","embeddable":true,"href":"https:\/\/comunitapastoralecassina.org\/ver2\/wp-json\/wp\/v2\/tags?post=13618"}],"curies":[{"name":"wp","href":"https:\/\/api.w.org\/{rel}","templated":true}]}}