{"id":13633,"date":"2020-07-18T18:06:00","date_gmt":"2020-07-18T16:06:00","guid":{"rendered":"http:\/\/comunitapastoralecassina.org\/ver2\/?p=13633"},"modified":"2020-08-10T09:59:41","modified_gmt":"2020-08-10T07:59:41","slug":"festa-di-nativita-di-m-v","status":"publish","type":"post","link":"https:\/\/comunitapastoralecassina.org\/ver2\/2020\/07\/festa-di-nativita-di-m-v\/","title":{"rendered":"Bentornata Eucaristia! Festa di Nativit\u00e0 di M.V."},"content":{"rendered":"\n<div class=\"wp-block-image\"><figure class=\"alignleft size-large is-resized\"><img loading=\"lazy\" decoding=\"async\" src=\"http:\/\/comunitapastoralecassina.org\/ver2\/wp-content\/uploads\/vetrata-eucaristia.jpg\" alt=\"\" class=\"wp-image-13689\" width=\"137\" height=\"321\" srcset=\"https:\/\/comunitapastoralecassina.org\/ver2\/wp-content\/uploads\/vetrata-eucaristia.jpg 235w, https:\/\/comunitapastoralecassina.org\/ver2\/wp-content\/uploads\/vetrata-eucaristia-128x300.jpg 128w, https:\/\/comunitapastoralecassina.org\/ver2\/wp-content\/uploads\/vetrata-eucaristia-179x420.jpg 179w\" sizes=\"auto, (max-width: 137px) 100vw, 137px\" \/><\/figure><\/div>\n\n\n\n<p>A inizio settembre vivremo la Festa di Camporicco che sar<strong>\u00e0 celebrata domenica 6 settembre. <\/strong><\/p>\n\n\n\n<p>Ecco il programma dettagliato<\/p>\n\n\n\n<h3 class=\"wp-block-heading\">Luned\u00ec 31 agosto, Marted\u00ec 1 e Mercoled\u00ec 2 settembre<\/h3>\n\n\n\n<ul class=\"wp-block-list\"><li><strong>Ore 21.00 <\/strong>S.Rosario con la Statua di Maria Bambina che verr\u00e0 portata in tre luoghi significativi della Comunit\u00e0<ul><li><em>31 agosto &#8211; via Udine (ingresso posteriore Melograno)<\/em><\/li><li><em>1 settembre &#8211; piazza Unit\u00e0 d\u2019Italia (Scuola Elementare)<\/em><\/li><li><em>2 settembre &#8211; parco Elancourt (piazzola centrale)<\/em><\/li><\/ul><\/li><\/ul>\n\n\n\n<h3 class=\"wp-block-heading\">Gioved\u00ec 3 settembre<\/h3>\n\n\n\n<ul class=\"wp-block-list\"><li><strong>Ore 8.30 &#8211; 21.00 <\/strong>ADORAZIONE CONTINUA tempo per preghiera personale<\/li><li><strong>Ore 21.00 <\/strong>Momento di Adorazione comunitario per inizio Anno Pastorale<\/li><\/ul>\n\n\n\n<h3 class=\"wp-block-heading\">Venerd\u00ec 4 settembre<\/h3>\n\n\n\n<ul class=\"wp-block-list\"><li><strong>Ore 8.30 &#8211; 10 e 16 &#8211; 18 <\/strong>CONFESSIONI<\/li><\/ul>\n\n\n\n<h3 class=\"wp-block-heading\">Sabato 5 settembre<\/h3>\n\n\n\n<ul class=\"wp-block-list\"><li><strong>Ore 8.30<\/strong><em><strong> <\/strong>S.Rosario di Pompei <\/em>(impegno del \u201c5 del mese\u201d)<\/li><li><strong>Ore 10.30 <\/strong><em>Catechesi e Affidamento a Maria<\/em> con i genitori dei battezzandi di questo inizio anno pastorale<\/li><li><strong>Ore 21.00 <\/strong><em>Pensieri, Musica e Parole<\/em> su brani del Maestro Ennio Morricone<\/li><\/ul>\n\n\n\n<div><a href=\"http:\/\/comunitapastoralecassina.org\/ver2\/wp-content\/uploads\/mons-di-mauro.jpg\" class=\"td-modal-image\"><div class=\"wp-block-image\"><figure class=\"alignright size-large\"><img loading=\"lazy\" decoding=\"async\" width=\"168\" height=\"244\" src=\"http:\/\/comunitapastoralecassina.org\/ver2\/wp-content\/uploads\/mons-di-mauro.jpg\" alt=\"\" class=\"wp-image-13632\"\/><\/figure><\/div><\/a><\/div>\n\n\n\n<h3 class=\"wp-block-heading\">Domenica 6 settembre<\/h3>\n\n\n\n<ul class=\"wp-block-list\"><li><strong>Ore 10.30<\/strong> <em>L\u2019unica S.Messa del mattino sar\u00e0 celebrata in Oratorio<\/em> &#8211; S.Messa solenne presieduta dall\u2019Arcivescovo emerito di Vigevano, Sua Ecc.za Mons. Vincenzo Di Mauro<\/li><li><strong>Ore 17.00 <\/strong>Presentazione Mostra <em>\u201cI Miracoli eucaristici\u201d <\/em>con la figura del gio- vane beato Carlo Acutis. Interverranno <strong>don Fabio Curti<\/strong>, Responsabile Pastorale Giovanile e <strong>Bernardo Lopez<\/strong>, Presidente del Centro Culturale Cassinese Il Cenobio.<\/li><li><strong>Ore 19.00 <\/strong>S.Messa con Benedizione dei Malati<\/li><\/ul>\n\n\n\n<h3 class=\"wp-block-heading\">Luned\u00ec 7 settembre<\/h3>\n\n\n\n<ul class=\"wp-block-list\"><li><strong>Ore 20.30 <\/strong>al Cimitero S.Messa a ricordo di tutti i defunti. <em>(E\u2019 sospesa la S.Messa delle ore 8)<\/em><\/li><\/ul>\n\n\n\n<h3 class=\"wp-block-heading\">Marted\u00ec 8 settembre<\/h3>\n\n\n\n<ul class=\"wp-block-list\"><li><strong>Ore 20.30 <\/strong>sul sagrato della Chiesa S.Messa nel giorno della Festa Liturgica. <em>(E\u2019 sospesa la S.Messa delle ore 8)<\/em><\/li><\/ul>\n\n\n\n<h3 class=\"wp-block-heading\">Venerd\u00ec 11 settembre<\/h3>\n\n\n\n<ul class=\"wp-block-list\"><li><strong>Ore 21.00 <\/strong>nel salone dell\u2019oratorio incontro <em>\u201cRi-Trovare il Lavoro\u201d<\/em>, con Antonio Bonardo, Direttore della Fondazione GiGroup, alla luce del Discorso alla Citt\u00e0 dell\u2019Arcivescovo Delpini e della situazione sociale dopo la pandemia. Conduce l\u2019incontro Enrico Chiesura.<\/li><\/ul>\n\n\n\n<p><\/p>\n","protected":false},"excerpt":{"rendered":"<p>A inizio settembre vivremo la Festa di Camporicco che sar\u00e0 celebrata domenica 6 settembre. Ecco il programma dettagliato Luned\u00ec 31 agosto, Marted\u00ec 1 e Mercoled\u00ec 2 settembre Ore 21.00 S.Rosario con la Statua di Maria Bambina che verr\u00e0 portata in tre luoghi significativi della Comunit\u00e0 31 agosto &#8211; via Udine (ingresso posteriore Melograno) 1 settembre [&hellip;]<\/p>\n","protected":false},"author":2,"featured_media":13641,"comment_status":"closed","ping_status":"open","sticky":false,"template":"","format":"standard","meta":{"footnotes":""},"categories":[23],"tags":[],"class_list":{"0":"post-13633","1":"post","2":"type-post","3":"status-publish","4":"format-standard","5":"has-post-thumbnail","7":"category-avvisi"},"_links":{"self":[{"href":"https:\/\/comunitapastoralecassina.org\/ver2\/wp-json\/wp\/v2\/posts\/13633","targetHints":{"allow":["GET"]}}],"collection":[{"href":"https:\/\/comunitapastoralecassina.org\/ver2\/wp-json\/wp\/v2\/posts"}],"about":[{"href":"https:\/\/comunitapastoralecassina.org\/ver2\/wp-json\/wp\/v2\/types\/post"}],"author":[{"embeddable":true,"href":"https:\/\/comunitapastoralecassina.org\/ver2\/wp-json\/wp\/v2\/users\/2"}],"replies":[{"embeddable":true,"href":"https:\/\/comunitapastoralecassina.org\/ver2\/wp-json\/wp\/v2\/comments?post=13633"}],"version-history":[{"count":5,"href":"https:\/\/comunitapastoralecassina.org\/ver2\/wp-json\/wp\/v2\/posts\/13633\/revisions"}],"predecessor-version":[{"id":13690,"href":"https:\/\/comunitapastoralecassina.org\/ver2\/wp-json\/wp\/v2\/posts\/13633\/revisions\/13690"}],"wp:featuredmedia":[{"embeddable":true,"href":"https:\/\/comunitapastoralecassina.org\/ver2\/wp-json\/wp\/v2\/media\/13641"}],"wp:attachment":[{"href":"https:\/\/comunitapastoralecassina.org\/ver2\/wp-json\/wp\/v2\/media?parent=13633"}],"wp:term":[{"taxonomy":"category","embeddable":true,"href":"https:\/\/comunitapastoralecassina.org\/ver2\/wp-json\/wp\/v2\/categories?post=13633"},{"taxonomy":"post_tag","embeddable":true,"href":"https:\/\/comunitapastoralecassina.org\/ver2\/wp-json\/wp\/v2\/tags?post=13633"}],"curies":[{"name":"wp","href":"https:\/\/api.w.org\/{rel}","templated":true}]}}