{"id":13649,"date":"2020-07-24T22:39:00","date_gmt":"2020-07-24T20:39:00","guid":{"rendered":"http:\/\/comunitapastoralecassina.org\/ver2\/?p=13649"},"modified":"2020-10-27T11:06:44","modified_gmt":"2020-10-27T10:06:44","slug":"infonda-dio-sapienza-nel-cuore","status":"publish","type":"post","link":"https:\/\/comunitapastoralecassina.org\/ver2\/2020\/07\/infonda-dio-sapienza-nel-cuore\/","title":{"rendered":"Infonda Dio sapienza nel cuore"},"content":{"rendered":"\n<h2 class=\"wp-block-heading\"><strong>Si pu\u00f2 evitare di essere stolti<\/strong><strong><\/strong><\/h2>\n\n\n\n<div class=\"wp-block-image\"><figure class=\"alignright size-large is-resized\"><a href=\"http:\/\/comunitapastoralecassina.org\/ver2\/wp-content\/uploads\/libro-2.png\" target=\"_blank\" rel=\"noopener noreferrer\"><img loading=\"lazy\" decoding=\"async\" src=\"http:\/\/comunitapastoralecassina.org\/ver2\/wp-content\/uploads\/libro-2.png\" alt=\"\" class=\"wp-image-13655\" width=\"312\" height=\"427\" srcset=\"https:\/\/comunitapastoralecassina.org\/ver2\/wp-content\/uploads\/libro-2.png 474w, https:\/\/comunitapastoralecassina.org\/ver2\/wp-content\/uploads\/libro-2-219x300.png 219w, https:\/\/comunitapastoralecassina.org\/ver2\/wp-content\/uploads\/libro-2-307x420.png 307w\" sizes=\"auto, (max-width: 312px) 100vw, 312px\" \/><\/a><\/figure><\/div>\n\n\n\n<p>E\u2019 la proposta pastorale dell\u2019Arcivescovo, monsignor Mario Delpini, per l\u2019anno 2020-2021. L\u2019invito, rivolto a tutti i fedeli ambrosiani, \u00e8 anzitutto quello di far emergere le domande pi\u00f9 profonde e inquietanti che questo tempo di pandemia ha suscitato nel cuore delle comunit\u00e0 cristiane della Diocesi. Ma domandare non basta. Cos\u00ec le domande possono diventare l\u2019occasione per avviare un\u2019accorata invocazione del dono della sapienza che viene dall\u2019alto.<\/p>\n\n\n\n<p>Atteggiamento di ascolto e intensamente orante non scontato, dovendo mettere mano per tempo a comprensibili previsioni e programmazioni pastorali. \u00abNon \u00e8 pi\u00f9 tempo di banalit\u00e0 e di luoghi comuni, non possiamo accontentarci di citazioni e di prescrizioni. \u00c8 giunto il momento per un ritorno all\u2019essenziale, per riconoscere nella complessit\u00e0 della situazione la via per rinnovare la nostra relazione con il Padre\u00bb, scrive infatti l\u2019Arcivescovo.<\/p>\n\n\n\n<p>Questa proposta pastorale si conclude invitando le diverse comunit\u00e0 cristiane presenti sul territorio diocesano a inoltrarsi con animo ben disposto nella lettura attenta del <em>Libro sapienziale del Siracide<\/em>.<\/p>\n\n\n\n<p>Il volume <em>(Infonda Dio sapienza nel cuore, Centro Ambrosiano) <\/em>comprende due sezioni: il testo della proposta pastorale 2020-2021, che affronta in modo articolato i temi sopra citati, e la <em>Lettera per l\u2019inizio dell\u2019anno pastorale <\/em>(8 settembre 2020). Si tratta della prima delle <em>Lettere alla Chiesa ambrosiana<\/em>, alla quale, lungo l\u2019anno liturgico, seguiranno la <em>Lettera 2 <\/em>(Avvento\/Natale), &nbsp;la &nbsp;<em>Lettera &nbsp;3 &nbsp;<\/em>(Quaresima\/Pasqua) &nbsp;e &nbsp;la &nbsp;<em>Lettera &nbsp;4<\/em> (Pentecoste).<\/p>\n\n\n\n<p>Per ragioni pratiche questa <em>Lettera per l\u2019inizio dell\u2019anno pastorale <\/em>viene stampata a seguire il testo della proposta pastorale. Lungo l\u2019anno 2020-2021 saranno pubblicate anche le altre<\/p>\n","protected":false},"excerpt":{"rendered":"<p>Si pu\u00f2 evitare di essere stolti E\u2019 la proposta pastorale dell\u2019Arcivescovo, monsignor Mario Delpini, per l\u2019anno 2020-2021. L\u2019invito, rivolto a tutti i fedeli ambrosiani, \u00e8 anzitutto quello di far emergere le domande pi\u00f9 profonde e inquietanti che questo tempo di pandemia ha suscitato nel cuore delle comunit\u00e0 cristiane della Diocesi. Ma domandare non basta. Cos\u00ec [&hellip;]<\/p>\n","protected":false},"author":2,"featured_media":13653,"comment_status":"closed","ping_status":"open","sticky":false,"template":"","format":"standard","meta":{"footnotes":""},"categories":[19],"tags":[],"class_list":{"0":"post-13649","1":"post","2":"type-post","3":"status-publish","4":"format-standard","5":"has-post-thumbnail","7":"category-prima-pagina"},"_links":{"self":[{"href":"https:\/\/comunitapastoralecassina.org\/ver2\/wp-json\/wp\/v2\/posts\/13649","targetHints":{"allow":["GET"]}}],"collection":[{"href":"https:\/\/comunitapastoralecassina.org\/ver2\/wp-json\/wp\/v2\/posts"}],"about":[{"href":"https:\/\/comunitapastoralecassina.org\/ver2\/wp-json\/wp\/v2\/types\/post"}],"author":[{"embeddable":true,"href":"https:\/\/comunitapastoralecassina.org\/ver2\/wp-json\/wp\/v2\/users\/2"}],"replies":[{"embeddable":true,"href":"https:\/\/comunitapastoralecassina.org\/ver2\/wp-json\/wp\/v2\/comments?post=13649"}],"version-history":[{"count":3,"href":"https:\/\/comunitapastoralecassina.org\/ver2\/wp-json\/wp\/v2\/posts\/13649\/revisions"}],"predecessor-version":[{"id":13656,"href":"https:\/\/comunitapastoralecassina.org\/ver2\/wp-json\/wp\/v2\/posts\/13649\/revisions\/13656"}],"wp:featuredmedia":[{"embeddable":true,"href":"https:\/\/comunitapastoralecassina.org\/ver2\/wp-json\/wp\/v2\/media\/13653"}],"wp:attachment":[{"href":"https:\/\/comunitapastoralecassina.org\/ver2\/wp-json\/wp\/v2\/media?parent=13649"}],"wp:term":[{"taxonomy":"category","embeddable":true,"href":"https:\/\/comunitapastoralecassina.org\/ver2\/wp-json\/wp\/v2\/categories?post=13649"},{"taxonomy":"post_tag","embeddable":true,"href":"https:\/\/comunitapastoralecassina.org\/ver2\/wp-json\/wp\/v2\/tags?post=13649"}],"curies":[{"name":"wp","href":"https:\/\/api.w.org\/{rel}","templated":true}]}}