{"id":13668,"date":"2020-08-05T10:30:00","date_gmt":"2020-08-05T08:30:00","guid":{"rendered":"http:\/\/comunitapastoralecassina.org\/ver2\/?p=13668"},"modified":"2024-09-26T11:19:23","modified_gmt":"2024-09-26T09:19:23","slug":"forti-certi-e-felici","status":"publish","type":"post","link":"https:\/\/comunitapastoralecassina.org\/ver2\/2020\/08\/forti-certi-e-felici\/","title":{"rendered":"Forti, certi e felici"},"content":{"rendered":"\n<p>S\u00ec le nostre Scuole dell\u2019Infanzia <em><a href=\"http:\/\/www.scuoladonvismara.it\/wp\/\" target=\"_blank\" rel=\"noreferrer noopener\">\u201cDon Aurelio Vismara\u201d<\/a> <\/em>e <em><a href=\"http:\/\/www.scuoladonverderio.it\/wp\/\" target=\"_blank\" rel=\"noreferrer noopener\">\u201cDon Ambrogio Verderio\u201d <\/a><\/em><strong>FORTI <\/strong>di una lunga Storia, <strong>CERTI <\/strong>dell\u2019impegno e <strong>FELICI <\/strong>di educare, hanno annunciato alle famiglie dei nostri \u201cpiccoli\u201d alunni il rientro a Scuola a settembre!<\/p>\n\n\n\n<p class=\"has-text-align-center\">Qualcuno potrebbe domandarsi:<br \/><strong><em>Perch\u00e9 una Comunit\u00e0, delle Parrocchie investono tempo, energie e risorse sulla Scuola?<\/em><\/strong><\/p>\n\n\n\n<div class=\"wp-block-image\"><figure class=\"alignright size-large is-resized\"><a href=\"http:\/\/comunitapastoralecassina.org\/ver2\/wp-content\/uploads\/martini.png\"><img loading=\"lazy\" decoding=\"async\" src=\"http:\/\/comunitapastoralecassina.org\/ver2\/wp-content\/uploads\/martini.png\" alt=\"\" class=\"wp-image-13667\" width=\"231\" height=\"131\" srcset=\"https:\/\/comunitapastoralecassina.org\/ver2\/wp-content\/uploads\/martini.png 658w, https:\/\/comunitapastoralecassina.org\/ver2\/wp-content\/uploads\/martini-300x170.png 300w\" sizes=\"auto, (max-width: 231px) 100vw, 231px\" \/><\/a><\/figure><\/div>\n\n\n\n<p>Perch\u00e9, come ci ricorda l\u2019indimenticabile <em>Cardinal Carlo Maria Martini<\/em>:<br \/><strong><span style=\"background-color:#b5dcaf\" class=\"td_text_highlight_marker\"><span class=\"has-inline-color has-very-dark-gray-color\">\u201cEducare \u00e8 come seminare: il frutto non \u00e8 garantito e non \u00e8 immediato, ma se non si semina \u00e8 certo che non ci sar\u00e0 raccolto\u201d<\/span><\/span><\/strong><\/p>\n\n\n\n<p>Con<span class=\"has-inline-color has-luminous-vivid-orange-color\"><strong> l&#8217;assunzione di nuove Insegnanti, Educatrici e Personale Ausiliario!<\/strong><\/span><\/p>\n\n\n\n<p><strong><span class=\"has-inline-color has-luminous-vivid-orange-color\">Con un nuovo orario <\/span><\/strong>pi\u00f9 favorevole per le famiglie!<\/p>\n\n\n\n<p>Con un piano di <span class=\"has-inline-color has-luminous-vivid-orange-color\"><strong>ingressi ed uscite in sicurezza <\/strong><\/span>con percorsi &#8220;colorati&#8221; differenziati (senza differenza di orari)<\/p>\n\n\n\n<p>Con un<span class=\"has-inline-color has-luminous-vivid-orange-color\"><strong> Servizio per le Famiglie<\/strong><\/span><strong><span class=\"has-inline-color has-luminous-vivid-orange-color\"> <\/span><\/strong>nell&#8217;agevolare il Post-Scuola<\/p>\n\n\n\n<p>Con<strong> <span class=\"has-inline-color has-luminous-vivid-orange-color\">un Patto di Comunit\u00e0 con le Parrocch<\/span><\/strong><span class=\"has-inline-color has-luminous-vivid-orange-color\"><strong>ie<\/strong><\/span> per l&#8217;utilizzo di altri spazi negli Oratori<\/p>\n\n\n\n<p>Le Parrocchie di Cassina affrontano con responsabilit\u00e0 questo impegno, spinte dalla Storia di queste <strong><span class=\"has-inline-color has-luminous-vivid-orange-color\">realt\u00e0 educative &#8220;Culla&#8221; della nostra Comunit\u00e0!<\/span><\/strong><\/p>\n\n\n\n<hr class=\"wp-block-separator\"\/>\n\n\n\n<p>Carissimi Genitori,<\/p>\n\n\n\n<p>questa, pi\u00f9 che una comunicazione, \u00e8 una lettera un po\u2019 lunga che merita la Vostra attenzione!<\/p>\n\n\n\n<p>L\u2019anno scolastico che andremo ad iniziare sar\u00e0 un\u2019esperienza diversa da quanto abbiamo vissuto precedentemente.<\/p>\n\n\n\n<p>In queste settimane noi ci siamo impegnati a ripensare al nuovo assetto organizzativo e a definire tutte le procedure ed i protocolli necessari per il <strong>rientro a Scuola in sicurezza<\/strong> <em>(e di questo ringraziamo la Comunit\u00e0 Pastorale per il coraggio e la cura per le nostre Scuole Paritarie!)<\/em>.<\/p>\n\n\n\n<p>E\u2019 vero, siamo ancora in attesa delle indicazioni operative della Regione Lombardia per la riapertura, ma il <em>\u201cgrosso lavoro\u201d<\/em> da parte nostra \u00e8 stato fatto e desideriamo annunciarVi che le nostre due Scuole dell\u2019Infanzia Parrocchiali Paritarie <strong>apriranno<\/strong> per i vostri bambini, grandi e medi, <strong>luned\u00ec 7 settembre<\/strong> <em>(dalle ore 8.00 alle ore 13.00 pranzo compreso)<\/em>.<\/p>\n\n\n\n<p>Da marted\u00ec <strong>8 settembre<\/strong> l\u2019orario sar\u00e0 completo <em>(dalle ore 8.00 alle ore 15.15)<\/em>.<\/p>\n\n\n\n<div class=\"wp-block-image\"><figure class=\"alignright size-large is-resized\"><a href=\"http:\/\/comunitapastoralecassina.org\/ver2\/wp-content\/uploads\/APERTURA_2020-scaled.jpg\"><img loading=\"lazy\" decoding=\"async\" src=\"http:\/\/comunitapastoralecassina.org\/ver2\/wp-content\/uploads\/APERTURA_2020-737x1024.jpg\" alt=\"\" class=\"wp-image-13663\" width=\"350\" height=\"486\" srcset=\"https:\/\/comunitapastoralecassina.org\/ver2\/wp-content\/uploads\/APERTURA_2020-737x1024.jpg 737w, https:\/\/comunitapastoralecassina.org\/ver2\/wp-content\/uploads\/APERTURA_2020-216x300.jpg 216w, https:\/\/comunitapastoralecassina.org\/ver2\/wp-content\/uploads\/APERTURA_2020-768x1068.jpg 768w, https:\/\/comunitapastoralecassina.org\/ver2\/wp-content\/uploads\/APERTURA_2020-1105x1536.jpg 1105w, https:\/\/comunitapastoralecassina.org\/ver2\/wp-content\/uploads\/APERTURA_2020-1473x2048.jpg 1473w, https:\/\/comunitapastoralecassina.org\/ver2\/wp-content\/uploads\/APERTURA_2020-696x968.jpg 696w, https:\/\/comunitapastoralecassina.org\/ver2\/wp-content\/uploads\/APERTURA_2020-1068x1485.jpg 1068w, https:\/\/comunitapastoralecassina.org\/ver2\/wp-content\/uploads\/APERTURA_2020-1920x2669.jpg 1920w, https:\/\/comunitapastoralecassina.org\/ver2\/wp-content\/uploads\/APERTURA_2020-302x420.jpg 302w, https:\/\/comunitapastoralecassina.org\/ver2\/wp-content\/uploads\/APERTURA_2020-scaled.jpg 1841w\" sizes=\"auto, (max-width: 350px) 100vw, 350px\" \/><\/a><\/figure><\/div>\n\n\n\n<p>Con <em>i piccoli<\/em> invece, inizieremo gli inserimenti <em>a partire da<\/em> marted\u00ec <strong>8 settembre<\/strong> con un calendario specifico che vi verr\u00e0 consegnato direttamente dall\u2019insegnante di classe durante i colloqui personali conoscitivi che si svolgeranno nella prima settimana di settembre e per i quali riceverete dalla segreteria il dettaglio di data ed ora nei prossimi giorni.<\/p>\n\n\n\n<p>Anzitutto desideriamo comunicarVi un <strong>cambiamento dell\u2019orario<\/strong>!<\/p>\n\n\n\n<p>La nostra attenzione <em>(oltre ad osservare ogni indicazione richiesta per il Protocollo di Sicurezza)<\/em> \u00e8 stata quella di venire incontro alle esigenze di tanti genitori. Ecco perch\u00e9 non ci sar\u00e0 il <strong>Tempo Pre-Scuola<\/strong> ma l\u2019<strong>ingresso<\/strong> a Scuola sar\u00e0 dalle ore 8.00 alle ore 9.00 e (attenzione!) gi\u00e0 dalle ore 8.00 in classe ci sar\u00e0 la propria Insegnante ad accogliere i vostri figli.<\/p>\n\n\n\n<p>Questo per noi ha significato modificare l\u2019orario delle nostre Insegnanti, ma questa scelta ci permette di risolvere il problema organizzativo del <em>Tempo Pre-Scuola<\/em> venendo incontro alle necessit\u00e0 di non poche famiglie.<\/p>\n\n\n\n<p>Di conseguenza l\u2019<strong>uscita<\/strong> dalla Scuola che, come per l\u2019<em>ingresso<\/em>, avverr\u00e0 per <strong>particolari percorsi \u201ccolorati\u201d<\/strong> che impareremo insieme ad osservare <em>(a riguardo vi manderemo il Protocollo di Sicurezza),<\/em> sar\u00e0 dalle ore 14.45 alle ore 15.15.<\/p>\n\n\n\n<p>Speriamo, con questo anticipo, di non averVi creato molto disagio. Ma, credeteci, \u00e8 stata una scelta abbastanza obbligata: la scelta di un tempo per l\u2019ingresso piuttosto \u201cdilatato\u201d garantisce da una parte il rispetto del divieto di assembramenti, dall\u2019altro consente a tutti i bambini l\u2019entrata direttamente nella propria classe rispettando quindi anche il divieto di mischiare i gruppi classe.&nbsp; Questa particolare attenzione all\u2019anticipo del mattino consentir\u00e0 poi a tanti genitori di dover ripensare alla organizzazione famigliare&nbsp; magari \u201csolo\u201d per il pomeriggio.<\/p>\n\n\n\n<p>Per il <strong>Tempo Post-Scuola<\/strong> invece stiamo ancora valutando, anche se \u2013 come potete ben comprendere \u2013 non \u00e8 semplice, la possibilit\u00e0 di un <em>Servizio alle Famiglie<\/em> grazie al Patto di Comunit\u00e0 con le Parrocchie, con l\u2019eventuale utilizzo di alcuni spazi oratoriani collegati alle nostre Scuole dell\u2019Infanzia. &nbsp;Abbiamo gi\u00e0 delle ipotesi concrete in campo ma <strong>attualmente non possiamo darvi delle garanzie<\/strong>, perch\u00e9 ci sono ancora degli ostacoli da superare.&nbsp; Ci sembra giusto e corretto, in questa lettera, comunicarvelo cos\u00ec da rendervi partecipi dei nostri sforzi organizzativi.<\/p>\n\n\n\n<p><strong>Oltre all\u2019orario cosa cambia?<\/strong><\/p>\n\n\n\n<p>Per il rispetto del Protocollo di Sicurezza, dopo aver visionato i nostri spazi con i Tecnici della nostra Comunit\u00e0 e le indicazioni delle nostre Insegnanti, avremo per il prossimo anno scolastico ben <strong>tre nuove sezioni dell\u2019Infanzia <\/strong><em>(oltre alle sei gi\u00e0 esistenti e alla Primavera)<\/em>. Anche qui, permetteteci, &nbsp;un ringraziamento alla nostra Comunit\u00e0 Pastorale per l\u2019impegno che generosamente si assume nel garantire un <strong>servizio pubblico<\/strong> ed <strong>educativo<\/strong> cos\u00ec prezioso sul nostro Territorio, <em>facendo tesoro di una Storia e di una vocazione educativa che la contraddistingue<\/em>. E, badate bene, <strong>senza modificare<\/strong> la retta mensile per non aggravare sulle famiglie gi\u00e0 messe alla prova in questi mesi!<\/p>\n\n\n\n<p>Questo implica l\u2019<strong>assunzione<\/strong> di nuove <strong>Insegnanti<\/strong> <em>(a tempo pieno)<\/em> ed <strong>Educatrici<\/strong> e <strong>Personale Ausiliario <\/strong><em>(visto anche l\u2019impegno della igienizzazione dopo ogni utilizzo dei gruppi classe dei Servizi Igienici e degli spazi in comune subito dopo l\u2019ingresso accompagnati dai i genitori)<\/em>.<\/p>\n\n\n\n<p>Eh s\u00ec! Il Collegio Docenti si ingrandisce e si arricchisce di esperienze educative e di competenze particolari ed anche il Personale Ausiliario delle nostre due Scuole per poter garantire al meglio ci\u00f2 che ci viene richiesto!<\/p>\n\n\n\n<p>In questa fase di notevole cambiamento ed in tempo di particolare attenzione, comunichiamo alle famiglie che il <strong>Coordinamento<\/strong> delle nostre due <em>Scuole Parrocchiali Paritarie<\/em> lo assumer\u00e0 in prima persona il nostro Parroco <strong>don Massimo Donghi<\/strong>.<\/p>\n\n\n\n<p>Sar\u00e0 affiancato per la <em>parte amministrativa e burocratica<\/em> dalle capacit\u00e0 di <strong>Maria Grazia Gemma<\/strong> (e dal Consiglio di gestione) e per la <em>parte formativa<\/em> dalla professionalit\u00e0 della <strong>dott.ssa Anna Maria Ponzellini<\/strong>.<\/p>\n\n\n\n<p>Carissimi Genitori, mentre attorno a noi vediamo ancora un po\u2019 di fatica sul rientro a Scuola di settembre, noi desideriamo offrivi gi\u00e0 da ora delle <strong>certezze<\/strong> per permettervi di arrivare pronti, contenti e, soprattutto, desiderosi di camminare insieme a noi, in questa realt\u00e0 che \u00e8 la <em>\u201cCulla\u201d<\/em> <em>della nostra Comunit\u00e0<\/em>!<\/p>\n\n\n\n<p>Durante la prima settimana di settembre vi verr\u00e0 consegnato il calendario scolastico per l\u2019anno 2020\/21.<\/p>\n\n\n\n<p>Alleghiamo invece a quest\u2019email la lista del materiale e del corredo personale che ogni bambino dovr\u00e0 portare a scuola durante la prima settimana.<\/p>\n\n\n\n<p>Cogliamo questa bella occasione per inviarvi i nostri pi\u00f9 cari saluti e per augurarvi buone vacanze.<\/p>\n\n\n\n<p>Pronti per ripartire!<\/p>\n\n\n\n<p><strong>Don Massimo,<\/strong> <strong>con le Insegnanti e tutto il Personale delle nostre Scuole<\/strong><\/p>\n","protected":false},"excerpt":{"rendered":"<p>S\u00ec le nostre Scuole dell\u2019Infanzia \u201cDon Aurelio Vismara\u201d e \u201cDon Ambrogio Verderio\u201d FORTI di una lunga Storia, CERTI dell\u2019impegno e FELICI di educare, hanno annunciato alle famiglie dei nostri \u201cpiccoli\u201d alunni il rientro a Scuola a settembre! Qualcuno potrebbe domandarsi:Perch\u00e9 una Comunit\u00e0, delle Parrocchie investono tempo, energie e risorse sulla Scuola? Perch\u00e9, come ci ricorda [&hellip;]<\/p>\n","protected":false},"author":2,"featured_media":13664,"comment_status":"closed","ping_status":"open","sticky":false,"template":"","format":"standard","meta":{"footnotes":""},"categories":[23],"tags":[],"class_list":{"0":"post-13668","1":"post","2":"type-post","3":"status-publish","4":"format-standard","5":"has-post-thumbnail","7":"category-avvisi"},"_links":{"self":[{"href":"https:\/\/comunitapastoralecassina.org\/ver2\/wp-json\/wp\/v2\/posts\/13668","targetHints":{"allow":["GET"]}}],"collection":[{"href":"https:\/\/comunitapastoralecassina.org\/ver2\/wp-json\/wp\/v2\/posts"}],"about":[{"href":"https:\/\/comunitapastoralecassina.org\/ver2\/wp-json\/wp\/v2\/types\/post"}],"author":[{"embeddable":true,"href":"https:\/\/comunitapastoralecassina.org\/ver2\/wp-json\/wp\/v2\/users\/2"}],"replies":[{"embeddable":true,"href":"https:\/\/comunitapastoralecassina.org\/ver2\/wp-json\/wp\/v2\/comments?post=13668"}],"version-history":[{"count":4,"href":"https:\/\/comunitapastoralecassina.org\/ver2\/wp-json\/wp\/v2\/posts\/13668\/revisions"}],"predecessor-version":[{"id":13697,"href":"https:\/\/comunitapastoralecassina.org\/ver2\/wp-json\/wp\/v2\/posts\/13668\/revisions\/13697"}],"wp:featuredmedia":[{"embeddable":true,"href":"https:\/\/comunitapastoralecassina.org\/ver2\/wp-json\/wp\/v2\/media\/13664"}],"wp:attachment":[{"href":"https:\/\/comunitapastoralecassina.org\/ver2\/wp-json\/wp\/v2\/media?parent=13668"}],"wp:term":[{"taxonomy":"category","embeddable":true,"href":"https:\/\/comunitapastoralecassina.org\/ver2\/wp-json\/wp\/v2\/categories?post=13668"},{"taxonomy":"post_tag","embeddable":true,"href":"https:\/\/comunitapastoralecassina.org\/ver2\/wp-json\/wp\/v2\/tags?post=13668"}],"curies":[{"name":"wp","href":"https:\/\/api.w.org\/{rel}","templated":true}]}}