{"id":13672,"date":"2020-07-05T10:31:00","date_gmt":"2020-07-05T08:31:00","guid":{"rendered":"http:\/\/comunitapastoralecassina.org\/ver2\/?p=13672"},"modified":"2020-08-01T10:34:33","modified_gmt":"2020-08-01T08:34:33","slug":"7-agosto-in-adorazione-per-le-vocazioni","status":"publish","type":"post","link":"https:\/\/comunitapastoralecassina.org\/ver2\/2020\/07\/7-agosto-in-adorazione-per-le-vocazioni\/","title":{"rendered":"7 agosto &#8211; In adorazione per le vocazioni"},"content":{"rendered":"\n<p>Nel mese di agosto l\u2019Adorazione Continua nella nostra Comunit\u00e0 sar\u00e0 <strong>venerd\u00ec 7 agosto<\/strong>, nella <em>Chiesa di Sant\u2019Agata <\/em>(<strong>ore 17.30 \u2013 21.00<\/strong>) in occasione della <em>Festa di San Fermo<\/em>.<\/p>\n\n\n\n<p>Guider\u00e0 il momento comunitario conclusivo (<strong>ore 21.00<\/strong>) <strong>don Marco Della Corna <\/strong><em>(giovane diacono della Comunit\u00e0 di Besana in Brianza che verr\u00e0 ordinato sacerdote sabato 5 settembre in Duomo) <\/em>che ci offrir\u00e0 una sua testimonianza vocazionale e ci aiuter\u00e0 a sentirci in comunit\u00e0<\/p>\n","protected":false},"excerpt":{"rendered":"<p>Nel mese di agosto l\u2019Adorazione Continua nella nostra Comunit\u00e0 sar\u00e0 venerd\u00ec 7 agosto, nella Chiesa di Sant\u2019Agata (ore 17.30 \u2013 21.00) in occasione della Festa di San Fermo. Guider\u00e0 il momento comunitario conclusivo (ore 21.00) don Marco Della Corna (giovane diacono della Comunit\u00e0 di Besana in Brianza che verr\u00e0 ordinato sacerdote sabato 5 settembre in [&hellip;]<\/p>\n","protected":false},"author":2,"featured_media":13665,"comment_status":"closed","ping_status":"open","sticky":false,"template":"","format":"standard","meta":{"footnotes":""},"categories":[23],"tags":[],"class_list":{"0":"post-13672","1":"post","2":"type-post","3":"status-publish","4":"format-standard","5":"has-post-thumbnail","7":"category-avvisi"},"_links":{"self":[{"href":"https:\/\/comunitapastoralecassina.org\/ver2\/wp-json\/wp\/v2\/posts\/13672","targetHints":{"allow":["GET"]}}],"collection":[{"href":"https:\/\/comunitapastoralecassina.org\/ver2\/wp-json\/wp\/v2\/posts"}],"about":[{"href":"https:\/\/comunitapastoralecassina.org\/ver2\/wp-json\/wp\/v2\/types\/post"}],"author":[{"embeddable":true,"href":"https:\/\/comunitapastoralecassina.org\/ver2\/wp-json\/wp\/v2\/users\/2"}],"replies":[{"embeddable":true,"href":"https:\/\/comunitapastoralecassina.org\/ver2\/wp-json\/wp\/v2\/comments?post=13672"}],"version-history":[{"count":1,"href":"https:\/\/comunitapastoralecassina.org\/ver2\/wp-json\/wp\/v2\/posts\/13672\/revisions"}],"predecessor-version":[{"id":13673,"href":"https:\/\/comunitapastoralecassina.org\/ver2\/wp-json\/wp\/v2\/posts\/13672\/revisions\/13673"}],"wp:featuredmedia":[{"embeddable":true,"href":"https:\/\/comunitapastoralecassina.org\/ver2\/wp-json\/wp\/v2\/media\/13665"}],"wp:attachment":[{"href":"https:\/\/comunitapastoralecassina.org\/ver2\/wp-json\/wp\/v2\/media?parent=13672"}],"wp:term":[{"taxonomy":"category","embeddable":true,"href":"https:\/\/comunitapastoralecassina.org\/ver2\/wp-json\/wp\/v2\/categories?post=13672"},{"taxonomy":"post_tag","embeddable":true,"href":"https:\/\/comunitapastoralecassina.org\/ver2\/wp-json\/wp\/v2\/tags?post=13672"}],"curies":[{"name":"wp","href":"https:\/\/api.w.org\/{rel}","templated":true}]}}