{"id":13674,"date":"2020-09-04T10:43:00","date_gmt":"2020-09-04T08:43:00","guid":{"rendered":"http:\/\/comunitapastoralecassina.org\/ver2\/?p=13674"},"modified":"2020-09-04T10:59:49","modified_gmt":"2020-09-04T08:59:49","slug":"cresime-e-prime-comunioni","status":"publish","type":"post","link":"https:\/\/comunitapastoralecassina.org\/ver2\/2020\/09\/cresime-e-prime-comunioni\/","title":{"rendered":"Cresime e Prime Comunioni"},"content":{"rendered":"\n<p>Iniziando a settembre un nuovo anno pastorale vi ricordiamo le date per le prossime <em>Celebrazioni <\/em><em>della <\/em><strong>Cresima <\/strong><em>e delle <\/em><strong>Prime Comunioni <\/strong><em>(gi\u00e0 comunicate)<\/em>.<\/p>\n\n\n\n<p>La Cresima per i ragazzi della futura 2^ Media sar\u00e0 <strong>sabato 17 <\/strong>e <strong>domenica 18 ottobre 2020 <\/strong>presieduta dal <em>Vescovo <\/em>Paolo Martinelli e dal <em>Vicario Episcopale <\/em>Antonio Novazzi.<\/p>\n\n\n\n<p>La Cresima per i ragazzi della futura 1^ Media sar\u00e0 celebrata <strong>sabato 13 <\/strong>e <strong>domenica 14 febbraio 2021 <\/strong>dal <em>Vescovo <\/em>Ermino De Scalzi e dal <em>Vescovo <\/em>Vincenzo Di Mauro.<\/p>\n\n\n\n<p class=\"has-background has-text-align-left has-light-green-cyan-background-color\"><span class=\"has-inline-color has-very-dark-gray-color\">Con la ripresa dei cammini di Catechesi <em>\u2013 per le <\/em><strong><em>Celebrazioni della Cresima <\/em><\/strong><em>\u2013<\/em> verranno date alle famiglie indicazioni pi\u00f9 precise sulle modalit\u00e0 di <strong>partecipazione <\/strong>dei famigliari. Ovviamente saremo tenuti ad osservare le indicazioni che saranno in vigore in quel periodo<\/span><\/p>\n\n\n\n<p>Per quanto riguarda le <strong>Prime Comunioni <\/strong><em>(che non abbiamo celebrato a maggio) <\/em>abbiamo gi\u00e0 comunicato alle famiglie che verranno celebrate per la futura 5^ Elementare <strong>domenica 1 <\/strong>e <strong>domenica 8 novembre 2020<\/strong>.<\/p>\n\n\n\n<h2 class=\"wp-block-heading\"><strong><span class=\"has-inline-color has-vivid-green-cyan-color\">Prime Comunioni<\/span><\/strong><\/h2>\n\n\n\n<p>L\u2019<strong>Eucaristia \u00e8 un dono<\/strong>: \u00e8 la presenza di Ges\u00f9 in mezzo a noi, \u00e8 il Suo desiderio di nutrire realmente la nostra vita.<\/p>\n\n\n\n<p>Uniamoci nella preghiera ai bambini che tra poco riceveranno questo grande dono.<\/p>\n\n\n\n<p>Sono state apportate alcune modifiche alle date ed agli orari al fine di garantire la sicurezza e la possibilit\u00e0 di partecipazione della famiglia alla Prima Comunione del proprio bambino:<\/p>\n\n\n\n<ul class=\"wp-block-list\"><li><strong>31 ottobre ore 16.00 presso la Chiesa di Santa Maria Ausiliatrice<\/strong> Gruppi Maura e Clara; Simone e Gaia.<\/li><li><strong>1 novembre ore 11.30 presso la Chiesa di Santa Maria Ausiliatrice<\/strong> Gruppo Terry e Morena<\/li><li><strong>1 novembre ore 12.00 presso la Chiesa di Nativit\u00e0 di Maria Vergine<\/strong> Gruppo Nadia e Marina<\/li><li><strong>7 novembre ore 16.00 presso la Chiesa di Santa Maria Ausiliatrice<\/strong> Gruppi Paola e Francesca; Cristina e Fulvia;<\/li><li><strong>8 novembre ore 11.30 presso la Chiesa di Santa Maria Ausiliatrice<\/strong> Gruppo Maria Teresa e Rosanna<\/li><li><strong>8 novembre ore 11.00 presso la Chiesa di S. Agata<\/strong> Gruppo Arcangela e Cristina<\/li><\/ul>\n","protected":false},"excerpt":{"rendered":"<p>Iniziando a settembre un nuovo anno pastorale vi ricordiamo le date per le prossime Celebrazioni della Cresima e delle Prime Comunioni (gi\u00e0 comunicate). La Cresima per i ragazzi della futura 2^ Media sar\u00e0 sabato 17 e domenica 18 ottobre 2020 presieduta dal Vescovo Paolo Martinelli e dal Vicario Episcopale Antonio Novazzi. La Cresima per i [&hellip;]<\/p>\n","protected":false},"author":2,"featured_media":0,"comment_status":"closed","ping_status":"open","sticky":false,"template":"","format":"standard","meta":{"footnotes":""},"categories":[115],"tags":[],"class_list":{"0":"post-13674","1":"post","2":"type-post","3":"status-publish","4":"format-standard","6":"category-in-evidenza"},"_links":{"self":[{"href":"https:\/\/comunitapastoralecassina.org\/ver2\/wp-json\/wp\/v2\/posts\/13674","targetHints":{"allow":["GET"]}}],"collection":[{"href":"https:\/\/comunitapastoralecassina.org\/ver2\/wp-json\/wp\/v2\/posts"}],"about":[{"href":"https:\/\/comunitapastoralecassina.org\/ver2\/wp-json\/wp\/v2\/types\/post"}],"author":[{"embeddable":true,"href":"https:\/\/comunitapastoralecassina.org\/ver2\/wp-json\/wp\/v2\/users\/2"}],"replies":[{"embeddable":true,"href":"https:\/\/comunitapastoralecassina.org\/ver2\/wp-json\/wp\/v2\/comments?post=13674"}],"version-history":[{"count":2,"href":"https:\/\/comunitapastoralecassina.org\/ver2\/wp-json\/wp\/v2\/posts\/13674\/revisions"}],"predecessor-version":[{"id":13733,"href":"https:\/\/comunitapastoralecassina.org\/ver2\/wp-json\/wp\/v2\/posts\/13674\/revisions\/13733"}],"wp:attachment":[{"href":"https:\/\/comunitapastoralecassina.org\/ver2\/wp-json\/wp\/v2\/media?parent=13674"}],"wp:term":[{"taxonomy":"category","embeddable":true,"href":"https:\/\/comunitapastoralecassina.org\/ver2\/wp-json\/wp\/v2\/categories?post=13674"},{"taxonomy":"post_tag","embeddable":true,"href":"https:\/\/comunitapastoralecassina.org\/ver2\/wp-json\/wp\/v2\/tags?post=13674"}],"curies":[{"name":"wp","href":"https:\/\/api.w.org\/{rel}","templated":true}]}}