{"id":13723,"date":"2020-09-04T10:40:47","date_gmt":"2020-09-04T08:40:47","guid":{"rendered":"http:\/\/comunitapastoralecassina.org\/ver2\/?p=13723"},"modified":"2020-09-04T10:44:38","modified_gmt":"2020-09-04T08:44:38","slug":"non-e-tempo-di-dormire-perche-il-paradiso-non-e-fatto-per-i-poltroni","status":"publish","type":"post","link":"https:\/\/comunitapastoralecassina.org\/ver2\/2020\/09\/non-e-tempo-di-dormire-perche-il-paradiso-non-e-fatto-per-i-poltroni\/","title":{"rendered":"Non \u00e8 tempo di dormire perch\u00e9 il paradiso non \u00e8 fatto per i poltroni!"},"content":{"rendered":"\n<p>E ora il cammino riprende. Non ch\u2019esso si sia mai interrotto; semplicemente dopo un anno con voi, levo la mia povera tenda e parto, verso una nuova destinazione.<\/p>\n\n\n\n<div class=\"wp-block-image\"><figure class=\"alignright size-large is-resized\"><a href=\"http:\/\/comunitapastoralecassina.org\/ver2\/wp-content\/uploads\/don-fabio-e-pietro.png\" target=\"_blank\" rel=\"noopener noreferrer\"><img loading=\"lazy\" decoding=\"async\" src=\"http:\/\/comunitapastoralecassina.org\/ver2\/wp-content\/uploads\/don-fabio-e-pietro.png\" alt=\"\" class=\"wp-image-13724\" width=\"247\" height=\"433\" srcset=\"https:\/\/comunitapastoralecassina.org\/ver2\/wp-content\/uploads\/don-fabio-e-pietro.png 383w, https:\/\/comunitapastoralecassina.org\/ver2\/wp-content\/uploads\/don-fabio-e-pietro-171x300.png 171w, https:\/\/comunitapastoralecassina.org\/ver2\/wp-content\/uploads\/don-fabio-e-pietro-240x420.png 240w\" sizes=\"auto, (max-width: 247px) 100vw, 247px\" \/><\/a><\/figure><\/div>\n\n\n\n<p>Mi consolano le parole del caro amico nel cammino, san Filippo Neri: <em>\u201cNon \u00e8 tempo di dormire, perch\u00e9 il Paradiso non \u00e8 fatto per i poltroni\u201d. <\/em>Ma ritengo difficile poter condensare in poche righe le emozioni che porto dentro nel salutare Cassina De\u2019 Pecchi, che in questo anno \u00e8 stata il mio accampamento.<\/p>\n\n\n\n<p>Ripenso ai volti, nomi, storie incontrati e benedico Dio per quanto queste relazioni sono fiorite col tempo. Le relazioni pi\u00f9 belle e pi\u00f9 vere non nascono in qualche giorno: nascono, crescono e fioriscono con il tempo, con il passare delle stagioni, per poter raccogliere confidenze, benedire Dio per i passi che l\u2019altro compie, passi che hanno il sapore di unicit\u00e0.<\/p>\n\n\n\n<p>Certamente nella mia tenda, una capanna di nuvole e di stelle, porter\u00f2 la gratitudine per gli incontri fatti, per l\u2019entusiasmo gustato soprattutto questa estate al Passo del Tonale, con i ragazzi, le ragazze, gli adolescenti e gli educatori giovani (tutti loro sono stati di esempio e di testimonianza per me, per la loro vitalit\u00e0 e freschezza, la loro gioia e il loro entusiasmo reale, puro, onesto) per le serate in cui abbiamo alzato lo sguardo a contemplare il firmamento, intessuto da mani sapienti. In cui abbiamo riso e scherzato, in cui ci siamo lasciati accompagnare dal Signore e dal Suo Amore, in cui abbiamo riempito gli occhi di bellezza, quella bellezza che tutti noi dobbiamo riconoscere di essere, quella bellezza che il mondo ha bisogno per esserne nutrito, perch\u00e9: <em>\u201cLa bellezza \u00e8 nello sguardo di chi ama\u201d<\/em>. Ripenso ai tanti incontri fatti in oratorio, alle amicizie con le pi\u00f9 varie fasce d\u2019et\u00e0 nate, alla testimonianza silenziosa di tante persone che hanno a cuore la Comunit\u00e0 e che si prendono cura non solo dei luoghi, ma anche delle persone.<\/p>\n\n\n\n<p>Porter\u00f2 con me la testimonianza vera e forte di una comunit\u00e0, che sa essere grata per quelle persone che hanno camminato con voi, come don Michele, o che hanno camminato assieme a voi e vivono gi\u00e0 la Pasqua eterna in cielo: don Bruno, don Giuseppe, Matteo, Lorenzo, Antonio, Tarcisio.<\/p>\n\n\n\n<p>Nelle notti stellate, alzer\u00f2 lo sguardo a benedire Colui che \u00e8 \u201cmio rifugio e mia fortezza\u201d (Sal 90) per la testimonianza dei vostri preti: per l\u2019entusiasmo di don Massimo, la paternit\u00e0 di don Fabio, la semplicit\u00e0 di don Bangaly, l\u2019umilt\u00e0 di don Silvio. Sono grato per aver incontrato uomini felici di essere preti, uomini innamorati del Signore e della propria Comunit\u00e0, veri testimoni del Risorto con la loro disponibilit\u00e0 e la loro infaticabilit\u00e0. Tanto ho imparato da loro, da ciascuno di loro, a crescere e a far fiorire e non perdere l\u2019entusiasmo, la gioia cristiana, quella che anche nelle avversit\u00e0, anche nei momenti difficili non fa perdere la pace interiore, che \u00e8 la certezza che il Signore cammina con noi, che ci ama cos\u00ec come siamo e per quello che siamo.<\/p>\n\n\n\n<p>Alla gratitudine per i preti, non posso non essere grato al Signore anche per aver incontrato colei che definisco una donna di \u201cinfaticabilit\u00e0 apostolica\u201d \u2013 per usare un\u2019espressione di don Michele \u2013 che \u00e8 suor Alessandra: anche a lei la mia gratitudine per la sua testimonianza di donna e consacrata operosa, generosa, felice, sempre col sorriso in volto.<\/p>\n\n\n\n<p>Permettetemi di chiedere perdono per le mie mancanze, per i miei ben evidenti difetti (come la dieta mai riuscita!). Chiedo a ciascuno di accompagnare me e i miei compagni con la preghiera: ritengo la preghiera la forma pi\u00f9 vera e sincera di vicinanza che possiamo regalare a una persona. Io ogni giorno vi penso, ogni giorno penso a ciascuno di voi, ogni giorno vi affido nella preghiera. Riprendo allora con gioia e con serenit\u00e0 il mio cammino, verso una nuova destinazione, con una certezza che mi rende allegro: ho ricevuto molto di pi\u00f9 di quanto io potessi donare.<\/p>\n\n\n\n<p>Un abbraccio, di vero cuore, vostro&nbsp;&nbsp;<\/p>\n\n\n\n<p class=\"has-text-align-right\"><strong>Pietro Solinas<\/strong><\/p>\n\n\n\n<p style=\"font-size:19px\" class=\"has-background has-text-align-center has-light-green-cyan-background-color\"><strong>Domenica 13 settembre<\/strong><br \/><strong>Ore 10.00 in SMA<\/strong><br \/><strong>S.Messa di saluto al seminarista Pietro<\/strong><\/p>\n","protected":false},"excerpt":{"rendered":"<p>E ora il cammino riprende. Non ch\u2019esso si sia mai interrotto; semplicemente dopo un anno con voi, levo la mia povera tenda e parto, verso una nuova destinazione. Mi consolano le parole del caro amico nel cammino, san Filippo Neri: \u201cNon \u00e8 tempo di dormire, perch\u00e9 il Paradiso non \u00e8 fatto per i poltroni\u201d. Ma [&hellip;]<\/p>\n","protected":false},"author":2,"featured_media":0,"comment_status":"closed","ping_status":"open","sticky":false,"template":"","format":"standard","meta":{"footnotes":""},"categories":[19],"tags":[],"class_list":{"0":"post-13723","1":"post","2":"type-post","3":"status-publish","4":"format-standard","6":"category-prima-pagina"},"_links":{"self":[{"href":"https:\/\/comunitapastoralecassina.org\/ver2\/wp-json\/wp\/v2\/posts\/13723","targetHints":{"allow":["GET"]}}],"collection":[{"href":"https:\/\/comunitapastoralecassina.org\/ver2\/wp-json\/wp\/v2\/posts"}],"about":[{"href":"https:\/\/comunitapastoralecassina.org\/ver2\/wp-json\/wp\/v2\/types\/post"}],"author":[{"embeddable":true,"href":"https:\/\/comunitapastoralecassina.org\/ver2\/wp-json\/wp\/v2\/users\/2"}],"replies":[{"embeddable":true,"href":"https:\/\/comunitapastoralecassina.org\/ver2\/wp-json\/wp\/v2\/comments?post=13723"}],"version-history":[{"count":3,"href":"https:\/\/comunitapastoralecassina.org\/ver2\/wp-json\/wp\/v2\/posts\/13723\/revisions"}],"predecessor-version":[{"id":13728,"href":"https:\/\/comunitapastoralecassina.org\/ver2\/wp-json\/wp\/v2\/posts\/13723\/revisions\/13728"}],"wp:attachment":[{"href":"https:\/\/comunitapastoralecassina.org\/ver2\/wp-json\/wp\/v2\/media?parent=13723"}],"wp:term":[{"taxonomy":"category","embeddable":true,"href":"https:\/\/comunitapastoralecassina.org\/ver2\/wp-json\/wp\/v2\/categories?post=13723"},{"taxonomy":"post_tag","embeddable":true,"href":"https:\/\/comunitapastoralecassina.org\/ver2\/wp-json\/wp\/v2\/tags?post=13723"}],"curies":[{"name":"wp","href":"https:\/\/api.w.org\/{rel}","templated":true}]}}