{"id":13741,"date":"2020-09-11T17:25:40","date_gmt":"2020-09-11T15:25:40","guid":{"rendered":"http:\/\/comunitapastoralecassina.org\/ver2\/?p=13741"},"modified":"2020-09-18T15:09:06","modified_gmt":"2020-09-18T13:09:06","slug":"festa-oratorio-san-domenico","status":"publish","type":"post","link":"https:\/\/comunitapastoralecassina.org\/ver2\/2020\/09\/festa-oratorio-san-domenico\/","title":{"rendered":"Festa oratorio San Domenico"},"content":{"rendered":"\n<div class=\"wp-block-image\"><figure class=\"alignright size-large is-resized\"><a href=\"http:\/\/comunitapastoralecassina.org\/ver2\/wp-content\/uploads\/festa-oratorio-2.jpeg\"><img loading=\"lazy\" decoding=\"async\" src=\"http:\/\/comunitapastoralecassina.org\/ver2\/wp-content\/uploads\/festa-oratorio-2-716x1024.jpeg\" alt=\"\" class=\"wp-image-13811\" width=\"343\" height=\"490\" srcset=\"https:\/\/comunitapastoralecassina.org\/ver2\/wp-content\/uploads\/festa-oratorio-2-716x1024.jpeg 716w, https:\/\/comunitapastoralecassina.org\/ver2\/wp-content\/uploads\/festa-oratorio-2-210x300.jpeg 210w, https:\/\/comunitapastoralecassina.org\/ver2\/wp-content\/uploads\/festa-oratorio-2-768x1098.jpeg 768w, https:\/\/comunitapastoralecassina.org\/ver2\/wp-content\/uploads\/festa-oratorio-2-1074x1536.jpeg 1074w, https:\/\/comunitapastoralecassina.org\/ver2\/wp-content\/uploads\/festa-oratorio-2-696x995.jpeg 696w, https:\/\/comunitapastoralecassina.org\/ver2\/wp-content\/uploads\/festa-oratorio-2-1068x1527.jpeg 1068w, https:\/\/comunitapastoralecassina.org\/ver2\/wp-content\/uploads\/festa-oratorio-2-294x420.jpeg 294w, https:\/\/comunitapastoralecassina.org\/ver2\/wp-content\/uploads\/festa-oratorio-2.jpeg 1119w\" sizes=\"auto, (max-width: 343px) 100vw, 343px\" \/><\/a><\/figure><\/div>\n\n\n\n<p>Quest\u2019anno la festa dell\u2019oratorio, sicuramente pi\u00f9 semplice rispetto agli altri anni, si far\u00e0 anche perch\u00e9 ricorderemo i 20 anni di consacrazione della nostra cappellina avvenuta il 1 ottobre del 2000 con il Card. Martini.<\/p>\n\n\n\n<p>Il dettaglio degli appuntamenti lo troverete sul prossimo insieme&#8230; per ora iniziamo a segnalare questi momenti:<\/p>\n\n\n\n<p><strong><span class=\"has-inline-color has-vivid-red-color\">Marted\u00ec 22\/9 ore 21.00 in oratorio SDS<\/span> <\/strong>Incontro con i genitori dei ragazzi di 2 media, che faranno la Cresima a ottobre<\/p>\n\n\n\n<p><strong><span class=\"has-inline-color has-vivid-red-color\">Mercoled\u00ec 23\/9 ore 18.30<\/span><\/strong> S. Messa per l\u2019inizio anno scolastico in S. Maria Ausiliatrice<\/p>\n\n\n\n<p><strong><span class=\"has-inline-color has-vivid-red-color\">Gioved\u00ec 24\/9 ore 21.00 in oratorio SDS <\/span><\/strong>Incontro con i genitori dei ragazzi di V elementare, che faranno la prima Comunione a novembre<\/p>\n\n\n\n<p><strong><span class=\"has-inline-color has-vivid-red-color\">Sabato 26\/9 ore 16.00<\/span><\/strong><\/p>\n\n\n\n<ul class=\"wp-block-list\"><li>Apertura pesca di beneficenza, stand e bar. Esibizioni, dimostrazioni di judo, karate e tai chi, partite di calcio, basket e pallavolo<\/li><li><strong>ore 19.00 PRIMO TURNO CENA con intrattenimento musicale<\/strong><\/li><li><strong>ore 21.00 SECONDO TURNO CENA con intrattenimento musicale<\/strong><\/li><\/ul>\n\n\n\n<p><strong><span class=\"has-inline-color has-vivid-red-color\">Domenica 27\/9<\/span><\/strong><\/p>\n\n\n\n<ul class=\"wp-block-list\"><li>ore 10.30 S. Messa in Oratorio<\/li><li>ore 12.30 PRANZO<\/li><li>ore 15.00 Apertura pesca di beneficenza e stand vari.<\/li><li>ore 15.30 Saluto festoso ai REMIGINI delle scuole dell\u2019infanzia parrocchiali che hanno appena iniziato la prima elementare<\/li><li>ore 16.00 Intrattenimento per bambini<\/li><li>ore 16.30 Incontro con i genitori dei ragazzi della catechesi (2-3-4 elem.-1 media)<\/li><li>ore 17.30 Preghiera per tutti sul piazzale<\/li><\/ul>\n\n\n\n<p><strong><span class=\"has-inline-color has-vivid-red-color\">Gioved\u00ec 1 Ottobre &#8211; XX di Consacrazione Cappellina SDS<\/span><\/strong><\/p>\n\n\n\n<ul class=\"wp-block-list\"><li>20.30 Il nostro <strong>Arcivescovo Mario<\/strong> affider\u00e0 il mandato educativo a Catechiesti e Educatori<\/li><li>21.00 <a href=\"http:\/\/comunitapastoralecassina.org\/ver2\/2020\/09\/papa-francesco-ci-ha-scritto-per-il-20-della-consacrazione-delloratorio\/\" target=\"_blank\" rel=\"noreferrer noopener\">Serata di festa e preghiera con la Comunit\u00e0<\/a><br \/>(Posti limitati in base agli spazi disponibili)<\/li><\/ul>\n\n\n\n<p class=\"has-background has-light-green-cyan-background-color\">Per le due cene di sabato e il pranzo di domenica sar\u00e0 fondamentale la <strong>prenotazione in segreteria SDS da marted\u00ec 15\/09<\/strong>. Si manger\u00e0 in aree e posti riservati in base alle prenotazioni. ( posti limitati in base agli spazi e alle norme in vigore)<\/p>\n\n\n\n<p class=\"has-background has-pale-cyan-blue-background-color\"><strong>Volontari cercasi per servizio accoglienza in oratorio<\/strong><br \/>In occasione dei prossimi momenti di festa in Oratorio abbiamo bisogno di poter coordinare e gestire tutto al meglio ( accoglienza\/ gestione e sicurezza). Per questo chiediamo la disponibilit\u00e0 a tutti coloro che potranno esserci per i due momenti previsti: la festa dell\u2019Oratorio <strong>26 e 27 settembre <\/strong>e la visita dell\u2019arcivescovo <strong>la sera del 1 ottobre<\/strong>.<br \/>Ci troveremo per spiegare al meglio i servizi e raccogliere le singole disponibilit\u00e0 <strong>mercoled\u00ec 23 settembre alle 21.15 <\/strong>in oratorio SDS all\u2019aperto sotto il tendone.<br \/>Ogni aiuto sar\u00e0 prezioso per vivere questi momenti di ritrovo della comunit\u00e0.<\/p>\n\n\n\n<p class=\"has-background has-luminous-vivid-amber-background-color\">Il Gruppo Savio Kart, che con varie attivit\u00e0 finanzia autonomamente lavori di manutenzione e acquisto per il nostro Oratorio, ha ideato insieme ai nostri Don una nuova inziativa: <strong>un Mercatino <\/strong>dell\u2019usato nel bar ex cinema. Siete tutti invitati a venire a curiosare sabato 26 e domenica 27 settembre.<\/p>\n","protected":false},"excerpt":{"rendered":"<p>Quest\u2019anno la festa dell\u2019oratorio, sicuramente pi\u00f9 semplice rispetto agli altri anni, si far\u00e0 anche perch\u00e9 ricorderemo i 20 anni di consacrazione della nostra cappellina avvenuta il 1 ottobre del 2000 con il Card. Martini. Il dettaglio degli appuntamenti lo troverete sul prossimo insieme&#8230; per ora iniziamo a segnalare questi momenti: Marted\u00ec 22\/9 ore 21.00 in [&hellip;]<\/p>\n","protected":false},"author":2,"featured_media":13742,"comment_status":"closed","ping_status":"open","sticky":false,"template":"","format":"standard","meta":{"footnotes":""},"categories":[23],"tags":[],"class_list":{"0":"post-13741","1":"post","2":"type-post","3":"status-publish","4":"format-standard","5":"has-post-thumbnail","7":"category-avvisi"},"_links":{"self":[{"href":"https:\/\/comunitapastoralecassina.org\/ver2\/wp-json\/wp\/v2\/posts\/13741","targetHints":{"allow":["GET"]}}],"collection":[{"href":"https:\/\/comunitapastoralecassina.org\/ver2\/wp-json\/wp\/v2\/posts"}],"about":[{"href":"https:\/\/comunitapastoralecassina.org\/ver2\/wp-json\/wp\/v2\/types\/post"}],"author":[{"embeddable":true,"href":"https:\/\/comunitapastoralecassina.org\/ver2\/wp-json\/wp\/v2\/users\/2"}],"replies":[{"embeddable":true,"href":"https:\/\/comunitapastoralecassina.org\/ver2\/wp-json\/wp\/v2\/comments?post=13741"}],"version-history":[{"count":4,"href":"https:\/\/comunitapastoralecassina.org\/ver2\/wp-json\/wp\/v2\/posts\/13741\/revisions"}],"predecessor-version":[{"id":13812,"href":"https:\/\/comunitapastoralecassina.org\/ver2\/wp-json\/wp\/v2\/posts\/13741\/revisions\/13812"}],"wp:featuredmedia":[{"embeddable":true,"href":"https:\/\/comunitapastoralecassina.org\/ver2\/wp-json\/wp\/v2\/media\/13742"}],"wp:attachment":[{"href":"https:\/\/comunitapastoralecassina.org\/ver2\/wp-json\/wp\/v2\/media?parent=13741"}],"wp:term":[{"taxonomy":"category","embeddable":true,"href":"https:\/\/comunitapastoralecassina.org\/ver2\/wp-json\/wp\/v2\/categories?post=13741"},{"taxonomy":"post_tag","embeddable":true,"href":"https:\/\/comunitapastoralecassina.org\/ver2\/wp-json\/wp\/v2\/tags?post=13741"}],"curies":[{"name":"wp","href":"https:\/\/api.w.org\/{rel}","templated":true}]}}