{"id":13745,"date":"2020-09-11T17:32:06","date_gmt":"2020-09-11T15:32:06","guid":{"rendered":"http:\/\/comunitapastoralecassina.org\/ver2\/?p=13745"},"modified":"2020-09-11T17:32:08","modified_gmt":"2020-09-11T15:32:08","slug":"coro-dei-ragazzi-ripartiamo-in-sicurezza","status":"publish","type":"post","link":"https:\/\/comunitapastoralecassina.org\/ver2\/2020\/09\/coro-dei-ragazzi-ripartiamo-in-sicurezza\/","title":{"rendered":"Coro dei ragazzi: ripartiamo&#8230; in sicurezza!"},"content":{"rendered":"\n<p><strong>Sabato 19 settembre <\/strong>il coro dei pi\u00f9 giovani che anima la messa in S. Maria Ausiliatrice riprende l\u2019appuntamento con le PROVE, nella cappellina dell\u2019<strong>oratorio SDS, dalle 14.45 alle 15.45.<\/strong><strong><\/strong><\/p>\n\n\n\n<p>Il tutto si svolger\u00e0 nel rispetto del distanziamento e con tutte le opportune regole di sicurezza: ai coristi \u00e8 richiesto di presentarsi con la mascherina &#8230;e con la consueta passione per il canto, che in tutti questi anni \u00e8 stato il motore di questo servizio alla comunit\u00e0 e che in questi mesi ci \u00e8 davvero mancato.<\/p>\n\n\n\n<p>Al resto ci pensiamo noi!<\/p>\n\n\n\n<p>Primo appuntamento importante da preparare: la celebrazione per la Festa dell\u2019Oratorio 2020!<\/p>\n","protected":false},"excerpt":{"rendered":"<p>Sabato 19 settembre il coro dei pi\u00f9 giovani che anima la messa in S. Maria Ausiliatrice riprende l\u2019appuntamento con le PROVE, nella cappellina dell\u2019oratorio SDS, dalle 14.45 alle 15.45. Il tutto si svolger\u00e0 nel rispetto del distanziamento e con tutte le opportune regole di sicurezza: ai coristi \u00e8 richiesto di presentarsi con la mascherina &#8230;e [&hellip;]<\/p>\n","protected":false},"author":2,"featured_media":0,"comment_status":"closed","ping_status":"open","sticky":false,"template":"","format":"standard","meta":{"footnotes":""},"categories":[115],"tags":[],"class_list":{"0":"post-13745","1":"post","2":"type-post","3":"status-publish","4":"format-standard","6":"category-in-evidenza"},"_links":{"self":[{"href":"https:\/\/comunitapastoralecassina.org\/ver2\/wp-json\/wp\/v2\/posts\/13745","targetHints":{"allow":["GET"]}}],"collection":[{"href":"https:\/\/comunitapastoralecassina.org\/ver2\/wp-json\/wp\/v2\/posts"}],"about":[{"href":"https:\/\/comunitapastoralecassina.org\/ver2\/wp-json\/wp\/v2\/types\/post"}],"author":[{"embeddable":true,"href":"https:\/\/comunitapastoralecassina.org\/ver2\/wp-json\/wp\/v2\/users\/2"}],"replies":[{"embeddable":true,"href":"https:\/\/comunitapastoralecassina.org\/ver2\/wp-json\/wp\/v2\/comments?post=13745"}],"version-history":[{"count":1,"href":"https:\/\/comunitapastoralecassina.org\/ver2\/wp-json\/wp\/v2\/posts\/13745\/revisions"}],"predecessor-version":[{"id":13746,"href":"https:\/\/comunitapastoralecassina.org\/ver2\/wp-json\/wp\/v2\/posts\/13745\/revisions\/13746"}],"wp:attachment":[{"href":"https:\/\/comunitapastoralecassina.org\/ver2\/wp-json\/wp\/v2\/media?parent=13745"}],"wp:term":[{"taxonomy":"category","embeddable":true,"href":"https:\/\/comunitapastoralecassina.org\/ver2\/wp-json\/wp\/v2\/categories?post=13745"},{"taxonomy":"post_tag","embeddable":true,"href":"https:\/\/comunitapastoralecassina.org\/ver2\/wp-json\/wp\/v2\/tags?post=13745"}],"curies":[{"name":"wp","href":"https:\/\/api.w.org\/{rel}","templated":true}]}}