{"id":13752,"date":"2020-09-15T14:21:30","date_gmt":"2020-09-15T12:21:30","guid":{"rendered":"http:\/\/comunitapastoralecassina.org\/ver2\/?p=13752"},"modified":"2024-09-26T11:19:23","modified_gmt":"2024-09-26T09:19:23","slug":"a-occhi-aperti-catechesi-2020-21","status":"publish","type":"post","link":"https:\/\/comunitapastoralecassina.org\/ver2\/2020\/09\/a-occhi-aperti-catechesi-2020-21\/","title":{"rendered":"A occhi aperti! Catechesi 2020-21"},"content":{"rendered":"\n<p style=\"font-size:20px\" class=\"has-background has-text-align-center has-pale-cyan-blue-background-color\"><strong><em>&#8220;La sapienza orienta l&#8217;arte di vivere,<\/em><br \/><em>di stare nel mondo, di stare insieme,<\/em><br \/><em>di interpretare il nostro tempo<\/em><br \/><em>e di compiere scelte sagge<\/em><br \/><em>e promettenti&#8221;<\/em><\/strong><\/p>\n\n\n\n<p class=\"has-text-align-right\">Mario Delpini<br \/>Dalla lettera pastorale &#8220;Infonda Dio sapienza nel cuore&#8221;<\/p>\n\n\n\n<h2 class=\"has-vivid-cyan-blue-color has-text-color wp-block-heading\"><strong>Orari Catechesi<\/strong><\/h2>\n\n\n\n<div><a href=\"http:\/\/comunitapastoralecassina.org\/ver2\/wp-content\/uploads\/PANNELLO-ORARI-CATECHESI_2020_LOW-732x1024.jpg\" class=\"td-modal-image\"><div class=\"wp-block-image\"><figure class=\"alignright size-large is-resized\"><img loading=\"lazy\" decoding=\"async\" src=\"http:\/\/comunitapastoralecassina.org\/ver2\/wp-content\/uploads\/PANNELLO-ORARI-CATECHESI_2020_LOW-732x1024.jpg\" alt=\"\" class=\"wp-image-13767\" width=\"392\" height=\"547\" srcset=\"https:\/\/comunitapastoralecassina.org\/ver2\/wp-content\/uploads\/PANNELLO-ORARI-CATECHESI_2020_LOW-732x1024.jpg 732w, https:\/\/comunitapastoralecassina.org\/ver2\/wp-content\/uploads\/PANNELLO-ORARI-CATECHESI_2020_LOW-214x300.jpg 214w, https:\/\/comunitapastoralecassina.org\/ver2\/wp-content\/uploads\/PANNELLO-ORARI-CATECHESI_2020_LOW-768x1074.jpg 768w, https:\/\/comunitapastoralecassina.org\/ver2\/wp-content\/uploads\/PANNELLO-ORARI-CATECHESI_2020_LOW-300x420.jpg 300w, https:\/\/comunitapastoralecassina.org\/ver2\/wp-content\/uploads\/PANNELLO-ORARI-CATECHESI_2020_LOW.jpg 985w\" sizes=\"auto, (max-width: 392px) 100vw, 392px\" \/><\/figure><\/div><\/a><\/div>\n\n\n\n<ul class=\"wp-block-list\"><li><strong>2a Elementare<\/strong><br \/>Luned\u00ec dalle 17.00 alle 18.00 da Novembre<\/li><li><strong>3a Elementare<\/strong><br \/>Marted\u00ec dalle 17.00 alle 18.00 da Ottobre<\/li><li><strong>4a Elementare<\/strong><br \/>Gioved\u00ec dalle 17.00 alle 18.00<\/li><li><strong>5a Elementare<\/strong><br \/>Mercoled\u00ec dalle 17.00 alle 18.00<\/li><li><strong>Preado 1a Media<\/strong><br \/>Venerd\u00ec dalle 17.00 alle 18.00<\/li><li><strong>Gruppo ADO <\/strong>dal 2002 al 2006<br \/>Luned\u00ec sera dalle 20.45 alle 22.00<\/li><li><strong>Giovani<\/strong><br \/>Incontro una domenica al mese alle 19.30 in SDS dal 4 ottobre<br \/>Lectio un mercoled\u00ec al mese alle 20.45 in SMA<\/li><\/ul>\n\n\n\n<h2 class=\"has-vivid-cyan-blue-color has-text-color wp-block-heading\"><strong>Gli incontri per i genitori saranno<\/strong><\/h2>\n\n\n\n<ul class=\"wp-block-list\"><li>Marted\u00ec 22 settembre alle 21.00 in oratorio sds per i genitori dei ragazzi di seconda media ( 2008)<\/li><li>Gioved\u00ec 24 settembre alle 21.00 in oratorio sds per i genitori di quinta elementare (2010).<\/li><li>Domenica 27 alle 16.30 in oratorio sds per i genitori di 3, 4 elementare e 1^ media<\/li><\/ul>\n\n\n\n<div class=\"wp-block-buttons is-layout-flex wp-block-buttons-is-layout-flex\">\n<div class=\"wp-block-button\"><a class=\"wp-block-button__link\" href=\"http:\/\/comunitapastoralecassina.org\/ver2\/wp-content\/uploads\/moduli-catechesi.zip\" target=\"_blank\" rel=\"noreferrer noopener\">PER L&#8217;ISCRIZIONE: Scarica i 3 moduli che puoi compilare e portare in segreteria<\/a><\/div>\n<\/div>\n\n\n\n<p><strong>La segreteria \u00e8 aperta da luned\u00ec a gioved\u00ec dalle 16.30 alle 18.30, il venerd\u00ec dalle 17,00 alle 19,30.<\/strong><\/p>\n","protected":false},"excerpt":{"rendered":"<p>&#8220;La sapienza orienta l&#8217;arte di vivere,di stare nel mondo, di stare insieme,di interpretare il nostro tempoe di compiere scelte saggee promettenti&#8221; Mario DelpiniDalla lettera pastorale &#8220;Infonda Dio sapienza nel cuore&#8221; Orari Catechesi 2a ElementareLuned\u00ec dalle 17.00 alle 18.00 da Novembre 3a ElementareMarted\u00ec dalle 17.00 alle 18.00 da Ottobre 4a ElementareGioved\u00ec dalle 17.00 alle 18.00 5a [&hellip;]<\/p>\n","protected":false},"author":2,"featured_media":13753,"comment_status":"closed","ping_status":"open","sticky":false,"template":"","format":"standard","meta":{"footnotes":""},"categories":[23],"tags":[],"class_list":{"0":"post-13752","1":"post","2":"type-post","3":"status-publish","4":"format-standard","5":"has-post-thumbnail","7":"category-avvisi"},"_links":{"self":[{"href":"https:\/\/comunitapastoralecassina.org\/ver2\/wp-json\/wp\/v2\/posts\/13752","targetHints":{"allow":["GET"]}}],"collection":[{"href":"https:\/\/comunitapastoralecassina.org\/ver2\/wp-json\/wp\/v2\/posts"}],"about":[{"href":"https:\/\/comunitapastoralecassina.org\/ver2\/wp-json\/wp\/v2\/types\/post"}],"author":[{"embeddable":true,"href":"https:\/\/comunitapastoralecassina.org\/ver2\/wp-json\/wp\/v2\/users\/2"}],"replies":[{"embeddable":true,"href":"https:\/\/comunitapastoralecassina.org\/ver2\/wp-json\/wp\/v2\/comments?post=13752"}],"version-history":[{"count":23,"href":"https:\/\/comunitapastoralecassina.org\/ver2\/wp-json\/wp\/v2\/posts\/13752\/revisions"}],"predecessor-version":[{"id":13785,"href":"https:\/\/comunitapastoralecassina.org\/ver2\/wp-json\/wp\/v2\/posts\/13752\/revisions\/13785"}],"wp:featuredmedia":[{"embeddable":true,"href":"https:\/\/comunitapastoralecassina.org\/ver2\/wp-json\/wp\/v2\/media\/13753"}],"wp:attachment":[{"href":"https:\/\/comunitapastoralecassina.org\/ver2\/wp-json\/wp\/v2\/media?parent=13752"}],"wp:term":[{"taxonomy":"category","embeddable":true,"href":"https:\/\/comunitapastoralecassina.org\/ver2\/wp-json\/wp\/v2\/categories?post=13752"},{"taxonomy":"post_tag","embeddable":true,"href":"https:\/\/comunitapastoralecassina.org\/ver2\/wp-json\/wp\/v2\/tags?post=13752"}],"curies":[{"name":"wp","href":"https:\/\/api.w.org\/{rel}","templated":true}]}}