{"id":13818,"date":"2020-09-25T12:03:02","date_gmt":"2020-09-25T10:03:02","guid":{"rendered":"http:\/\/comunitapastoralecassina.org\/ver2\/?p=13818"},"modified":"2024-09-26T11:19:23","modified_gmt":"2024-09-26T09:19:23","slug":"1-ottobre-2000-2020-un-nuovo-inizio","status":"publish","type":"post","link":"https:\/\/comunitapastoralecassina.org\/ver2\/2020\/09\/1-ottobre-2000-2020-un-nuovo-inizio\/","title":{"rendered":"1 ottobre (2000 \u2013 2020) &#8211; Un nuovo \u201cinizio\u201d &#8211; registrazione video qui"},"content":{"rendered":"\n<figure class=\"wp-block-embed-facebook wp-block-embed is-type-video is-provider-facebook\"><div class=\"wp-block-embed__wrapper\">\n<div id=\"fb-root\"><\/div><script async=\"1\" defer=\"1\" crossorigin=\"anonymous\" src=\"https:\/\/connect.facebook.net\/en_US\/sdk.js#xfbml=1&amp;version=v8.0\" nonce=\"steK7ZcG\"><\/script><div class=\"fb-video\" data-href=\"https:\/\/www.facebook.com\/173257769352889\/videos\/1102175780197429\" data-width=\"696\"><blockquote cite=\"https:\/\/www.facebook.com\/173257769352889\/videos\/1102175780197429\/\" class=\"fb-xfbml-parse-ignore\"><a href=\"https:\/\/www.facebook.com\/173257769352889\/videos\/1102175780197429\/\">1 ottobre (2000\u20132020) \u2013 Un nuovo \u201cinizio\u201d<\/a><p><\/p>Posted by <a href=\"https:\/\/www.facebook.com\/Comunit&#xe0;-Pastorale-Maria-Madre-della-Chiesa-di-Cassina-de-Pecchi-173257769352889\/\">Comunit\u00e0 Pastorale Maria Madre della Chiesa di Cassina de&#039; Pecchi<\/a> on Thursday, October 1, 2020<\/blockquote><\/div>\n<\/div><\/figure>\n\n\n\n<div class=\"wp-block-buttons is-layout-flex wp-block-buttons-is-layout-flex\">\n<div class=\"wp-block-button\"><a class=\"wp-block-button__link\" href=\"https:\/\/www.facebook.com\/photo?fbid=2112435108889308&amp;set=a.2112432888889530\" target=\"_blank\" rel=\"noreferrer noopener\">Foto<\/a><\/div>\n<\/div>\n\n\n\n<div class=\"wp-block-image\"><figure class=\"alignright size-large is-resized\"><a href=\"http:\/\/comunitapastoralecassina.org\/ver2\/wp-content\/uploads\/1-ottobre-2020.jpeg\"><img loading=\"lazy\" decoding=\"async\" src=\"http:\/\/comunitapastoralecassina.org\/ver2\/wp-content\/uploads\/1-ottobre-2020-716x1024.jpeg\" alt=\"\" class=\"wp-image-13802\" width=\"350\" height=\"501\" srcset=\"https:\/\/comunitapastoralecassina.org\/ver2\/wp-content\/uploads\/1-ottobre-2020-716x1024.jpeg 716w, https:\/\/comunitapastoralecassina.org\/ver2\/wp-content\/uploads\/1-ottobre-2020-210x300.jpeg 210w, https:\/\/comunitapastoralecassina.org\/ver2\/wp-content\/uploads\/1-ottobre-2020-768x1098.jpeg 768w, https:\/\/comunitapastoralecassina.org\/ver2\/wp-content\/uploads\/1-ottobre-2020-1074x1536.jpeg 1074w, https:\/\/comunitapastoralecassina.org\/ver2\/wp-content\/uploads\/1-ottobre-2020-696x995.jpeg 696w, https:\/\/comunitapastoralecassina.org\/ver2\/wp-content\/uploads\/1-ottobre-2020-1068x1527.jpeg 1068w, https:\/\/comunitapastoralecassina.org\/ver2\/wp-content\/uploads\/1-ottobre-2020-294x420.jpeg 294w, https:\/\/comunitapastoralecassina.org\/ver2\/wp-content\/uploads\/1-ottobre-2020.jpeg 1119w\" sizes=\"auto, (max-width: 350px) 100vw, 350px\" \/><\/a><\/figure><\/div>\n\n\n\n<p>Vent\u2019anni fa la scelta del <em>Cardinal Carlo Maria Martini <\/em>di venire di persona a <strong>consacrare <\/strong>l\u2019Altare e la Cappellina di un Oratorio nella vasta<\/p>\n\n\n\n<p>Arcidiocesi di Milano, per Cassina de\u2019 Pecchi fu un <em>onore <\/em>che <em>premi\u00f2 <\/em>i lunghi sforzi ed i tanti sacrifici per un Oratorio atteso e desiderato per i ragazzi, i giovani e le famiglie. Un \u201cinizio\u201d che diede senz\u2019altro slancio e segn\u00f2 un cammino importante, atteso e desiderato per i ragazzi, i giovani e le famiglie. Un \u201cinizio\u201d che diede senz\u2019altro slancio e segn\u00f2 un cammino importante.<\/p>\n\n\n\n<p>Vent\u2019anni dopo, dopo l\u2019esperienza faticosa e non facile del <em>lockdown <\/em>dovuta alla Pandemia Covid \u2013 19, l\u2019<em>Arcivescovo di Milano Sua Ecc. Mons. Mario Delpini<\/em>, ritorna in questa Cappellina, <em>\u201ccuore\u201d <\/em>del San Domenico Savio, in questa fase delicata e particolare di <strong>\u201cri-partenza\u201d <\/strong>di tutti gli Oratori della Diocesi.<\/p>\n\n\n\n<p>Questa Festa dei XX del San Domenico Savio sia una coraggiosa spinta a riprendere con gioia, entusiasmo e passione una Storia educativa importante di incontri, di esperienze, di aggregazione nella nostra Comunit\u00e0 di Cassina. Tutti, ma davvero tutti, siamo invitati ad esserci con il nostro Vescovo perch\u00e9 \u00e8 <em>INSIEME che desideriamo \u201cri-partire\u201d<\/em>. Vi aspettiamo!<\/p>\n\n\n\n<p><strong>Don Massimo<\/strong><\/p>\n\n\n\n<hr class=\"wp-block-separator\"\/>\n\n\n\n<h2 class=\"wp-block-heading\"><strong>Saluto del Parroco don Massimo nell\u2019accogliere l\u2019Arcivescovo in Cappellina San Domenico Savio<\/strong><\/h2>\n\n\n\n<p>E&#8217; bello accoglierla qui, in questa Cappellina<br \/>che <em>20 anni fa<\/em>, come oggi <em>(era una domenica mattina)<\/em>,<br \/>veniva consacrata dall\u2019Arcivescovo di Milano.<\/p>\n\n\n\n<p>Ci troviamo nel <strong>cuore<\/strong> del nostro Oratorio SDS<br \/><em>Se osserva il tabernacolo?<br \/><\/em>Ha la forma di un <em>chicco di grano<\/em>, di un <em>seme<\/em>\u2026<br \/>Invece sull\u2019altare si notano le spighe di grano.<\/p>\n\n\n\n<p><em>&#8220;Educare \u00e8 come seminare<\/em> (ci ricordava il Card. Martini)<br \/><em>il frutto non \u00e8 garantito e non \u00e8 immediato,<br \/>ma se non si semina \u00e8 certo che non ci sar\u00e0 raccolto&#8221;<\/em>.<\/p>\n\n\n\n<p>Caro Arcivescovo Mario, la nostra Festa, questa sera,<br \/>inizia, parte, proprio da <strong>qui<\/strong> <em>(luogo)<\/em><br \/>ed \u00e8 presente una <strong>parte preziosa<\/strong> della Comunit\u00e0 educante<br \/><em>(catechiste\/i \u2026 guide Scout.. educatori dei vari cammini)<\/em><br \/>seguiti ed accompagnati,<br \/>con l\u2019entusiasmo e la passione di don Fabio,<br \/>insieme desiderano ora (in questa <strong>ri-partenza<\/strong>)<br \/>accogliere con gioia dalla Chiesa,<br \/>accogliere con responsabilit\u00e0 dal proprio Vescovo<br \/>il mandato educativo.<\/p>\n\n\n\n<hr class=\"wp-block-separator\"\/>\n\n\n\n<h2 class=\"wp-block-heading\"><strong>Saluto ufficiale del Parroco don Massimo all\u2019Arcivescovo all\u2019inizio della Serata Festa XX SDS<\/strong><\/h2>\n\n\n\n<p>Buonasera a tutti!<br \/>Benvenuto Arcivescovo Mario e grazie ancora di essere qui!<\/p>\n\n\n\n<p>Conoscendo un pochino il nostro Arcivescovo sono sicuro che si sar\u00e0 chiesto: <em>\u201cMa perch\u00e9 invitare proprio l\u2019Arcivescovo di Milano, con tutti gli impegni della Sua agenda, per i 20 anni di un Oratorio\u201d?<\/em><\/p>\n\n\n\n<p>Vede Arcivescovo Mario, la scelta del Cardinal Martini di venire di persona qui a Cassina a consacrare la Cappellina dell\u2019Oratorio, fu un grande dono. Diede il fischio di inizio ad una realt\u00e0 attesa, desiderata, voluta (con non pochi sacrifici) dalla Comunit\u00e0.<\/p>\n\n\n\n<p>Un <strong>Paese<\/strong> <em>(Cassina de\u2019 Pecchi)<\/em> <strong>cresciuto<\/strong> negli anni con provenienze da ogni parte d\u2019Italia <em>(e non solo) (un Paese) <\/em>che proprio grazie alla <em>Parrocchia<\/em>, grazie all\u2019<em>Oratorio<\/em> <strong>si \u00e8 riconosciuto<\/strong> Comunit\u00e0\u2026. Comunit\u00e0 di legami, di relazioni, di incontri, di tradizioni da condividere e costruire insieme\u2026<\/p>\n\n\n\n<p>Grazie! Perch\u00e9 la Sua presenza <em>(a vent\u2019anni da quel 1 ottobre del 2000) <\/em><strong>oggi<\/strong> in questo tempo particolare (che abbiamo vissuto e stiamo vivendo) \u00e8 un <strong>altrettanto<\/strong> prezioso dono.<br \/>E\u2019 un altrettanto significativo <strong>fischio di inizio<\/strong> per la ri-partenza.<\/p>\n\n\n\n<p>La Festa di questa sera \u00e8 <strong><em>una vera e propria<\/em><\/strong> festa della Comunit\u00e0.<br \/>E, sono sicuro che, in ognuno di noi c\u2019\u00e8 il desiderio di <em>tornare ad abitare un <strong>luogo<\/strong> tanto importante per l\u2019educazione della fede e la fraternit\u00e0<\/em> che \u00e8 il <strong>nostro Oratorio<\/strong>.<\/p>\n\n\n\n<p>GRAZIE DI CUORE, ARCIVESCOVO MARIO!<a href=\"http:\/\/comunitapastoralecassina.org\/ver2\/wp-admin\/post.php?post=13818&amp;action=edit#\">General<\/a><a href=\"http:\/\/comunitapastoralecassina.org\/ver2\/wp-admin\/post.php?post=13818&amp;action=edit#\">Smart List<\/a><a href=\"http:\/\/comunitapastoralecassina.org\/ver2\/wp-admin\/post.php?post=13818&amp;action=edit#\">Reviews<\/a> Post template: <a href=\"http:\/\/comunitapastoralecassina.org\/ver2\/wp-admin\/post.php?post=13818&amp;action=edit#\">?<\/a><\/p>\n\n\n\n<figure class=\"wp-block-image\"><a href=\"http:\/\/comunitapastoralecassina.org\/ver2\/wp-admin\/post.php?post=13818&amp;action=edit#\"><img decoding=\"async\" src=\"http:\/\/comunitapastoralecassina.org\/ver2\/wp-content\/plugins\/td-composer\/legacy\/common\/wp_booster\/wp-admin\/images\/panel\/single_templates\/single_template_default.png\" alt=\"\"\/><\/a><\/figure>\n\n\n\n<figure class=\"wp-block-image\"><a href=\"http:\/\/comunitapastoralecassina.org\/ver2\/wp-admin\/post.php?post=13818&amp;action=edit#\"><img decoding=\"async\" src=\"http:\/\/comunitapastoralecassina.org\/ver2\/wp-content\/plugins\/td-composer\/legacy\/Newspaper\/assets\/images\/panel\/single_templates\/single_template_0.png\" alt=\"\"\/><\/a><\/figure>\n\n\n\n<figure class=\"wp-block-image\"><a href=\"http:\/\/comunitapastoralecassina.org\/ver2\/wp-admin\/post.php?post=13818&amp;action=edit#\"><img decoding=\"async\" src=\"http:\/\/comunitapastoralecassina.org\/ver2\/wp-content\/plugins\/td-standard-pack\/Newspaper\/assets\/images\/panel\/single_templates\/single_template_1.png\" alt=\"\"\/><\/a><\/figure>\n\n\n\n<figure class=\"wp-block-image\"><a href=\"http:\/\/comunitapastoralecassina.org\/ver2\/wp-admin\/post.php?post=13818&amp;action=edit#\"><img decoding=\"async\" src=\"http:\/\/comunitapastoralecassina.org\/ver2\/wp-content\/plugins\/td-standard-pack\/Newspaper\/assets\/images\/panel\/single_templates\/single_template_2.png\" alt=\"\"\/><\/a><\/figure>\n\n\n\n<figure class=\"wp-block-image\"><a href=\"http:\/\/comunitapastoralecassina.org\/ver2\/wp-admin\/post.php?post=13818&amp;action=edit#\"><img decoding=\"async\" src=\"http:\/\/comunitapastoralecassina.org\/ver2\/wp-content\/plugins\/td-standard-pack\/Newspaper\/assets\/images\/panel\/single_templates\/single_template_3.png\" alt=\"\"\/><\/a><\/figure>\n\n\n\n<figure class=\"wp-block-image\"><a href=\"http:\/\/comunitapastoralecassina.org\/ver2\/wp-admin\/post.php?post=13818&amp;action=edit#\"><img decoding=\"async\" src=\"http:\/\/comunitapastoralecassina.org\/ver2\/wp-content\/plugins\/td-standard-pack\/Newspaper\/assets\/images\/panel\/single_templates\/single_template_4.png\" alt=\"\"\/><\/a><\/figure>\n\n\n\n<figure class=\"wp-block-image\"><a href=\"http:\/\/comunitapastoralecassina.org\/ver2\/wp-admin\/post.php?post=13818&amp;action=edit#\"><img decoding=\"async\" src=\"http:\/\/comunitapastoralecassina.org\/ver2\/wp-content\/plugins\/td-standard-pack\/Newspaper\/assets\/images\/panel\/single_templates\/single_template_5.png\" alt=\"\"\/><\/a><\/figure>\n\n\n\n<figure class=\"wp-block-image\"><a href=\"http:\/\/comunitapastoralecassina.org\/ver2\/wp-admin\/post.php?post=13818&amp;action=edit#\"><img decoding=\"async\" src=\"http:\/\/comunitapastoralecassina.org\/ver2\/wp-content\/plugins\/td-standard-pack\/Newspaper\/assets\/images\/panel\/single_templates\/single_template_6.png\" alt=\"\"\/><\/a><\/figure>\n\n\n\n<figure class=\"wp-block-image\"><a href=\"http:\/\/comunitapastoralecassina.org\/ver2\/wp-admin\/post.php?post=13818&amp;action=edit#\"><img decoding=\"async\" src=\"http:\/\/comunitapastoralecassina.org\/ver2\/wp-content\/plugins\/td-standard-pack\/Newspaper\/assets\/images\/panel\/single_templates\/single_template_7.png\" alt=\"\"\/><\/a><\/figure>\n\n\n\n<figure class=\"wp-block-image\"><a href=\"http:\/\/comunitapastoralecassina.org\/ver2\/wp-admin\/post.php?post=13818&amp;action=edit#\"><img decoding=\"async\" src=\"http:\/\/comunitapastoralecassina.org\/ver2\/wp-content\/plugins\/td-standard-pack\/Newspaper\/assets\/images\/panel\/single_templates\/single_template_8.png\" alt=\"\"\/><\/a><\/figure>\n\n\n\n<figure class=\"wp-block-image\"><a href=\"http:\/\/comunitapastoralecassina.org\/ver2\/wp-admin\/post.php?post=13818&amp;action=edit#\"><img decoding=\"async\" src=\"http:\/\/comunitapastoralecassina.org\/ver2\/wp-content\/plugins\/td-standard-pack\/Newspaper\/assets\/images\/panel\/single_templates\/single_template_9.png\" alt=\"\"\/><\/a><\/figure>\n\n\n\n<figure class=\"wp-block-image\"><a href=\"http:\/\/comunitapastoralecassina.org\/ver2\/wp-admin\/post.php?post=13818&amp;action=edit#\"><img decoding=\"async\" src=\"http:\/\/comunitapastoralecassina.org\/ver2\/wp-content\/plugins\/td-standard-pack\/Newspaper\/assets\/images\/panel\/single_templates\/single_template_10.png\" alt=\"\"\/><\/a><\/figure>\n\n\n\n<figure class=\"wp-block-image\"><a href=\"http:\/\/comunitapastoralecassina.org\/ver2\/wp-admin\/post.php?post=13818&amp;action=edit#\"><img decoding=\"async\" src=\"http:\/\/comunitapastoralecassina.org\/ver2\/wp-content\/plugins\/td-standard-pack\/Newspaper\/assets\/images\/panel\/single_templates\/single_template_11.png\" alt=\"\"\/><\/a><\/figure>\n\n\n\n<figure class=\"wp-block-image\"><a href=\"http:\/\/comunitapastoralecassina.org\/ver2\/wp-admin\/post.php?post=13818&amp;action=edit#\"><img decoding=\"async\" src=\"http:\/\/comunitapastoralecassina.org\/ver2\/wp-content\/plugins\/td-standard-pack\/Newspaper\/assets\/images\/panel\/single_templates\/single_template_12.png\" alt=\"\"\/><\/a><\/figure>\n\n\n\n<figure class=\"wp-block-image\"><a href=\"http:\/\/comunitapastoralecassina.org\/ver2\/wp-admin\/post.php?post=13818&amp;action=edit#\"><img decoding=\"async\" src=\"http:\/\/comunitapastoralecassina.org\/ver2\/wp-content\/plugins\/td-standard-pack\/Newspaper\/assets\/images\/panel\/single_templates\/single_template_13.png\" alt=\"\"\/><\/a><\/figure>\n\n\n\n<figure class=\"wp-block-image\"><a href=\"http:\/\/comunitapastoralecassina.org\/ver2\/wp-admin\/post.php?post=13818&amp;action=edit#\"><img decoding=\"async\" src=\"http:\/\/comunitapastoralecassina.org\/ver2\/wp-content\/plugins\/td-cloud-library\/assets\/images\/single_template_placeholder.png\" alt=\"\"\/><\/a><\/figure>\n\n\n\n<p>Single Post Template &#8211; Default PRO Primary category: <a href=\"http:\/\/comunitapastoralecassina.org\/ver2\/wp-admin\/post.php?post=13818&amp;action=edit#\">?<\/a> If the posts has multiple categories, the one selected here will be used for settings and it appears in the category labels. Sidebar position: <a href=\"http:\/\/comunitapastoralecassina.org\/ver2\/wp-admin\/post.php?post=13818&amp;action=edit#\">?<\/a><\/p>\n\n\n\n<figure class=\"wp-block-image\"><a href=\"http:\/\/comunitapastoralecassina.org\/ver2\/wp-admin\/post.php?post=13818&amp;action=edit#\"><img decoding=\"async\" src=\"http:\/\/comunitapastoralecassina.org\/ver2\/wp-content\/plugins\/td-composer\/legacy\/common\/wp_booster\/wp-admin\/images\/panel\/sidebar\/sidebar-default.png\" alt=\"\"\/><\/a><\/figure>\n\n\n\n<figure class=\"wp-block-image\"><a href=\"http:\/\/comunitapastoralecassina.org\/ver2\/wp-admin\/post.php?post=13818&amp;action=edit#\"><img decoding=\"async\" src=\"http:\/\/comunitapastoralecassina.org\/ver2\/wp-content\/plugins\/td-composer\/legacy\/common\/wp_booster\/wp-admin\/images\/panel\/sidebar\/sidebar-left.png\" alt=\"\"\/><\/a><\/figure>\n\n\n\n<figure class=\"wp-block-image\"><a href=\"http:\/\/comunitapastoralecassina.org\/ver2\/wp-admin\/post.php?post=13818&amp;action=edit#\"><img decoding=\"async\" src=\"http:\/\/comunitapastoralecassina.org\/ver2\/wp-content\/plugins\/td-composer\/legacy\/common\/wp_booster\/wp-admin\/images\/panel\/sidebar\/sidebar-full.png\" alt=\"\"\/><\/a><\/figure>\n\n\n\n<figure class=\"wp-block-image\"><a href=\"http:\/\/comunitapastoralecassina.org\/ver2\/wp-admin\/post.php?post=13818&amp;action=edit#\"><img decoding=\"async\" src=\"http:\/\/comunitapastoralecassina.org\/ver2\/wp-content\/plugins\/td-composer\/legacy\/common\/wp_booster\/wp-admin\/images\/panel\/sidebar\/sidebar-right.png\" alt=\"\"\/><\/a><\/figure>\n\n\n\n<p>Custom sidebar: <a href=\"http:\/\/comunitapastoralecassina.org\/ver2\/wp-admin\/post.php?post=13818&amp;action=edit#\">?<\/a><a>Default Sidebar<\/a> Subtitle: This text will appear under the title Quote on blocks: Show a quote (only when this article shows up in blocks that support quote and only on blocks that are on one column) Source name: This name will appear at the end of the article in the &#8220;source&#8221; spot on single posts Source url: Full url to the source Via name: Via (your source) name, this will appear at the end of the article in the &#8220;via&#8221; spot Via url: Full url for via FacebookIncorpora un post di Facebook.<\/p>\n\n\n\n<ul class=\"wp-block-list\"><li>Facebook<\/li><\/ul>\n\n\n\n<p>Cerca un blocco<\/p>\n\n\n\n<p>Vent\u2019anni dopo, dopo l\u2019esperienza faticosa e non facile del <em>lockdown <\/em>dovuta alla Pandemia Covid \u2013 19, l\u2019<em>Arcivescovo di Milano Sua Ecc. Mons. Mario Delpini<\/em>, ritorna in questa Cappellina, <em>\u201ccuore\u201d <\/em>del San Domenico Savio, in questa fase delicata e particolare di <strong>\u201cri-partenza\u201d <\/strong>di tutti gli Oratori della Diocesi.<\/p>\n\n\n\n<p>Questa Festa dei XX del San Domenico Savio sia una coraggiosa spinta a riprendere con gioia, entusiasmo e passione una Storia educativa importante di incontri, di esperienze, di aggregazione nella nostra Comunit\u00e0 di Cassina. Tutti, ma davvero tutti, siamo invitati ad esserci con il nostro Vescovo perch\u00e9 \u00e8 <em>INSIEME che desideriamo \u201cri-partire\u201d<\/em>. Vi aspettiamo!<\/p>\n\n\n\n<p><strong>Don Massimo<\/strong><\/p>\n\n\n\n<hr class=\"wp-block-separator\"\/>\n\n\n\n<h2 class=\"wp-block-heading\"><strong>Saluto del Parroco don Massimo nell\u2019accogliere l\u2019Arcivescovo in Cappellina San Domenico Savio<\/strong><\/h2>\n\n\n\n<p>E&#8217; bello accoglierla qui, in questa Cappellina<br \/>che <em>20 anni fa<\/em>, come oggi <em>(era una domenica mattina)<\/em>,<br \/>veniva consacrata dall\u2019Arcivescovo di Milano.<\/p>\n\n\n\n<p>Ci troviamo nel <strong>cuore<\/strong> del nostro Oratorio SDS<br \/><em>Se osserva il tabernacolo?<br \/><\/em>Ha la forma di un <em>chicco di grano<\/em>, di un <em>seme<\/em>\u2026<br \/>Invece sull\u2019altare si notano le spighe di grano.<\/p>\n\n\n\n<p><em>&#8220;Educare \u00e8 come seminare<\/em> (ci ricordava il Card. Martini)<br \/><em>il frutto non \u00e8 garantito e non \u00e8 immediato,<br \/>ma se non si semina \u00e8 certo che non ci sar\u00e0 raccolto&#8221;<\/em>.<\/p>\n\n\n\n<p>Caro Arcivescovo Mario, la nostra Festa, questa sera,<br \/>inizia, parte, proprio da <strong>qui<\/strong> <em>(luogo)<\/em><br \/>ed \u00e8 presente una <strong>parte preziosa<\/strong> della Comunit\u00e0 educante<br \/><em>(catechiste\/i \u2026 guide Scout.. educatori dei vari cammini)<\/em><br \/>seguiti ed accompagnati,<br \/>con l\u2019entusiasmo e la passione di don Fabio,<br \/>insieme desiderano ora (in questa <strong>ri-partenza<\/strong>)<br \/>accogliere con gioia dalla Chiesa,<br \/>accogliere con responsabilit\u00e0 dal proprio Vescovo<br \/>il mandato educativo.<\/p>\n\n\n\n<hr class=\"wp-block-separator\"\/>\n\n\n\n<h2 class=\"wp-block-heading\"><strong>Saluto ufficiale del Parroco don Massimo all\u2019Arcivescovo all\u2019inizio della Serata Festa XX SDS<\/strong><\/h2>\n\n\n\n<p>Buonasera a tutti!<br \/>Benvenuto Arcivescovo Mario e grazie ancora di essere qui!<\/p>\n\n\n\n<p>Conoscendo un pochino il nostro Arcivescovo sono sicuro che si sar\u00e0 chiesto: <em>\u201cMa perch\u00e9 invitare proprio l\u2019Arcivescovo di Milano, con tutti gli impegni della Sua agenda, per i 20 anni di un Oratorio\u201d?<\/em><\/p>\n\n\n\n<p>Vede Arcivescovo Mario, la scelta del Cardinal Martini di venire di persona qui a Cassina a consacrare la Cappellina dell\u2019Oratorio, fu un grande dono. Diede il fischio di inizio ad una realt\u00e0 attesa, desiderata, voluta (con non pochi sacrifici) dalla Comunit\u00e0.<\/p>\n\n\n\n<p>Un <strong>Paese<\/strong> <em>(Cassina de\u2019 Pecchi)<\/em> <strong>cresciuto<\/strong> negli anni con provenienze da ogni parte d\u2019Italia <em>(e non solo) (un Paese) <\/em>che proprio grazie alla <em>Parrocchia<\/em>, grazie all\u2019<em>Oratorio<\/em> <strong>si \u00e8 riconosciuto<\/strong> Comunit\u00e0\u2026. Comunit\u00e0 di legami, di relazioni, di incontri, di tradizioni da condividere e costruire insieme\u2026<\/p>\n\n\n\n<p>Grazie! Perch\u00e9 la Sua presenza <em>(a vent\u2019anni da quel 1 ottobre del 2000)<\/em><em> <\/em><strong>oggi<\/strong> in questo tempo particolare (che abbiamo vissuto e stiamo vivendo) \u00e8 un <strong>altrettanto<\/strong> prezioso dono.<br \/>E\u2019 un altrettanto significativo <strong>fischio di inizio<\/strong> per la ri-partenza.<\/p>\n\n\n\n<p>La Festa di questa sera \u00e8 <strong><em>una vera e propria<\/em><\/strong> festa della Comunit\u00e0.<br \/>E, sono sicuro che, in ognuno di noi c\u2019\u00e8 il desiderio di <em>tornare ad abitare un <strong>luogo<\/strong> tanto importante per l\u2019educazione della fede e la fraternit\u00e0<\/em> che \u00e8 il <strong>nostro Oratorio<\/strong>.<\/p>\n\n\n\n<p>GRAZIE DI CUORE, ARCIVESCOVO MARIO!<\/p>\n","protected":false},"excerpt":{"rendered":"<p>Vent\u2019anni fa la scelta del Cardinal Carlo Maria Martini di venire di persona a consacrare l\u2019Altare e la Cappellina di un Oratorio nella vasta Arcidiocesi di Milano, per Cassina de\u2019 Pecchi fu un onore che premi\u00f2 i lunghi sforzi ed i tanti sacrifici per un Oratorio atteso e desiderato per i ragazzi, i giovani e [&hellip;]<\/p>\n","protected":false},"author":2,"featured_media":13820,"comment_status":"closed","ping_status":"open","sticky":false,"template":"","format":"standard","meta":{"footnotes":""},"categories":[23,19],"tags":[],"class_list":{"0":"post-13818","1":"post","2":"type-post","3":"status-publish","4":"format-standard","5":"has-post-thumbnail","7":"category-avvisi","8":"category-prima-pagina"},"_links":{"self":[{"href":"https:\/\/comunitapastoralecassina.org\/ver2\/wp-json\/wp\/v2\/posts\/13818","targetHints":{"allow":["GET"]}}],"collection":[{"href":"https:\/\/comunitapastoralecassina.org\/ver2\/wp-json\/wp\/v2\/posts"}],"about":[{"href":"https:\/\/comunitapastoralecassina.org\/ver2\/wp-json\/wp\/v2\/types\/post"}],"author":[{"embeddable":true,"href":"https:\/\/comunitapastoralecassina.org\/ver2\/wp-json\/wp\/v2\/users\/2"}],"replies":[{"embeddable":true,"href":"https:\/\/comunitapastoralecassina.org\/ver2\/wp-json\/wp\/v2\/comments?post=13818"}],"version-history":[{"count":14,"href":"https:\/\/comunitapastoralecassina.org\/ver2\/wp-json\/wp\/v2\/posts\/13818\/revisions"}],"predecessor-version":[{"id":13897,"href":"https:\/\/comunitapastoralecassina.org\/ver2\/wp-json\/wp\/v2\/posts\/13818\/revisions\/13897"}],"wp:featuredmedia":[{"embeddable":true,"href":"https:\/\/comunitapastoralecassina.org\/ver2\/wp-json\/wp\/v2\/media\/13820"}],"wp:attachment":[{"href":"https:\/\/comunitapastoralecassina.org\/ver2\/wp-json\/wp\/v2\/media?parent=13818"}],"wp:term":[{"taxonomy":"category","embeddable":true,"href":"https:\/\/comunitapastoralecassina.org\/ver2\/wp-json\/wp\/v2\/categories?post=13818"},{"taxonomy":"post_tag","embeddable":true,"href":"https:\/\/comunitapastoralecassina.org\/ver2\/wp-json\/wp\/v2\/tags?post=13818"}],"curies":[{"name":"wp","href":"https:\/\/api.w.org\/{rel}","templated":true}]}}