{"id":13823,"date":"2020-09-25T12:08:03","date_gmt":"2020-09-25T10:08:03","guid":{"rendered":"http:\/\/comunitapastoralecassina.org\/ver2\/?p=13823"},"modified":"2020-10-02T12:06:05","modified_gmt":"2020-10-02T10:06:05","slug":"unattenzione-pastorale-per-le-ss-messe-festive","status":"publish","type":"post","link":"https:\/\/comunitapastoralecassina.org\/ver2\/2020\/09\/unattenzione-pastorale-per-le-ss-messe-festive\/","title":{"rendered":"Un\u2019attenzione pastorale per le SS.Messe festive"},"content":{"rendered":"\n<p>Con la ripresa dei vari <strong>cammini di catechesi <\/strong>notiamo (finalmente) una maggior partecipazione dei bambini e dei ragazzi alla S.Messa domenicale.<\/p>\n\n\n\n<p>Purtroppo non possiamo ancora ritornare ad occupare tutti i posti delle nostre Chiese e siamo tenuti a far rispettare la sicurezza con i posti limitati in ogni Chiesa con le dovute distanze di sicurezza.<\/p>\n\n\n\n<p>Fino ad oggi, nessun problema perch\u00e9 il bel tempo permetteva anche di stare fuori, in piazza, e seguire la S.Messa. Ma questo (con l\u2019arrivo dell\u2019Autunno e poi dell\u2019Inverno) non sar\u00e0 pi\u00f9 possibile.<\/p>\n\n\n\n<p>Cosa chiediamo?<\/p>\n\n\n\n<p>Invitiamo i nonni e tutte le persone che non hanno figli (in et\u00e0 scolare) a non partecipare alle SS.Messe delle ore 10.00, delle ore 11.00 e delle ore 11.30, cos\u00ec da favorire la partecipazione delle famiglie insieme ai loro figli.<\/p>\n\n\n\n<p>Soprattutto la S.Messa delle <strong>ore 10.00 <\/strong>in SMA <strong>\u00e8 destinata <\/strong><em>(fin quando saremo tenuti ad osservare queste indicazioni per la nostra sicurezza) <\/em>alle famiglie con figli delle <strong>ELEMENTARI<\/strong>. Cos\u00ec la S.Messa delle <strong>ore 11.30<\/strong>, sempre in SMA, \u00e8 destinata alle famiglie con figli delle <strong>MEDIE <\/strong>ed <strong>ADOLESCENTI<\/strong>.<\/p>\n\n\n\n<p class=\"has-background has-light-green-cyan-background-color\">Sappiamo&nbsp; di&nbsp; chiedere&nbsp; tanto&nbsp; a&nbsp; chi&nbsp; \u00e8&nbsp; \u201cabituato\u201d&nbsp; a&nbsp; partecipare&nbsp; a&nbsp; \u201cquella&nbsp; S.Messa\u201d&nbsp; ma&nbsp; questa&nbsp; fatica&nbsp; diventa davvero un\u2019attenzione pastorale importante per i&nbsp; bambini,&nbsp; i&nbsp; ragazzi&nbsp; e&nbsp; gli&nbsp; adolescenti&nbsp; della&nbsp; nostra&nbsp; Comunit\u00e0. &nbsp;In &nbsp;Comunit\u00e0 &nbsp;abbiamo &nbsp;una &nbsp;variet\u00e0 &nbsp;di &nbsp;orari &nbsp;per &nbsp;le &nbsp;SS.Messe &nbsp;festive &nbsp;cui &nbsp;poter &nbsp;partecipare &nbsp;(al &nbsp;sabato &nbsp;&nbsp;ore 17.00, 18.00 o 19.00 ed alla domenica mattina ore 8.00 o 9.00 &nbsp;&nbsp;ed alla domenica sera ore 18.30).<\/p>\n","protected":false},"excerpt":{"rendered":"<p>Con la ripresa dei vari cammini di catechesi notiamo (finalmente) una maggior partecipazione dei bambini e dei ragazzi alla S.Messa domenicale. Purtroppo non possiamo ancora ritornare ad occupare tutti i posti delle nostre Chiese e siamo tenuti a far rispettare la sicurezza con i posti limitati in ogni Chiesa con le dovute distanze di sicurezza. [&hellip;]<\/p>\n","protected":false},"author":2,"featured_media":0,"comment_status":"closed","ping_status":"open","sticky":false,"template":"","format":"standard","meta":{"footnotes":""},"categories":[115],"tags":[],"class_list":{"0":"post-13823","1":"post","2":"type-post","3":"status-publish","4":"format-standard","6":"category-in-evidenza"},"_links":{"self":[{"href":"https:\/\/comunitapastoralecassina.org\/ver2\/wp-json\/wp\/v2\/posts\/13823","targetHints":{"allow":["GET"]}}],"collection":[{"href":"https:\/\/comunitapastoralecassina.org\/ver2\/wp-json\/wp\/v2\/posts"}],"about":[{"href":"https:\/\/comunitapastoralecassina.org\/ver2\/wp-json\/wp\/v2\/types\/post"}],"author":[{"embeddable":true,"href":"https:\/\/comunitapastoralecassina.org\/ver2\/wp-json\/wp\/v2\/users\/2"}],"replies":[{"embeddable":true,"href":"https:\/\/comunitapastoralecassina.org\/ver2\/wp-json\/wp\/v2\/comments?post=13823"}],"version-history":[{"count":3,"href":"https:\/\/comunitapastoralecassina.org\/ver2\/wp-json\/wp\/v2\/posts\/13823\/revisions"}],"predecessor-version":[{"id":13845,"href":"https:\/\/comunitapastoralecassina.org\/ver2\/wp-json\/wp\/v2\/posts\/13823\/revisions\/13845"}],"wp:attachment":[{"href":"https:\/\/comunitapastoralecassina.org\/ver2\/wp-json\/wp\/v2\/media?parent=13823"}],"wp:term":[{"taxonomy":"category","embeddable":true,"href":"https:\/\/comunitapastoralecassina.org\/ver2\/wp-json\/wp\/v2\/categories?post=13823"},{"taxonomy":"post_tag","embeddable":true,"href":"https:\/\/comunitapastoralecassina.org\/ver2\/wp-json\/wp\/v2\/tags?post=13823"}],"curies":[{"name":"wp","href":"https:\/\/api.w.org\/{rel}","templated":true}]}}