{"id":13825,"date":"2020-09-25T12:11:03","date_gmt":"2020-09-25T10:11:03","guid":{"rendered":"http:\/\/comunitapastoralecassina.org\/ver2\/?p=13825"},"modified":"2020-09-25T12:11:06","modified_gmt":"2020-09-25T10:11:06","slug":"ciao-sono-edoardo","status":"publish","type":"post","link":"https:\/\/comunitapastoralecassina.org\/ver2\/2020\/09\/ciao-sono-edoardo\/","title":{"rendered":"Ciao, sono Edoardo!"},"content":{"rendered":"\n<div class=\"wp-block-image\"><figure class=\"alignright size-large is-resized\"><img loading=\"lazy\" decoding=\"async\" src=\"http:\/\/comunitapastoralecassina.org\/ver2\/wp-content\/uploads\/Edoardo-1-1015x1024.jpg\" alt=\"\" class=\"wp-image-13827\" width=\"243\" height=\"244\" srcset=\"https:\/\/comunitapastoralecassina.org\/ver2\/wp-content\/uploads\/Edoardo-1-1015x1024.jpg 1015w, https:\/\/comunitapastoralecassina.org\/ver2\/wp-content\/uploads\/Edoardo-1-297x300.jpg 297w, https:\/\/comunitapastoralecassina.org\/ver2\/wp-content\/uploads\/Edoardo-1-150x150.jpg 150w, https:\/\/comunitapastoralecassina.org\/ver2\/wp-content\/uploads\/Edoardo-1-768x775.jpg 768w, https:\/\/comunitapastoralecassina.org\/ver2\/wp-content\/uploads\/Edoardo-1-696x702.jpg 696w, https:\/\/comunitapastoralecassina.org\/ver2\/wp-content\/uploads\/Edoardo-1-1068x1078.jpg 1068w, https:\/\/comunitapastoralecassina.org\/ver2\/wp-content\/uploads\/Edoardo-1-416x420.jpg 416w, https:\/\/comunitapastoralecassina.org\/ver2\/wp-content\/uploads\/Edoardo-1.jpg 1200w\" sizes=\"auto, (max-width: 243px) 100vw, 243px\" \/><\/figure><\/div>\n\n\n\n<p>Ciao a tutti amici della Comunit\u00e0 di Cassina de Pecchi!<\/p>\n\n\n\n<p>Sono Edoardo Mauri e sono il seminarista affidato alla vostra comunit\u00e0 per questo anno pastorale.<\/p>\n\n\n\n<p>Vivr\u00f2 insieme a voi il sabato e la domenica e inoltre sar\u00f2 presente l\u2019estate prossima condividendo \u201cCitt\u00e0 ragazzi\u201d e i campeggi.<\/p>\n\n\n\n<p>Sono originario di Desio in Brianza e ho iniziato il mio terzo anno di seminario. Nei 2 anni precedenti ho svolto il mio servizio pastorale a Busto Arsizio nella parrocchia San Michele Arcangelo e oratorio San Filippo. Da poco, precisamente lo scorso 8 settembre, in Duomo a Milano alla presenza dell\u2019Arcivescovo ho vissuto un<\/p>\n\n\n\n<p>passaggio importante nel mio cammino verso il sacerdozio ovvero l\u2019Ammissione agli ordini sacri venendo ammesso ufficialmente tra coloro che diventeranno preti dove ho manifestato pubblicamente il desiderio e l\u2019impegno a continuare a servire la Chiesa e gli altri.<\/p>\n\n\n\n<p>Sono molto grato al seminario per avermi destinato alla vostra comunit\u00e0 che gi\u00e0 nel weekend di sabato 19 e domenica 20 settembre ho avuto modo di iniziare a conoscere. Sono stato molto contento di aver potuto condividere con voi nelle varie Messe un po\u2019 la mia storia che mi ha portato a maturare la scelta di entrare in seminario.<\/p>\n\n\n\n<p>Ringrazio don Massimo e don Fabio che fin da subito mi hanno fatto sentire a casa e ringrazio il Signore per poter camminare con voi quest\u2019anno! Sono sicuro che condivideremo tanto, ma sempre avendo lo sguardo fisso su Ges\u00f9, unico vero riferimento per la nostra vita comunitaria.<\/p>\n\n\n\n<p>A presto!!!<\/p>\n\n\n\n<p class=\"has-text-align-right\"><strong>Edoardo<\/strong><strong><\/strong><\/p>\n","protected":false},"excerpt":{"rendered":"<p>Ciao a tutti amici della Comunit\u00e0 di Cassina de Pecchi! Sono Edoardo Mauri e sono il seminarista affidato alla vostra comunit\u00e0 per questo anno pastorale. Vivr\u00f2 insieme a voi il sabato e la domenica e inoltre sar\u00f2 presente l\u2019estate prossima condividendo \u201cCitt\u00e0 ragazzi\u201d e i campeggi. Sono originario di Desio in Brianza e ho iniziato [&hellip;]<\/p>\n","protected":false},"author":2,"featured_media":0,"comment_status":"closed","ping_status":"open","sticky":false,"template":"","format":"standard","meta":{"footnotes":""},"categories":[19],"tags":[],"class_list":{"0":"post-13825","1":"post","2":"type-post","3":"status-publish","4":"format-standard","6":"category-prima-pagina"},"_links":{"self":[{"href":"https:\/\/comunitapastoralecassina.org\/ver2\/wp-json\/wp\/v2\/posts\/13825","targetHints":{"allow":["GET"]}}],"collection":[{"href":"https:\/\/comunitapastoralecassina.org\/ver2\/wp-json\/wp\/v2\/posts"}],"about":[{"href":"https:\/\/comunitapastoralecassina.org\/ver2\/wp-json\/wp\/v2\/types\/post"}],"author":[{"embeddable":true,"href":"https:\/\/comunitapastoralecassina.org\/ver2\/wp-json\/wp\/v2\/users\/2"}],"replies":[{"embeddable":true,"href":"https:\/\/comunitapastoralecassina.org\/ver2\/wp-json\/wp\/v2\/comments?post=13825"}],"version-history":[{"count":1,"href":"https:\/\/comunitapastoralecassina.org\/ver2\/wp-json\/wp\/v2\/posts\/13825\/revisions"}],"predecessor-version":[{"id":13828,"href":"https:\/\/comunitapastoralecassina.org\/ver2\/wp-json\/wp\/v2\/posts\/13825\/revisions\/13828"}],"wp:attachment":[{"href":"https:\/\/comunitapastoralecassina.org\/ver2\/wp-json\/wp\/v2\/media?parent=13825"}],"wp:term":[{"taxonomy":"category","embeddable":true,"href":"https:\/\/comunitapastoralecassina.org\/ver2\/wp-json\/wp\/v2\/categories?post=13825"},{"taxonomy":"post_tag","embeddable":true,"href":"https:\/\/comunitapastoralecassina.org\/ver2\/wp-json\/wp\/v2\/tags?post=13825"}],"curies":[{"name":"wp","href":"https:\/\/api.w.org\/{rel}","templated":true}]}}