{"id":14125,"date":"2020-11-06T21:35:07","date_gmt":"2020-11-06T20:35:07","guid":{"rendered":"http:\/\/comunitapastoralecassina.org\/ver2\/?p=14125"},"modified":"2020-11-06T21:35:41","modified_gmt":"2020-11-06T20:35:41","slug":"tu-sei-i-miei-giorni","status":"publish","type":"post","link":"https:\/\/comunitapastoralecassina.org\/ver2\/2020\/11\/tu-sei-i-miei-giorni\/","title":{"rendered":"Tu sei i miei giorni!"},"content":{"rendered":"\n<p>Mentre sto scrivendo l\u2019<em>Editoriale <\/em>dell\u2019<em>Insieme <\/em>di questa settimana che ci porter\u00e0 nel Tempo di Avvento <em>(<\/em><em>ambrosiano<\/em><em>) <\/em>non so ancora cosa il <em>Premier <\/em><strong>Conte <\/strong>ed il <em>Governatore <\/em><strong>Fontana <\/strong>ci diranno e quali nuove restrizioni ci verranno indicate perch\u00e9 questo <em>forte contagio Covid-19 <\/em>possa essere rallentato.<\/p>\n\n\n\n<p>Senz\u2019altro, come tanti di voi, anch\u2019io vivo questa \u201cattesa\u201d e se da una parte mi sembra di <em>rivivere <\/em>e di <em>stare <\/em>in un \ufb01lm gi\u00e0 visto, dall\u2019altra <em>custodisco <\/em>la speranza che si possano fare dei <em>\u201cpassi\u201d <\/em>in pi\u00f9 per il bene di tutti.<\/p>\n\n\n\n<p>Desidero oggi, pensando al tempo particolare che stiamo vivendo (<em>imprevisti, gioie, delusioni, speranze, preoccupazioni, rabbia\u2026<\/em>) condividere una preghiera che mi ha accompagnato negli anni di Seminario ed ho ritrovato proprio in questi giorni della Settimana Eucaristica, donandomi pace e consolazione.<\/p>\n\n\n\n<p>Questa preghiera fu composta da <strong>don Luigi Serenth\u00e0 <\/strong><em>(Teologo, Insegnante e poi Rettore del Seminario, morto prematuramente a 48 anni nel 1986) <\/em>che ho avuto la gioia di conoscere nei miei primi anni di Seminario.<\/p>\n\n\n\n<div class=\"wp-block-image is-style-default\"><figure class=\"alignright size-large is-resized\"><a href=\"http:\/\/comunitapastoralecassina.org\/ver2\/wp-content\/uploads\/luigi-serentha.png\" target=\"_blank\" rel=\"noopener noreferrer\"><img loading=\"lazy\" decoding=\"async\" src=\"http:\/\/comunitapastoralecassina.org\/ver2\/wp-content\/uploads\/luigi-serentha.png\" alt=\"\" class=\"wp-image-14126\" width=\"281\" height=\"366\" srcset=\"https:\/\/comunitapastoralecassina.org\/ver2\/wp-content\/uploads\/luigi-serentha.png 500w, https:\/\/comunitapastoralecassina.org\/ver2\/wp-content\/uploads\/luigi-serentha-230x300.png 230w\" sizes=\"auto, (max-width: 281px) 100vw, 281px\" \/><\/a><\/figure><\/div>\n\n\n\n<p class=\"has-text-align-center has-light-green-cyan-background-color has-background\"><strong>Signore Ges\u00f9, Tu sei i miei giorni, non ho altri che te nella mia vita.<\/strong><br \/><strong>Quando trover\u00f2 un qualcosa che mi aiuta, te ne sar\u00f2 immensamente grato;<\/strong> <strong>per\u00f2 Signore, quand\u2019anche io fossi solo, quand\u2019anche non ci fosse nulla che mi d\u00e0 una mano, non ci fosse neanche un fratello di fede che mi sostiene.<\/strong><br \/><strong>Tu, o Signore, mi basti, con Te ricomincio da capo.<\/strong><br \/><strong>Tu mi basti, Signore: il mio cuore, il mio corpo, la mia vita, nel suo normale modo di vestire, di alimentarsi, di desiderare \u00e8 tutta orientata a Te.<\/strong><br \/><strong>Io vivo nella semplicit\u00e0 e nella povert\u00e0 di cuore; non ho una famiglia mia, perch\u00e9 Tu sei la mia casa, la mia dimora, il mio vestito, il mio cibo, Tu sei il mio desiderio.<\/strong><\/p>\n\n\n\n<p><strong>Perch\u00e9 questa preghiera? <\/strong>Non \u00e8 un <em>antidoto <\/em>e nemmeno un <em>vaccino <\/em>al Coronavirus ma ritengo possa essere, per chi crede, un <em>\u201cdono\u201d <\/em>per <em>\u201ccome\u201d <\/em>vivere questi <em>\u201cstrani\u201d <\/em>giorni <em>(o meglio questo strano \u201cperiodo\u201d) <\/em>che insieme stiamo sperimentando preparandoci all\u2019 <strong>Avvento<\/strong>, un \u201c<em>tempo<\/em>\u201d capace di convertire ed educare le nostre attese e i nostri desideri.<\/p>\n\n\n\n<p><strong>Don Massimo<\/strong><\/p>\n","protected":false},"excerpt":{"rendered":"<p>Mentre sto scrivendo l\u2019Editoriale dell\u2019Insieme di questa settimana che ci porter\u00e0 nel Tempo di Avvento (ambrosiano) non so ancora cosa il Premier Conte ed il Governatore Fontana ci diranno e quali nuove restrizioni ci verranno indicate perch\u00e9 questo forte contagio Covid-19 possa essere rallentato. Senz\u2019altro, come tanti di voi, anch\u2019io vivo questa \u201cattesa\u201d e se [&hellip;]<\/p>\n","protected":false},"author":2,"featured_media":0,"comment_status":"closed","ping_status":"open","sticky":false,"template":"","format":"standard","meta":{"footnotes":""},"categories":[19],"tags":[],"class_list":{"0":"post-14125","1":"post","2":"type-post","3":"status-publish","4":"format-standard","6":"category-prima-pagina"},"_links":{"self":[{"href":"https:\/\/comunitapastoralecassina.org\/ver2\/wp-json\/wp\/v2\/posts\/14125","targetHints":{"allow":["GET"]}}],"collection":[{"href":"https:\/\/comunitapastoralecassina.org\/ver2\/wp-json\/wp\/v2\/posts"}],"about":[{"href":"https:\/\/comunitapastoralecassina.org\/ver2\/wp-json\/wp\/v2\/types\/post"}],"author":[{"embeddable":true,"href":"https:\/\/comunitapastoralecassina.org\/ver2\/wp-json\/wp\/v2\/users\/2"}],"replies":[{"embeddable":true,"href":"https:\/\/comunitapastoralecassina.org\/ver2\/wp-json\/wp\/v2\/comments?post=14125"}],"version-history":[{"count":2,"href":"https:\/\/comunitapastoralecassina.org\/ver2\/wp-json\/wp\/v2\/posts\/14125\/revisions"}],"predecessor-version":[{"id":14128,"href":"https:\/\/comunitapastoralecassina.org\/ver2\/wp-json\/wp\/v2\/posts\/14125\/revisions\/14128"}],"wp:attachment":[{"href":"https:\/\/comunitapastoralecassina.org\/ver2\/wp-json\/wp\/v2\/media?parent=14125"}],"wp:term":[{"taxonomy":"category","embeddable":true,"href":"https:\/\/comunitapastoralecassina.org\/ver2\/wp-json\/wp\/v2\/categories?post=14125"},{"taxonomy":"post_tag","embeddable":true,"href":"https:\/\/comunitapastoralecassina.org\/ver2\/wp-json\/wp\/v2\/tags?post=14125"}],"curies":[{"name":"wp","href":"https:\/\/api.w.org\/{rel}","templated":true}]}}