{"id":14158,"date":"2020-11-09T13:42:00","date_gmt":"2020-11-09T12:42:00","guid":{"rendered":"http:\/\/comunitapastoralecassina.org\/ver2\/?p=14158"},"modified":"2020-11-09T14:21:37","modified_gmt":"2020-11-09T13:21:37","slug":"scuole-parrocchiali-open-day-personalizzato","status":"publish","type":"post","link":"https:\/\/comunitapastoralecassina.org\/ver2\/2020\/11\/scuole-parrocchiali-open-day-personalizzato\/","title":{"rendered":"Scuole parrocchiali: Open day personalizzato"},"content":{"rendered":"\n<p>Cari Genitori,<\/p>\n\n\n\n<div class=\"wp-block-image\"><figure class=\"alignright size-large is-resized\"><img loading=\"lazy\" decoding=\"async\" src=\"http:\/\/comunitapastoralecassina.org\/ver2\/wp-content\/uploads\/WhatsApp-Image-2020-11-09-at-11.10.11-735x1024.jpeg\" alt=\"\" class=\"wp-image-14164\" width=\"368\" height=\"513\" srcset=\"https:\/\/comunitapastoralecassina.org\/ver2\/wp-content\/uploads\/WhatsApp-Image-2020-11-09-at-11.10.11-735x1024.jpeg 735w, https:\/\/comunitapastoralecassina.org\/ver2\/wp-content\/uploads\/WhatsApp-Image-2020-11-09-at-11.10.11-215x300.jpeg 215w, https:\/\/comunitapastoralecassina.org\/ver2\/wp-content\/uploads\/WhatsApp-Image-2020-11-09-at-11.10.11-768x1069.jpeg 768w, https:\/\/comunitapastoralecassina.org\/ver2\/wp-content\/uploads\/WhatsApp-Image-2020-11-09-at-11.10.11-1103x1536.jpeg 1103w, https:\/\/comunitapastoralecassina.org\/ver2\/wp-content\/uploads\/WhatsApp-Image-2020-11-09-at-11.10.11-696x969.jpeg 696w, https:\/\/comunitapastoralecassina.org\/ver2\/wp-content\/uploads\/WhatsApp-Image-2020-11-09-at-11.10.11-1068x1487.jpeg 1068w, https:\/\/comunitapastoralecassina.org\/ver2\/wp-content\/uploads\/WhatsApp-Image-2020-11-09-at-11.10.11.jpeg 1149w\" sizes=\"auto, (max-width: 368px) 100vw, 368px\" \/><\/figure><\/div>\n\n\n\n<p>sapendo che questo \u00e8 il tempo in cui state pensando a quale Scuola dell\u2019Infanzia iscrivere vostra\/o figlia\/o per il prossimo anno scolastico, mi \u00e8 sembrato giusto farvi conoscere la nostra realt\u00e0 educativa.<\/p>\n\n\n\n<p>Proprio qui, a Cassina de\u2019Pecchi ci sono due scuole <strong>parrocchiali<\/strong>, <strong>paritarie<\/strong> a <strong>servizio pubblico<\/strong>:<br \/>la <a href=\"https:\/\/scuoleparrocchiali.it\/\" target=\"_blank\" rel=\"noreferrer noopener\"><em>Scuola dell\u2019Infanzia \u201cDon Ambrogio Verderio\u201d<\/em> e la <em>Scuola dell\u2019Infanzia \u201cDon Aurelio Vismara\u201d<\/em><\/a>.<\/p>\n\n\n\n<p>Non so quali conoscenze e quale esperienza abbiate gi\u00e0 della nostra realt\u00e0 o di realt\u00e0 simili alla nostra. Spero tanto che abbiate sentito parlar bene delle nostre Scuole dell\u2019infanzia e, soprattutto, dell\u2019impegno che ci abbiamo messo nel ripartire dopo il primo lockdown (febbraio 2020).<\/p>\n\n\n\n<p>Cosa abbiamo fatto?<\/p>\n\n\n\n<ul class=\"wp-block-list\"><li>Siamo passati da sei a <strong>nove<\/strong> sezioni <em>(nell\u2019Infanzia)<\/em> con l\u2019aggiunta di una Sezione Primavera.<\/li><li>Abbiamo assunto nuove Insegnanti e Personale Ausiliario.<\/li><li>Abbiamo nella nostra riorganizzazione dei docenti, la presenza di una Insegnate (detta \u201cgiolly\u201d) in entrambe le Scuole, allo scopo di realizzare laboratori \u201cspeciali\u201d.<\/li><li>Abbiamo un nostro Protocollo di Sicurezza con percorsi di ingressi ed uscite differenziate.<\/li><li>Abbiamo riorganizzato l\u2019orario per favorire tutte le famiglie.<\/li><li>Abbiamo creato un progetto di servizio alle famiglie con educatori professionisti, in collaborazione con le Parrocchie, al fine di sopperire alla mancanza del post-scuola.<\/li><li>Abbiamo investito sulla struttura.<\/li><li>Abbiamo creato spazi nei nostri bei giardini suddivisi per sezioni.<\/li><li>Abbiamo investito in un nuovo sito web www.scuoleparrocchiali.it, che ha una sezione accessibile solo con password, al fine di rendere visibili ai genitori le produzioni e le esperienze fatte a scuola che, causa covid, non sono condivisibili e, allo stesso tempo, &nbsp;tutelare i bambini e i progetti che li vedono coinvolti.<\/li><li>Abbiamo iniziato un\u2019esperienza proficua di coordinamento delle Scuole dell\u2019infanzia condivisa tra il gestore, don Massimo Donghi, la responsabile organizzativa e amministrativa, dott.ssa Maria Grazia Gemma, la formatrice delle docenti dott.ssa Anna Maria Ponzellini.<\/li><\/ul>\n\n\n\n<p>Queste sono solo \u201calcuni\u201d dei passi fatti fino ad oggi. Ma sono certamente molti di pi\u00f9, calcolando che le nostre Scuole Parrocchiali qui a Cassina de\u2019Pecchi, hanno una lunga e lunga storia e tradizione educativa.<\/p>\n\n\n\n<p>Sarebbe per noi una gioia immensa che, prima di scegliere la Scuola dell\u2019Infanzia che ritenete pi\u00f9 adeguata per il progetto educativo pensato per vostra\/o figlia\/o, voi decidiate di conoscerci, incontrarci, visitare le nostre Scuole dell\u2019Infanzia.<\/p>\n\n\n\n<p>L\u2019Open Day come \u00e8 sempre stato fatto, attualmente non \u00e8 possibile, per\u00f2 noi SIAMO SEMPRE APERTI e ben volentieri, se ci contattate, saremo disponibili a fissare un incontro personalizzato per farvi visitare la scuola e conoscere le docenti.<\/p>\n\n\n\n<p class=\"has-text-align-center\" style=\"font-size:20px\"><strong>Dai? Non aspettate\u2026 noi ci siamo<\/strong><\/p>\n\n\n\n<div class=\"wp-block-image\"><figure class=\"aligncenter size-large is-resized\"><a href=\"http:\/\/comunitapastoralecassina.org\/ver2\/wp-content\/uploads\/WhatsApp-Image-2020-11-09-at-11.10.20.jpeg\"><img loading=\"lazy\" decoding=\"async\" src=\"http:\/\/comunitapastoralecassina.org\/ver2\/wp-content\/uploads\/WhatsApp-Image-2020-11-09-at-11.10.20-1024x730.jpeg\" alt=\"\" class=\"wp-image-14166\" width=\"358\" height=\"255\" srcset=\"https:\/\/comunitapastoralecassina.org\/ver2\/wp-content\/uploads\/WhatsApp-Image-2020-11-09-at-11.10.20-1024x730.jpeg 1024w, https:\/\/comunitapastoralecassina.org\/ver2\/wp-content\/uploads\/WhatsApp-Image-2020-11-09-at-11.10.20-300x214.jpeg 300w, https:\/\/comunitapastoralecassina.org\/ver2\/wp-content\/uploads\/WhatsApp-Image-2020-11-09-at-11.10.20-768x547.jpeg 768w, https:\/\/comunitapastoralecassina.org\/ver2\/wp-content\/uploads\/WhatsApp-Image-2020-11-09-at-11.10.20-1536x1094.jpeg 1536w, https:\/\/comunitapastoralecassina.org\/ver2\/wp-content\/uploads\/WhatsApp-Image-2020-11-09-at-11.10.20-696x496.jpeg 696w, https:\/\/comunitapastoralecassina.org\/ver2\/wp-content\/uploads\/WhatsApp-Image-2020-11-09-at-11.10.20-1068x761.jpeg 1068w, https:\/\/comunitapastoralecassina.org\/ver2\/wp-content\/uploads\/WhatsApp-Image-2020-11-09-at-11.10.20.jpeg 1600w\" sizes=\"auto, (max-width: 358px) 100vw, 358px\" \/><\/a><\/figure><\/div>\n","protected":false},"excerpt":{"rendered":"<p>Cari Genitori, sapendo che questo \u00e8 il tempo in cui state pensando a quale Scuola dell\u2019Infanzia iscrivere vostra\/o figlia\/o per il prossimo anno scolastico, mi \u00e8 sembrato giusto farvi conoscere la nostra realt\u00e0 educativa. Proprio qui, a Cassina de\u2019Pecchi ci sono due scuole parrocchiali, paritarie a servizio pubblico:la Scuola dell\u2019Infanzia \u201cDon Ambrogio Verderio\u201d e la [&hellip;]<\/p>\n","protected":false},"author":2,"featured_media":14159,"comment_status":"closed","ping_status":"open","sticky":false,"template":"","format":"standard","meta":{"footnotes":""},"categories":[23],"tags":[],"class_list":{"0":"post-14158","1":"post","2":"type-post","3":"status-publish","4":"format-standard","5":"has-post-thumbnail","7":"category-avvisi"},"_links":{"self":[{"href":"https:\/\/comunitapastoralecassina.org\/ver2\/wp-json\/wp\/v2\/posts\/14158","targetHints":{"allow":["GET"]}}],"collection":[{"href":"https:\/\/comunitapastoralecassina.org\/ver2\/wp-json\/wp\/v2\/posts"}],"about":[{"href":"https:\/\/comunitapastoralecassina.org\/ver2\/wp-json\/wp\/v2\/types\/post"}],"author":[{"embeddable":true,"href":"https:\/\/comunitapastoralecassina.org\/ver2\/wp-json\/wp\/v2\/users\/2"}],"replies":[{"embeddable":true,"href":"https:\/\/comunitapastoralecassina.org\/ver2\/wp-json\/wp\/v2\/comments?post=14158"}],"version-history":[{"count":6,"href":"https:\/\/comunitapastoralecassina.org\/ver2\/wp-json\/wp\/v2\/posts\/14158\/revisions"}],"predecessor-version":[{"id":14168,"href":"https:\/\/comunitapastoralecassina.org\/ver2\/wp-json\/wp\/v2\/posts\/14158\/revisions\/14168"}],"wp:featuredmedia":[{"embeddable":true,"href":"https:\/\/comunitapastoralecassina.org\/ver2\/wp-json\/wp\/v2\/media\/14159"}],"wp:attachment":[{"href":"https:\/\/comunitapastoralecassina.org\/ver2\/wp-json\/wp\/v2\/media?parent=14158"}],"wp:term":[{"taxonomy":"category","embeddable":true,"href":"https:\/\/comunitapastoralecassina.org\/ver2\/wp-json\/wp\/v2\/categories?post=14158"},{"taxonomy":"post_tag","embeddable":true,"href":"https:\/\/comunitapastoralecassina.org\/ver2\/wp-json\/wp\/v2\/tags?post=14158"}],"curies":[{"name":"wp","href":"https:\/\/api.w.org\/{rel}","templated":true}]}}