{"id":14175,"date":"2020-11-13T15:12:12","date_gmt":"2020-11-13T14:12:12","guid":{"rendered":"http:\/\/comunitapastoralecassina.org\/ver2\/?p=14175"},"modified":"2020-11-13T15:12:15","modified_gmt":"2020-11-13T14:12:15","slug":"giornata-diocesana-caritas-2020","status":"publish","type":"post","link":"https:\/\/comunitapastoralecassina.org\/ver2\/2020\/11\/giornata-diocesana-caritas-2020\/","title":{"rendered":"Giornata Diocesana Caritas 2020"},"content":{"rendered":"\n<p>Nell\u2019archivio della memoria di ciascuno di noi rimarranno impresse per sempre queste immagini: il lungo corteo di camion dell\u2019Esercito che trasferiscono in altri cimiteri le bare che Bergamo non era pi\u00f9 in grado di accogliere, Papa Francesco che percorre le vie deserte di Roma, o la sua omelia di quel 27 marzo in una Piazza S. Pietro deserta e battuta dalla pioggia; l\u2019Arcivescovo Delpini che sul tetto del Duomo di Milano rivolge un\u2019accorata supplica alla nostra \u201cMadonnina\u201d; e poi i reparti di terapia intensiva, i medici e gli infermieri curvi sui malati, gli alpini al lavoro per allestire ospedali da campo \u2013 a tutti loro vogliamo rivolgere un pensiero di ammirazione e gratitudine -, e poi le vie deserte, i tanti morti in solitudine, e poi i bambini, chiuse le scuole, rimasti a casa, hanno provato un senso di isolamento nelle loro abitazioni purtroppo a volte molto piccole e sovraffollate dove la reclusione forzata \u00e8 stata veramente difficile, deprivante e deprimente.<\/p>\n\n\n\n<p>Questo \u00e8 ci\u00f2 che abbiamo nella memoria, e per un breve periodo ognuno di noi si \u00e8 augurato che tutto ci\u00f2 potesse rimanere relegato ad una esperienza buia, ma passata, e invece il presente si ripresenta con tutta la sua drammaticit\u00e0. Ora, dunque, c\u2019\u00e8 da organizzare una seconda \u201ctrincea\u201d ove gestire risposte essenziali per una fascia di popolazione molto debole. Dobbiamo affrontare, tutti insieme, oltre all\u2019emergenza sanitaria, una forte crisi sociale ed economica, una crisi senza precedenti.<\/p>\n\n\n\n<p>Nel nostro paese le famiglie, gi\u00e0 in difficolt\u00e0, affrontano ora una situazione ancora pi\u00f9 drammatica: perdita totale del lavoro, riduzione del proprio impegno lavorativo e sussidi statali inadeguati, da cui l\u2019impossibilit\u00e0 di pagare i generi di prima necessit\u00e0 e come se non bastasse si profilano all\u2019orizzonte drastici e innumerevoli licenziamenti!!<\/p>\n\n\n\n<p>Noi come Caritas cercheremo, anche nei prossimi mesi di emergenza sanitaria, purtroppo gi\u00e0 in corso, di dare una risposta concreta a chi si presenter\u00e0 al nostro Centro Ascolto valutando insieme a loro cosa \u00e8 necessario fare per aiutarli ad uscire da questa imprevista e aspra salita che ti strozza il fiato. Non sar\u00e0 facile\u2026 perch\u00e9 la carit\u00e0 non \u00e8 facile, ma ci proveremo tutti insieme.<\/p>\n\n\n\n<p>Sappiamo di avere intravisto in quelle settimane di fatica, limitazioni, dolore, una vita diversa e lasciarne evaporare la visione sarebbe uno spreco, lo sperpero di un senso nuovo delle cose, un\u2019occasione mancata per un punto di svolta cio\u00e8 un\u2019abitudine nuova e buona: la rinuncia a uno dei tanti \u201csuperflui arredi della vita\u201d accompagnata dalla scelta di un gesto in grado di lasciare il segno a chi ti tende la mano. \u00c8 questo il momento, se non lo \u00e8 ora, quando lo sar\u00e0?<\/p>\n\n\n\n<p><strong>Dividere ci\u00f2 che si ha con chi sta pi\u00f9 indietro, dare a chi ha poco o addirittura nulla, non \u00e8 pura o ingenua ideologia, \u00e8 il cristianesimo.<\/strong><\/p>\n\n\n\n<p>Durante questo Avvento non ci sar\u00e0 la consueta raccolta dei viveri poich\u00e9 l\u2019amministrazione comunale ci ha consegnato Euro 6.667 da usare per alleviare l\u2019emergenza alimentare Covid19.<\/p>\n\n\n\n<p>Abbiamo altres\u00ec deciso di sospendere temporaneamente la raccolta del progetto \u201cFamiglie che aiutano famiglie\u201d poich\u00e9 abbiamo ritenuto opportuno lasciare che ogni famiglia possa intervenire, se necessario, in questo momento di grande fatica, anche all\u2019interno del proprio contesto famigliare, laddove se ne presenti il bisogno. Il progetto riprender\u00e0 come al solito il prossimo mese di febbraio con date che vi verranno comunicate sull\u2019INSIEME.<\/p>\n\n\n\n<p>Sono stati donati dalla Caritas Diocesana tre computer per il nostro servizio doposcuola \u201caffinch\u00e9 nessuno resti indietro\u201d favorendo in questo modo i processi di apprendimento degli alunni.<\/p>\n\n\n\n<figure class=\"wp-block-table is-style-stripes\"><table><thead><tr><th><strong>Rendiconto anno pastorale 2019-2020<\/strong><\/th><\/tr><\/thead><tbody><tr><td> <\/td><\/tr><tr><td><strong>ENTRATE<\/strong><\/td><td>\u20ac<\/td><\/tr><tr><td>Contributo del Comune di Cassina de\u2019 Pecchi<\/td><td>6.667,00<\/td><\/tr><tr><td>Progetto \u201cFamiglie cha aiutano famiglie\u201d<\/td><td>13.792,50<\/td><\/tr><tr><td>Alla Caritas attraverso il conto corrente parrocchiale<\/td><td>1.300,00<\/td><\/tr><tr><td>Gruppo teatrale in cammino<\/td><td>1.200,00<\/td><\/tr><tr><td>Confraternita del Rosario<\/td><td>400,00<\/td><\/tr><tr><td><strong>TOTALE<\/strong><\/td><td><strong>23.359.50<\/strong><\/td><\/tr><tr><td><strong>&nbsp;<\/strong><\/td><td><strong>&nbsp;<\/strong><\/td><\/tr><tr><td><strong>USCITE<\/strong><strong><\/strong><\/td><td><strong>&nbsp;<\/strong><\/td><\/tr><tr><td>Alimenti freschi a pi\u00f9 famiglie<\/td><td>10.471,35<\/td><\/tr><tr><td>Bollette luce, gas<\/td><td>1.532,06<\/td><\/tr><tr><td>Contributo affitti<\/td><td>3.030,00<\/td><\/tr><tr><td>Iscrizioni e libri scolastici<\/td><td>351,20<\/td><\/tr><tr><td>Spese mediche<\/td><td>497,45<\/td><\/tr><tr><td>Spese e interventi a famiglie bisognose<\/td><td>6.384,84<\/td><\/tr><tr><td><strong>TOTALE<\/strong><\/td><td><strong>22.266,90<\/strong><\/td><\/tr><tr><td><strong>&nbsp;<\/strong><\/td><td><strong>&nbsp;<\/strong><\/td><\/tr><tr><td><strong>Residuo a disposizione per i prossimi mesi \u20ac 1.092,60<\/strong> <strong>&nbsp;<\/strong><\/td><\/tr><\/tbody><\/table><\/figure>\n\n\n\n<p><strong><em>DISTRIBUZIONE ABITI<\/em><\/strong><\/p>\n\n\n\n<p>La distribuzione degli abiti, quest\u2019anno, ha avuto una brusca interruzione a causa del <em>lockdown<\/em>: da marzo compreso fino a tutto settembre la distribuzione non ha avuto luogo. E\u2019 stata riprese formalmente il 7 ottobre.<\/p>\n\n\n\n<p><strong><em>DISTRIBUZIONE VIVERI<\/em><\/strong><\/p>\n\n\n\n<p>Per i primi due mesi dell\u2019anno la distribuzione ha seguito il solito svolgimento, distribuendo circa 50 pacchi mensili (la distribuzione del pacco viveri \u00e8 il primo incontro fraterno). Successivamente, a causa del lockdown, e cio\u00e8 dal mese di marzo e fino alla fine di maggio, la richiesta ha subito un brusco incremento fino a quasi raddoppiare. Il servizio della distribuzione pacchi \u00e8 stato effettuato con l\u2019aiuto della Protezione Civile che ha effettuato la consegna a domicilio. Siamo molto grati ai volontari di tale organizzazione che hanno trasformato la <em>pietas<\/em> umana in amore potente.&nbsp; Sono stati quindi distribuiti circa 750 pacchi di viveri non deperibili.<\/p>\n\n\n\n<p>Ai pacchi sono stati aggiunti, per le famiglie con bambini, anche buoni spesa per il fresco.<\/p>\n\n\n\n<p><strong><em>IL VOLONTARIATO CARITAS<\/em><\/strong><\/p>\n\n\n\n<p>L\u2019unico servizio che \u00e8 rimasto attivo nel periodo marzo-settembre \u00e8 stato il Centro d\u2019Ascolto, ma con modalit\u00e0 quasi esclusivamente telefonica e frequenze molto sostenute a fronte di urgenze spesso giornaliere.<\/p>\n","protected":false},"excerpt":{"rendered":"<p>Nell\u2019archivio della memoria di ciascuno di noi rimarranno impresse per sempre queste immagini: il lungo corteo di camion dell\u2019Esercito che trasferiscono in altri cimiteri le bare che Bergamo non era pi\u00f9 in grado di accogliere, Papa Francesco che percorre le vie deserte di Roma, o la sua omelia di quel 27 marzo in una Piazza [&hellip;]<\/p>\n","protected":false},"author":2,"featured_media":0,"comment_status":"closed","ping_status":"open","sticky":false,"template":"","format":"standard","meta":{"footnotes":""},"categories":[24,115],"tags":[],"class_list":{"0":"post-14175","1":"post","2":"type-post","3":"status-publish","4":"format-standard","6":"category-caritas-cittadina","7":"category-in-evidenza"},"_links":{"self":[{"href":"https:\/\/comunitapastoralecassina.org\/ver2\/wp-json\/wp\/v2\/posts\/14175","targetHints":{"allow":["GET"]}}],"collection":[{"href":"https:\/\/comunitapastoralecassina.org\/ver2\/wp-json\/wp\/v2\/posts"}],"about":[{"href":"https:\/\/comunitapastoralecassina.org\/ver2\/wp-json\/wp\/v2\/types\/post"}],"author":[{"embeddable":true,"href":"https:\/\/comunitapastoralecassina.org\/ver2\/wp-json\/wp\/v2\/users\/2"}],"replies":[{"embeddable":true,"href":"https:\/\/comunitapastoralecassina.org\/ver2\/wp-json\/wp\/v2\/comments?post=14175"}],"version-history":[{"count":1,"href":"https:\/\/comunitapastoralecassina.org\/ver2\/wp-json\/wp\/v2\/posts\/14175\/revisions"}],"predecessor-version":[{"id":14176,"href":"https:\/\/comunitapastoralecassina.org\/ver2\/wp-json\/wp\/v2\/posts\/14175\/revisions\/14176"}],"wp:attachment":[{"href":"https:\/\/comunitapastoralecassina.org\/ver2\/wp-json\/wp\/v2\/media?parent=14175"}],"wp:term":[{"taxonomy":"category","embeddable":true,"href":"https:\/\/comunitapastoralecassina.org\/ver2\/wp-json\/wp\/v2\/categories?post=14175"},{"taxonomy":"post_tag","embeddable":true,"href":"https:\/\/comunitapastoralecassina.org\/ver2\/wp-json\/wp\/v2\/tags?post=14175"}],"curies":[{"name":"wp","href":"https:\/\/api.w.org\/{rel}","templated":true}]}}