{"id":14177,"date":"2020-11-13T15:13:44","date_gmt":"2020-11-13T14:13:44","guid":{"rendered":"http:\/\/comunitapastoralecassina.org\/ver2\/?p=14177"},"modified":"2020-11-13T15:16:26","modified_gmt":"2020-11-13T14:16:26","slug":"quale-avvento","status":"publish","type":"post","link":"https:\/\/comunitapastoralecassina.org\/ver2\/2020\/11\/quale-avvento\/","title":{"rendered":"Quale Avvento?"},"content":{"rendered":"\n<p>Eh s\u00ec! Con questa domenica, entriamo nel Tempo di Avvento <em>(ambrosiano)<\/em>.<\/p>\n\n\n\n<p>Stiamo tutti <em>(in un modo o nell\u2019altro\u2026) <\/em>affrontando un momento particolare della nostra vita. E senz\u2019altro le <strong>attese<\/strong>, in questo tempo storico che stiamo vivendo, non mancano e sono varie e differenti. Prima fra tutte: <em>quando terminer\u00e0 questa Pandemia? <\/em>Un\u2019<em>attesa<\/em>, questa, che accomuna tutti noi!<\/p>\n\n\n\n<div class=\"wp-block-image\"><figure class=\"alignright size-large is-resized\"><a href=\"http:\/\/comunitapastoralecassina.org\/ver2\/wp-content\/uploads\/WhatsApp-Image-2020-11-09-at-11.11.00.jpeg\"><img loading=\"lazy\" decoding=\"async\" src=\"http:\/\/comunitapastoralecassina.org\/ver2\/wp-content\/uploads\/WhatsApp-Image-2020-11-09-at-11.11.00-453x1024.jpeg\" alt=\"\" class=\"wp-image-14181\" width=\"294\" height=\"664\" srcset=\"https:\/\/comunitapastoralecassina.org\/ver2\/wp-content\/uploads\/WhatsApp-Image-2020-11-09-at-11.11.00-453x1024.jpeg 453w, https:\/\/comunitapastoralecassina.org\/ver2\/wp-content\/uploads\/WhatsApp-Image-2020-11-09-at-11.11.00-133x300.jpeg 133w, https:\/\/comunitapastoralecassina.org\/ver2\/wp-content\/uploads\/WhatsApp-Image-2020-11-09-at-11.11.00-680x1536.jpeg 680w, https:\/\/comunitapastoralecassina.org\/ver2\/wp-content\/uploads\/WhatsApp-Image-2020-11-09-at-11.11.00-696x1573.jpeg 696w, https:\/\/comunitapastoralecassina.org\/ver2\/wp-content\/uploads\/WhatsApp-Image-2020-11-09-at-11.11.00.jpeg 708w\" sizes=\"auto, (max-width: 294px) 100vw, 294px\" \/><\/a><\/figure><\/div>\n\n\n\n<p>Nonostante il <em>lockdown <\/em>abbia dato gi\u00e0 un colore alle nostre Regioni e rallentato (pi\u00f9 o meno) molti di noi, non ha fermato il nostro cammino e cos\u00ec ci troviamo oggi ad iniziare il Tempo di Avvento quale \u201cinvito\u201d a <em>purificare <\/em>ed a dare <em>ordine <\/em>e <em>priorit\u00e0 <\/em>alle nostre <em>\u201cattese\u201d quotidiane<\/em>.<\/p>\n\n\n\n<p>Allora alla domanda <em>(che troviamo nel titolo dell\u2019Editoriale) <\/em>possiamo ben rispondere con un solo aggettivo: <strong>essenziale<\/strong>.<\/p>\n\n\n\n<p>S\u00ec, un Avvento <em>\u201cessenziale\u201d <\/em>dove la preghiera pu\u00f2 trasformarsi in consolante <em>\u201coccasione\u201d <\/em>per accorciare le distanze tra noi sapendo che <em>non sconfiggeremo il virus se saremo pi\u00f9 soli, ma se saremo pi\u00f9 vicini<\/em>, in comunione tra noi, grazie a questa <em>\u201cAttesa\u201d <\/em>del Signore Ges\u00f9, o meglio al far <em>\u201ctendere\u201d <\/em>la nostra vita, i nostri passi, il nostro cammino, il nostro cuore e le gioie e le fatiche di una intera giornata\u2026 a <strong>Lui<\/strong>.<\/p>\n\n\n\n<p>S\u00ec, un Avvento <em>\u201cessenziale\u201d <\/em>come ci ricorda anche Sant\u2019Agostino quando scrive nella sua opera autobiografica (<em>Le Confessioni<\/em>): <em>\u201cCi hai fatti per te, e il nostro cuore non ha posa finch\u00e9 non riposa in te\u201d<\/em>. Ecco perch\u00e9 la proposta di Avvento della nostra Comunit\u00e0, nel tempo \u201cparticolare\u201d che stiamo vivendo, non sar\u00e0 tanto sul fare ma sullo stare in comunione con Ges\u00f9.<\/p>\n\n\n\n<p>Una relazione, questa, capace di accorciare ogni distanza tra noi se vissuta <em>\u201cin spirito e verit\u00e0\u201d (Gv 4, 24)<\/em>.<\/p>\n\n\n\n<p class=\"has-text-align-right\">Don Massimo<\/p>\n\n\n\n<div class=\"wp-block-image\"><figure class=\"aligncenter size-large\"><a href=\"http:\/\/comunitapastoralecassina.org\/ver2\/wp-content\/uploads\/si-aprirono-loro-gli-occhi.jpg\"><img loading=\"lazy\" decoding=\"async\" width=\"1024\" height=\"452\" src=\"http:\/\/comunitapastoralecassina.org\/ver2\/wp-content\/uploads\/si-aprirono-loro-gli-occhi-1024x452.jpg\" alt=\"\" class=\"wp-image-14179\" srcset=\"https:\/\/comunitapastoralecassina.org\/ver2\/wp-content\/uploads\/si-aprirono-loro-gli-occhi-1024x452.jpg 1024w, https:\/\/comunitapastoralecassina.org\/ver2\/wp-content\/uploads\/si-aprirono-loro-gli-occhi-300x132.jpg 300w, https:\/\/comunitapastoralecassina.org\/ver2\/wp-content\/uploads\/si-aprirono-loro-gli-occhi-768x339.jpg 768w, https:\/\/comunitapastoralecassina.org\/ver2\/wp-content\/uploads\/si-aprirono-loro-gli-occhi-696x307.jpg 696w, https:\/\/comunitapastoralecassina.org\/ver2\/wp-content\/uploads\/si-aprirono-loro-gli-occhi-1068x471.jpg 1068w, https:\/\/comunitapastoralecassina.org\/ver2\/wp-content\/uploads\/si-aprirono-loro-gli-occhi.jpg 1475w\" sizes=\"auto, (max-width: 1024px) 100vw, 1024px\" \/><\/a><\/figure><\/div>\n","protected":false},"excerpt":{"rendered":"<p>Eh s\u00ec! Con questa domenica, entriamo nel Tempo di Avvento (ambrosiano). Stiamo tutti (in un modo o nell\u2019altro\u2026) affrontando un momento particolare della nostra vita. E senz\u2019altro le attese, in questo tempo storico che stiamo vivendo, non mancano e sono varie e differenti. Prima fra tutte: quando terminer\u00e0 questa Pandemia? Un\u2019attesa, questa, che accomuna tutti [&hellip;]<\/p>\n","protected":false},"author":2,"featured_media":0,"comment_status":"closed","ping_status":"open","sticky":false,"template":"","format":"standard","meta":{"footnotes":""},"categories":[19],"tags":[],"class_list":{"0":"post-14177","1":"post","2":"type-post","3":"status-publish","4":"format-standard","6":"category-prima-pagina"},"_links":{"self":[{"href":"https:\/\/comunitapastoralecassina.org\/ver2\/wp-json\/wp\/v2\/posts\/14177","targetHints":{"allow":["GET"]}}],"collection":[{"href":"https:\/\/comunitapastoralecassina.org\/ver2\/wp-json\/wp\/v2\/posts"}],"about":[{"href":"https:\/\/comunitapastoralecassina.org\/ver2\/wp-json\/wp\/v2\/types\/post"}],"author":[{"embeddable":true,"href":"https:\/\/comunitapastoralecassina.org\/ver2\/wp-json\/wp\/v2\/users\/2"}],"replies":[{"embeddable":true,"href":"https:\/\/comunitapastoralecassina.org\/ver2\/wp-json\/wp\/v2\/comments?post=14177"}],"version-history":[{"count":3,"href":"https:\/\/comunitapastoralecassina.org\/ver2\/wp-json\/wp\/v2\/posts\/14177\/revisions"}],"predecessor-version":[{"id":14182,"href":"https:\/\/comunitapastoralecassina.org\/ver2\/wp-json\/wp\/v2\/posts\/14177\/revisions\/14182"}],"wp:attachment":[{"href":"https:\/\/comunitapastoralecassina.org\/ver2\/wp-json\/wp\/v2\/media?parent=14177"}],"wp:term":[{"taxonomy":"category","embeddable":true,"href":"https:\/\/comunitapastoralecassina.org\/ver2\/wp-json\/wp\/v2\/categories?post=14177"},{"taxonomy":"post_tag","embeddable":true,"href":"https:\/\/comunitapastoralecassina.org\/ver2\/wp-json\/wp\/v2\/tags?post=14177"}],"curies":[{"name":"wp","href":"https:\/\/api.w.org\/{rel}","templated":true}]}}