{"id":14187,"date":"2020-11-13T15:21:35","date_gmt":"2020-11-13T14:21:35","guid":{"rendered":"http:\/\/comunitapastoralecassina.org\/ver2\/?p=14187"},"modified":"2020-11-13T15:21:38","modified_gmt":"2020-11-13T14:21:38","slug":"prime-comunioni-perche","status":"publish","type":"post","link":"https:\/\/comunitapastoralecassina.org\/ver2\/2020\/11\/prime-comunioni-perche\/","title":{"rendered":"Prime Comunioni: perch\u00e8?"},"content":{"rendered":"\n<p>Vi sarete chiesti\u2026ma perch\u00e9 ora? Perch\u00e9 non sospendere la Prime Comunioni visto il momento? Forse sarebbe stata la scelta pi\u00f9 comoda, ma abbiamo scelto\u00a0\u00a0 di vivere le prime comunioni nella nostra comunit\u00e0 durante alcune feste belle e importanti (<strong>La Solennit\u00e0 di tutti i Santi e la Solennit\u00e0 di Cristo Re dell\u2019universo<\/strong>) anche per ricordarci il valore del cammino di fede.<\/p>\n\n\n\n<p>\u00c8 vero che per queste famiglie non \u00e8 stato possibile vivere la festa cos\u00ec come attesa da tempo, come desiderata&nbsp;&nbsp;&nbsp;&nbsp; e immaginata, ma abbiamo puntato al cuore e all\u2019essenziale: <strong>l\u2019incontro con Ges\u00f9. <\/strong>Per noi credenti l\u2019Eucarestia&nbsp;&nbsp; \u00e8 dono talmente immenso da non poterne fare a meno. Questi bambini hanno atteso tanto questo primo incontro&nbsp;&nbsp; e non potevamo rimandare ancora! Un grazie di cuore quindi alle famiglie di questi ragazzi e a tutti coloro che hanno permesso questa festa: dai chierichetti, a coloro che hanno curato l\u2019arredo in chiesa, le tovaglie, i fiori\u2026 a coloro che hanno accompagnato nelle parrocchie la celebrazione con il canto, ai sacristi e un grazie immenso va ai catechisti della nostra comunit\u00e0 ( Arcangela e Cristina, Nadia e Marina, Morena e Maria Teresa, Paola e Francesca, Simone e Gaia, Maura e Clara, Cristina e Fulvia, Rosanna e Maria Teresa) che hanno accompagnato questi bambini alla festa del primo incontro con il Signore Ges\u00f9.<\/p>\n\n\n\n<p class=\"has-light-green-cyan-background-color has-background\">Sono una quindicina i bambini che non hanno ancora potuto vivere la gioia di questo Sacramento e per loro abbiamo pensato ad una data altrettanto significativa.<\/p>\n\n\n\n<p class=\"has-light-green-cyan-background-color has-background\">Il giorno dell\u2019<strong>Immacolata alle 15.30 in Santa Maria Ausiliatrice<\/strong>: cos\u00ec sar\u00e0 festa con Lui anche per loro.<\/p>\n","protected":false},"excerpt":{"rendered":"<p>Vi sarete chiesti\u2026ma perch\u00e9 ora? Perch\u00e9 non sospendere la Prime Comunioni visto il momento? Forse sarebbe stata la scelta pi\u00f9 comoda, ma abbiamo scelto\u00a0\u00a0 di vivere le prime comunioni nella nostra comunit\u00e0 durante alcune feste belle e importanti (La Solennit\u00e0 di tutti i Santi e la Solennit\u00e0 di Cristo Re dell\u2019universo) anche per ricordarci il [&hellip;]<\/p>\n","protected":false},"author":2,"featured_media":0,"comment_status":"closed","ping_status":"open","sticky":false,"template":"","format":"standard","meta":{"footnotes":""},"categories":[19],"tags":[],"class_list":{"0":"post-14187","1":"post","2":"type-post","3":"status-publish","4":"format-standard","6":"category-prima-pagina"},"_links":{"self":[{"href":"https:\/\/comunitapastoralecassina.org\/ver2\/wp-json\/wp\/v2\/posts\/14187","targetHints":{"allow":["GET"]}}],"collection":[{"href":"https:\/\/comunitapastoralecassina.org\/ver2\/wp-json\/wp\/v2\/posts"}],"about":[{"href":"https:\/\/comunitapastoralecassina.org\/ver2\/wp-json\/wp\/v2\/types\/post"}],"author":[{"embeddable":true,"href":"https:\/\/comunitapastoralecassina.org\/ver2\/wp-json\/wp\/v2\/users\/2"}],"replies":[{"embeddable":true,"href":"https:\/\/comunitapastoralecassina.org\/ver2\/wp-json\/wp\/v2\/comments?post=14187"}],"version-history":[{"count":1,"href":"https:\/\/comunitapastoralecassina.org\/ver2\/wp-json\/wp\/v2\/posts\/14187\/revisions"}],"predecessor-version":[{"id":14188,"href":"https:\/\/comunitapastoralecassina.org\/ver2\/wp-json\/wp\/v2\/posts\/14187\/revisions\/14188"}],"wp:attachment":[{"href":"https:\/\/comunitapastoralecassina.org\/ver2\/wp-json\/wp\/v2\/media?parent=14187"}],"wp:term":[{"taxonomy":"category","embeddable":true,"href":"https:\/\/comunitapastoralecassina.org\/ver2\/wp-json\/wp\/v2\/categories?post=14187"},{"taxonomy":"post_tag","embeddable":true,"href":"https:\/\/comunitapastoralecassina.org\/ver2\/wp-json\/wp\/v2\/tags?post=14187"}],"curies":[{"name":"wp","href":"https:\/\/api.w.org\/{rel}","templated":true}]}}