{"id":14189,"date":"2020-11-13T15:23:55","date_gmt":"2020-11-13T14:23:55","guid":{"rendered":"http:\/\/comunitapastoralecassina.org\/ver2\/?p=14189"},"modified":"2020-11-13T15:24:47","modified_gmt":"2020-11-13T14:24:47","slug":"oratorio-catechismo-e-ritiri-durante-il-lockdown","status":"publish","type":"post","link":"https:\/\/comunitapastoralecassina.org\/ver2\/2020\/11\/oratorio-catechismo-e-ritiri-durante-il-lockdown\/","title":{"rendered":"Oratorio, catechismo e ritiri durante il lockdown"},"content":{"rendered":"\n<div class=\"wp-block-image\"><figure class=\"alignright size-large is-resized\"><a href=\"http:\/\/comunitapastoralecassina.org\/ver2\/wp-content\/uploads\/kaire.jpeg\"><img loading=\"lazy\" decoding=\"async\" src=\"http:\/\/comunitapastoralecassina.org\/ver2\/wp-content\/uploads\/kaire-700x1024.jpeg\" alt=\"\" class=\"wp-image-14172\" width=\"333\" height=\"487\" srcset=\"https:\/\/comunitapastoralecassina.org\/ver2\/wp-content\/uploads\/kaire-700x1024.jpeg 700w, https:\/\/comunitapastoralecassina.org\/ver2\/wp-content\/uploads\/kaire-205x300.jpeg 205w, https:\/\/comunitapastoralecassina.org\/ver2\/wp-content\/uploads\/kaire-768x1123.jpeg 768w, https:\/\/comunitapastoralecassina.org\/ver2\/wp-content\/uploads\/kaire-1050x1536.jpeg 1050w, https:\/\/comunitapastoralecassina.org\/ver2\/wp-content\/uploads\/kaire-696x1018.jpeg 696w, https:\/\/comunitapastoralecassina.org\/ver2\/wp-content\/uploads\/kaire-1068x1562.jpeg 1068w, https:\/\/comunitapastoralecassina.org\/ver2\/wp-content\/uploads\/kaire.jpeg 1094w\" sizes=\"auto, (max-width: 333px) 100vw, 333px\" \/><\/a><\/figure><\/div>\n\n\n\n<p>Purtroppo non \u00e8 possibile vivere gli incontri in presenza in oratorio: oratorio e segreteria devono restare chiusi dopo l\u2019ultimo DPCM. Ogni equipe e ogni gruppo proporr\u00e0 ai bambini e ei ragazzi dei momenti significativi da vivere o via pc oppure in chiesa SMA in presenza (incontri che ad oggi sono permessi e che facciamo nella chiesa pi\u00f9 grande della comunit\u00e0).<\/p>\n\n\n\n<p><strong>Nel tempo d\u2019avvento:<\/strong><strong><\/strong><\/p>\n\n\n\n<p>Proporremo la <strong>messa la domenica pomeriggio per fasce d\u2019et\u00e0 <\/strong>in modo da poter vivere almeno in parte i nostri ritiri d\u2019avvento con i bambini, i ragazzi e un genitore distanziati e in sicurezza.<\/p>\n\n\n\n<p>Per i <strong>gruppi ado, 18enni e giovani <\/strong>proseguir\u00e0 con gli educatori la proposta con momenti di preghiera e di celebrazione in chiesa SMA.<\/p>\n\n\n\n<p>Per i <strong>bambini e i ragazzi<\/strong>, ogni domenica d\u2019avvento, proporremo una storia con una morale messa in evidenza e un impegno per la settimana. Sar\u00e0 possibile passare nelle nostre chiese e ritirare la storia della settimana da un cesto che verr\u00e0 posto ai piedi dell\u2019altare<\/p>\n\n\n\n<p><strong>Messa per il gruppo giovani: Domenica 22 novembre <\/strong>alle 20.15 in SMA celebreremo la S. Messa della seconda domenica d\u2019Avvento.<\/p>\n\n\n\n<p><strong>Ogni sera alle 20,32 <\/strong><strong>il nostro Arcivescovo Mario Delpini <\/strong>proporr\u00e0 un breve, ma quotidiano momento di preghiera per ogni famiglia (Kaire). Sar\u00e0 possibile seguirlo sui media diocesani e diventer\u00e0 in questo tempo l\u2019occasione di pregare insieme al nostro Vescovo.<\/p>\n","protected":false},"excerpt":{"rendered":"<p>Purtroppo non \u00e8 possibile vivere gli incontri in presenza in oratorio: oratorio e segreteria devono restare chiusi dopo l\u2019ultimo DPCM. Ogni equipe e ogni gruppo proporr\u00e0 ai bambini e ei ragazzi dei momenti significativi da vivere o via pc oppure in chiesa SMA in presenza (incontri che ad oggi sono permessi e che facciamo nella [&hellip;]<\/p>\n","protected":false},"author":2,"featured_media":0,"comment_status":"closed","ping_status":"open","sticky":false,"template":"","format":"standard","meta":{"footnotes":""},"categories":[115],"tags":[],"class_list":{"0":"post-14189","1":"post","2":"type-post","3":"status-publish","4":"format-standard","6":"category-in-evidenza"},"_links":{"self":[{"href":"https:\/\/comunitapastoralecassina.org\/ver2\/wp-json\/wp\/v2\/posts\/14189","targetHints":{"allow":["GET"]}}],"collection":[{"href":"https:\/\/comunitapastoralecassina.org\/ver2\/wp-json\/wp\/v2\/posts"}],"about":[{"href":"https:\/\/comunitapastoralecassina.org\/ver2\/wp-json\/wp\/v2\/types\/post"}],"author":[{"embeddable":true,"href":"https:\/\/comunitapastoralecassina.org\/ver2\/wp-json\/wp\/v2\/users\/2"}],"replies":[{"embeddable":true,"href":"https:\/\/comunitapastoralecassina.org\/ver2\/wp-json\/wp\/v2\/comments?post=14189"}],"version-history":[{"count":2,"href":"https:\/\/comunitapastoralecassina.org\/ver2\/wp-json\/wp\/v2\/posts\/14189\/revisions"}],"predecessor-version":[{"id":14191,"href":"https:\/\/comunitapastoralecassina.org\/ver2\/wp-json\/wp\/v2\/posts\/14189\/revisions\/14191"}],"wp:attachment":[{"href":"https:\/\/comunitapastoralecassina.org\/ver2\/wp-json\/wp\/v2\/media?parent=14189"}],"wp:term":[{"taxonomy":"category","embeddable":true,"href":"https:\/\/comunitapastoralecassina.org\/ver2\/wp-json\/wp\/v2\/categories?post=14189"},{"taxonomy":"post_tag","embeddable":true,"href":"https:\/\/comunitapastoralecassina.org\/ver2\/wp-json\/wp\/v2\/tags?post=14189"}],"curies":[{"name":"wp","href":"https:\/\/api.w.org\/{rel}","templated":true}]}}