{"id":14219,"date":"2020-12-05T18:40:00","date_gmt":"2020-12-05T17:40:00","guid":{"rendered":"http:\/\/comunitapastoralecassina.org\/ver2\/?p=14219"},"modified":"2020-12-11T17:03:23","modified_gmt":"2020-12-11T16:03:23","slug":"una-visita-alle-famiglie-in-forma-straordinaria","status":"publish","type":"post","link":"https:\/\/comunitapastoralecassina.org\/ver2\/2020\/12\/una-visita-alle-famiglie-in-forma-straordinaria\/","title":{"rendered":"\u201cVisita\u201d alle famiglie in forma \u201cstraordinaria\u201d e appuntamenti per l&#8217;Avvento"},"content":{"rendered":"\n<div class=\"wp-block-buttons aligncenter is-layout-flex wp-block-buttons-is-layout-flex\">\n<div class=\"wp-block-button is-style-round\"><a class=\"wp-block-button__link\" href=\"http:\/\/comunitapastoralecassina.org\/ver2\/wp-content\/uploads\/BENEDIZIONI_2020_PIEGHEVOLE_313x210.pdf\" target=\"_blank\" rel=\"noreferrer noopener\">Scarica il pieghevole (pdf)<\/a><\/div>\n<\/div>\n\n\n\n<h2 class=\"has-vivid-red-color has-text-color wp-block-heading\"><strong>Visita alle Famiglie 2020<\/strong><\/h2>\n\n\n\n<p>Cari amici e care amiche,<\/p>\n\n\n\n<p>a causa della situazione che stiamo vivendo Vi comunichiamo che l\u2019incontro con il sacerdote nelle Vostre famiglie, secondo l\u2019antica tradizione ambrosiana in occasione della celebrazione del Natale, <strong>non potr\u00e0 avvenire secondo le modalit\u00e0 a cui siamo stati abituati<\/strong>.<\/p>\n\n\n\n<p>In questi giorni di incertezza e di diffusa insicurezza non troviamo parole adatte per esprimerVi anzitutto il nostro desiderio di aiutare tutti e ciascuno, credenti e non, a continuare a vivere con prudenza, ma anche con serenit\u00e0 e fiducia, capacit\u00e0 di relazioni e di aiuto reciproco.<\/p>\n\n\n\n<p>Per chi crede, poi, in questo momento le ragioni della fede sono ragioni di vita: non sentirsi abbandonati alle sole nostre forze, ma poter contare su Dio che ci prende per mano e ci chiede anche di aiutare chi \u00e8 nel bisogno, senza rassegnarsi a chiuderci in noi stessi.<\/p>\n\n\n\n<p>La situazione <em>\u201cstraordinaria\u201d<\/em> che attraversiamo, dunque ci chiede\u2026 risposte <em>\u201cstraordinarie\u201d<\/em>.<\/p>\n\n\n\n<p>Ecco, allora, <strong>come avverr\u00e0 quest\u2019anno \u201cla benedizione\u201d<\/strong>: nelle settimane di dicembre (precedenti al Natale) inviteremo in Chiesa chi desidera pregare insieme per chiedere la benedizione del Signore, cos\u00ec da portarla poi nelle proprie case. La modalit\u00e0 la trovate su questo Depliant <em>(ovviamente \u00e8 una indicazione per darci una suddivisione: chi non potr\u00e0 venire al \u201csuo\u201d incontro potr\u00e0 benissimo venire ad un altro in una delle nostre tre Chiese)<\/em>.<\/p>\n\n\n\n<p>Ci piacerebbe, infine, che questa lettera fosse un augurio anche per coloro che normalmente non praticano, pur credenti e per coloro che professano altre fedi: <em>la vita di tutti che sta ricevendo a vari livelli una battuta di arresto e molte abitudini sono state sconvolte, non blocchi n\u00e9 deteriori l\u2019apertura d\u2019animo, la comprensione, la solidariet\u00e0, la sapienza dell\u2019esistere<\/em>.<\/p>\n\n\n\n<p>Fin da ora l\u2019augurio di un Natale buono, per una vita buona!<\/p>\n\n\n\n<p class=\"has-text-align-center\"><strong><em>Don Massimo, Don Fabio, Don Bangaly, Don Silvio<\/em><\/strong><\/p>\n\n\n\n<p><em>Anche in questo Natale \u201cparticolare\u201d sar\u00e0 sempre possibile sostenere liberamente la propria Parrocchia con una libera offerta che potete mettere in questa busta e <strong>portala in Chiesa<\/strong>.<\/em> &nbsp;<em>Ci\u00f2 che verr\u00e0 raccolto sar\u00e0 un aiuto prezioso per sostenere le proprie Parrocchie che pure stanno risentendo di questo momento difficile.<\/em><\/p>\n\n\n\n<h3 class=\"has-vivid-cyan-blue-color has-text-color wp-block-heading\"><strong>Modalit\u00e0 celebrazione<\/strong><\/h3>\n\n\n\n<p><em>Sar\u00e0 un momento <strong>breve<\/strong>, <strong>intenso<\/strong> e <strong>semplice<\/strong>.<\/em> <em>Invitiamo un <strong>solo rappresentante<\/strong> per famiglia a partecipare.<\/em><\/p>\n\n\n\n<p><em>Se dovesse riempirsi la Chiesa, chiediamo la <strong>pazienza<\/strong> di aspettare qualche minuto, che <strong>verr\u00e0 riproposta subito<\/strong> la celebrazione.<\/em><\/p>\n\n\n\n<p><em>Al termine di ogni celebrazione verr\u00e0 consegnato il <strong>\u201csegno\u201d<\/strong> da portare a casa per la <strong>Preghiera di Benedizione<\/strong> da fare in Famiglia il giorno di Natale. E\u2019 possibile a questo momento portare la <strong>busta<\/strong> per sostenere la Comunit\u00e0 o consegnarla durante qualche S.Messa<\/em><\/p>\n\n\n\n<h3 class=\"has-vivid-cyan-blue-color has-text-color wp-block-heading\"><strong>Calendario inviti<\/strong><\/h3>\n\n\n\n<p><strong>Sabato 5 dicembre<\/strong> <\/p>\n\n\n\n<ul class=\"wp-block-list\"><li><strong>ore 11.00 in S.M.Ausiliatrice<\/strong>:&nbsp; <em>Via Volta, Veneto, Moro, Curiel, Gramsci, Grandi, Venezia, Vicolo della Lira, Marconi, Martesana<\/em><\/li><\/ul>\n\n\n\n<p><strong>Domenica 6 dicembre<\/strong><\/p>\n\n\n\n<ul class=\"wp-block-list\"><li><strong>ore 15.00 <\/strong>in<strong> Sant\u2019Agata V.M.<\/strong>: <em>Via XXV Aprile, I Maggio, IV Novembre, Cascina Pirotta<\/em><\/li><li><strong>ore 16.00 <\/strong>in<strong> Nativit\u00e0 di M.V.<\/strong>: <em>Via Andromeda, Bilancia, Antares, Viale Trieste, Vicolo Fiorita, Trento, Napoli, Granchio<\/em><\/li><li><strong>ore 17.00 <\/strong>in<strong> S.M.Ausiliatrice<\/strong>: <em>Via Puecher, Turati, Matteotti, Dante, Manzoni, Cavour, Pascoli, Kennedy, De Gasperi, Verdi, Puccini, Trento, Quartiere Aurelia, Nenni, Betulle, Ginestre, Roma<\/em><\/li><\/ul>\n\n\n\n<p><strong>Luned\u00ec 7 dicembre<\/strong><\/p>\n\n\n\n<ul class=\"wp-block-list\"><li><strong>ore 11.00 <\/strong>in<strong> Sant\u2019Agata V.M.<\/strong>: <em>Via Pertini, Colombo, Villa Pompea, Villa Quiete<\/em><\/li><li><strong>ore 11.00 <\/strong>in<strong> Nativit\u00e0 di M.V.<\/strong>: <em>Via Leone, Vergine, Acquario, Torino, Don Gnocchi, Michelangelo, Dell\u2019Orsa Minore, Dell\u2019Orsa Maggiore<\/em><\/li><\/ul>\n\n\n\n<p><strong>Marted\u00ec 8 dicembre<\/strong><\/p>\n\n\n\n<ul class=\"wp-block-list\"><li><strong>ore 15.00 <\/strong>in<strong> Sant\u2019Agata V.M.<\/strong>: <em>Via Caselli, Fermo, Vismara, Largo Cooperativa<\/em><\/li><li><strong>ore 16.00 <\/strong>in<strong> Nativit\u00e0 di M.V.<\/strong>: <em>Via Sirio, Vicolo del Toro, Milano, Don Verderio, Galileo, Copernico, Da Vinci, Meucci, Bergamo, Cassiopea<\/em><\/li><\/ul>\n\n\n\n<p><strong>Domenica 13 dicembre<\/strong><\/p>\n\n\n\n<ul class=\"wp-block-list\"><li><strong>ore 15.00 <\/strong>in<strong> Sant\u2019Agata V.M.<\/strong>: <em>Via Torrente Molgora, Cascinello, Villa Magri, Artigianato<\/em><\/li><li><strong>ore 16.00 <\/strong>in<strong> Nativit\u00e0 di M.V.<\/strong>: <em>Via Nettuno, Plutone, Venere, Marte, Urano, Mercurio, Giove, Centauro<\/em><\/li><li><strong>ore 17.00 <\/strong>in<strong> S.M.Ausiliatrice<\/strong>: <em>Via Ciclamini, Einaudi, Donatori, Viale Trieste, Dei Tigli, Dalla Chiesa, Cascina Nuova, Mameli, Dei Platani, Magnolie, Delle Rose, Degli Olmi, Vicolo dei Pini<\/em><\/li><\/ul>\n\n\n\n<p><strong>Domenica 20 dicembre<\/strong><\/p>\n\n\n\n<ul class=\"wp-block-list\"><li><strong>ore 17.00 <\/strong>in<strong> S.M.Ausiliatrice<\/strong>: <em>Via Carducci, Leoncavallo, Mozart, Rossini, Mazzini, Papa Giovanni XXIII, Garibaldi, P.zza Decorati, Naviglio Piccolo, Card, Ferrari, Monte Grappa<\/em><\/li><\/ul>\n\n\n\n<hr class=\"wp-block-separator\"\/>\n\n\n\n<h2 class=\"has-vivid-red-color has-text-color wp-block-heading\"><strong>Gli appuntamenti del Natale<\/strong><\/h2>\n\n\n\n<h3 class=\"has-vivid-cyan-blue-color has-text-color wp-block-heading\"><strong>La Novena di Natale<\/strong><\/h3>\n\n\n\n<p><strong>Da luned\u00ec 14 a mercoled\u00ec 23 dicembre (ogni giorno!)<\/strong><\/p>\n\n\n\n<p>In <em>S.M.Ausiliatrice<\/em><\/p>\n\n\n\n<ul class=\"wp-block-list\"><li><strong><em>Ore 17.00<\/em><\/strong> <em>Momento di incontro<\/em> per <strong>bambini e ragazzi<\/strong><\/li><li><strong><em>Ore 18.30<\/em><\/strong> <em>S.Messa con riflessione<\/em> per <strong>giovani e adulti<\/strong><\/li><\/ul>\n\n\n\n<h3 class=\"has-vivid-cyan-blue-color has-text-color wp-block-heading\"><strong>La Luce del Natale illumina Cassina<\/strong><\/h3>\n\n\n\n<p>A tutte le SS.Messe di <strong>domenica 20 dicembre<\/strong> verranno benedetti i CERI, in tutte le nostre tre Chiese, con l\u2019invito a portarli in famiglia e ad <strong>accenderli<\/strong> sulle finestre, balconi, giardini \u2026 di casa alla <em>vigilia di Natale<\/em> (<strong>gioved\u00ec 24 dicembre, ore 20.00<\/strong>) con un <strong>breve augurio<\/strong> in <em>diretta streaming<\/em> (sulla Pagina FB della Comunit\u00e0) con i sacerdoti della Diaconia.<\/p>\n\n\n\n<h3 class=\"has-vivid-cyan-blue-color has-text-color wp-block-heading\"><strong>Il Sacramento della Riconciliazione<\/strong><strong><\/strong><\/h3>\n\n\n\n<p>Invitiamo a valorizzare il tempo di Avvento (al <strong>sabato<\/strong>) ed i giorni della <strong>Novena di Natale<\/strong> per celebrare la confessione natalizia, in quanto quest\u2019anno dovremo evitare di avere tanti fedeli <em>\u201cin attesa della confessione\u201d<\/em> negli ultimi giorni o alla vigilia di Natale <em>(come sempre avvenuto)<\/em>.<\/p>\n\n\n\n<p>Questi momenti in <em>S.M.Ausiliatrice<\/em> iniziano tutti alle <strong>ore 20.30<\/strong>.<\/p>\n\n\n\n<ul class=\"wp-block-list\"><li>Luned\u00ec 14 dicembre: <em>per 18 e 19enni<\/em><\/li><li>Marted\u00ec 15 dicembre: per tutti (nella <em>Chiesa di Sant\u2019Agata V.M.<\/em>)<\/li><li>Mercoled\u00ec 16 dicembre: per tutti<\/li><li>Gioved\u00ec 17 dicembre: per tutti<\/li><li>Venerd\u00ec 18 dicembre: <em>per Preadolescenti<\/em> (verr\u00e0 comunicato orario)<\/li><li>Sabato 19 dicembre: nelle parrocchie (<em>come programma di Avvento<\/em>)<\/li><li>Luned\u00ec 21 dicembre: per <em>Adolescenti<\/em><\/li><li>Marted\u00ec 22 dicembre: per tutti (nella <em>Chiesa di Nativit\u00e0 di M.V.<\/em>)<\/li><li>Mercoled\u00ec 23 dicembre: per tutti<\/li><li>Gioved\u00ec 24 dicembre: nelle parrocchie (<em>come programma di Avvento<\/em>)<\/li><\/ul>\n\n\n\n<h3 class=\"has-vivid-cyan-blue-color has-text-color wp-block-heading\">SS. Messe della Vigilia (24 dicembre) e della Notte di Natale<\/h3>\n\n\n\n<ul class=\"wp-block-list\"><li>Chiesa di <strong>Sant\u2019Agata V.M<\/strong>.: ore 17.00 e ore 22.00<\/li><li>Chiesa di <strong>Nativit\u00e0 di M.V<\/strong>.: ore 19.00 e ore 22.00<\/li><li>Chiesa di <strong>S.M.Ausiliatrice<\/strong>: ore 18.00 e ore 24.00<\/li><\/ul>\n\n\n\n<h3 class=\"has-vivid-cyan-blue-color has-text-color wp-block-heading\">SS.Messe nel Giorno di Natale&nbsp;(25 dicembre)<\/h3>\n\n\n\n<ul class=\"wp-block-list\"><li>Chiesa di <strong>Sant\u2019Agata V.M<\/strong>.: ore 10.00<\/li><li>Chiesa di <strong>Nativit\u00e0 di M.V<\/strong>.: ore 9.00; ore 11.00 e ore 13.00 in lingua filippina<\/li><li>Chiesa di <strong>S.M.Ausiliatrice<\/strong>: ore 8.00; ore 10.00; ore 11.30 e ore 18.30<\/li><\/ul>\n\n\n\n<p><\/p>\n","protected":false},"excerpt":{"rendered":"<p>Visita alle Famiglie 2020 Cari amici e care amiche, a causa della situazione che stiamo vivendo Vi comunichiamo che l\u2019incontro con il sacerdote nelle Vostre famiglie, secondo l\u2019antica tradizione ambrosiana in occasione della celebrazione del Natale, non potr\u00e0 avvenire secondo le modalit\u00e0 a cui siamo stati abituati. In questi giorni di incertezza e di diffusa [&hellip;]<\/p>\n","protected":false},"author":2,"featured_media":10511,"comment_status":"closed","ping_status":"open","sticky":false,"template":"","format":"standard","meta":{"footnotes":""},"categories":[23],"tags":[],"class_list":{"0":"post-14219","1":"post","2":"type-post","3":"status-publish","4":"format-standard","5":"has-post-thumbnail","7":"category-avvisi"},"_links":{"self":[{"href":"https:\/\/comunitapastoralecassina.org\/ver2\/wp-json\/wp\/v2\/posts\/14219","targetHints":{"allow":["GET"]}}],"collection":[{"href":"https:\/\/comunitapastoralecassina.org\/ver2\/wp-json\/wp\/v2\/posts"}],"about":[{"href":"https:\/\/comunitapastoralecassina.org\/ver2\/wp-json\/wp\/v2\/types\/post"}],"author":[{"embeddable":true,"href":"https:\/\/comunitapastoralecassina.org\/ver2\/wp-json\/wp\/v2\/users\/2"}],"replies":[{"embeddable":true,"href":"https:\/\/comunitapastoralecassina.org\/ver2\/wp-json\/wp\/v2\/comments?post=14219"}],"version-history":[{"count":9,"href":"https:\/\/comunitapastoralecassina.org\/ver2\/wp-json\/wp\/v2\/posts\/14219\/revisions"}],"predecessor-version":[{"id":14381,"href":"https:\/\/comunitapastoralecassina.org\/ver2\/wp-json\/wp\/v2\/posts\/14219\/revisions\/14381"}],"wp:featuredmedia":[{"embeddable":true,"href":"https:\/\/comunitapastoralecassina.org\/ver2\/wp-json\/wp\/v2\/media\/10511"}],"wp:attachment":[{"href":"https:\/\/comunitapastoralecassina.org\/ver2\/wp-json\/wp\/v2\/media?parent=14219"}],"wp:term":[{"taxonomy":"category","embeddable":true,"href":"https:\/\/comunitapastoralecassina.org\/ver2\/wp-json\/wp\/v2\/categories?post=14219"},{"taxonomy":"post_tag","embeddable":true,"href":"https:\/\/comunitapastoralecassina.org\/ver2\/wp-json\/wp\/v2\/tags?post=14219"}],"curies":[{"name":"wp","href":"https:\/\/api.w.org\/{rel}","templated":true}]}}