{"id":14311,"date":"2020-12-01T09:14:36","date_gmt":"2020-12-01T08:14:36","guid":{"rendered":"http:\/\/comunitapastoralecassina.org\/ver2\/?p=14311"},"modified":"2020-12-01T09:23:08","modified_gmt":"2020-12-01T08:23:08","slug":"terza-domenica-la-pecora-nera-alla-grotta-di-betlemme","status":"publish","type":"post","link":"https:\/\/comunitapastoralecassina.org\/ver2\/2020\/12\/terza-domenica-la-pecora-nera-alla-grotta-di-betlemme\/","title":{"rendered":"Terza Domenica &#8211; La pecora nera alla grotta di Betlemme"},"content":{"rendered":"\n<div class=\"wp-block-image\"><figure class=\"aligncenter size-large is-resized\"><img loading=\"lazy\" decoding=\"async\" src=\"http:\/\/comunitapastoralecassina.org\/ver2\/wp-content\/uploads\/Avvento-2020-1024x461.jpeg\" alt=\"\" class=\"wp-image-14200\" width=\"609\" height=\"274\" srcset=\"https:\/\/comunitapastoralecassina.org\/ver2\/wp-content\/uploads\/Avvento-2020-1024x461.jpeg 1024w, https:\/\/comunitapastoralecassina.org\/ver2\/wp-content\/uploads\/Avvento-2020-300x135.jpeg 300w, https:\/\/comunitapastoralecassina.org\/ver2\/wp-content\/uploads\/Avvento-2020-768x346.jpeg 768w, https:\/\/comunitapastoralecassina.org\/ver2\/wp-content\/uploads\/Avvento-2020-696x313.jpeg 696w, https:\/\/comunitapastoralecassina.org\/ver2\/wp-content\/uploads\/Avvento-2020-1068x481.jpeg 1068w, https:\/\/comunitapastoralecassina.org\/ver2\/wp-content\/uploads\/Avvento-2020.jpeg 1200w\" sizes=\"auto, (max-width: 609px) 100vw, 609px\" \/><\/figure><\/div>\n\n\n\n<p>C&#8217;era una volta una pecora diversa da tutte le altre. Le pecore, si sa, sono bianche; lei invece era nera, nera come la pece. Quando passava per i campi tutti la deridevano, perch\u00e9 in un gregge tutto bianco spiccava come una macchia di inchiostro su un lenzuolo bianco:&nbsp;\u00abGuarda una pecora nera! Che animale originale; chi crede mai di essere?\u00bb. Anche le compagne pecore le gridavano dietro: \u00abPecora sbagliata, non sai che le pecore devono essere tutte uguali,&nbsp;tutte avvolte di bianca lana?\u00bb.<\/p>\n\n\n\n<p>La pecora nera non ne poteva pi\u00f9, quelle parole erano come pietre e non riusciva a digerirle. E cos\u00ec decise di uscire dal gregge e andarsene sui monti, da sola:&nbsp;&#8220;Almeno l\u00e0 avrebbe potuto brucare in pace e riposarsi all&#8217;ombra dei pini.&#8221; Ma nemmeno in montagna trov\u00f2 pace. \u00abChe vivere \u00e8 questo? Sempre da sola!\u00bb, si diceva dopo che il sole tramontava e la notte arrivava. Una sera, con la faccia tutta piena di lacrime, vide lontano una grotta illuminata da una debole luce. \u00abDormir\u00f2 l\u00e0 dentro!\u00bb e si mise a correre. Correva come se qualcuno la attirasse.<\/p>\n\n\n\n<p>\u00abChi sei?\u00bb, le domand\u00f2 una voce appena fu entrata. \u00ab<em>Sono una pecora che nessuno vuole: una pecora nera!<\/em> Mi hanno buttata fuori dal gregge\u00bb. \u00abLa stessa cosa \u00e8 capitata a noi! Anche per noi non c&#8217;era posto con gli altri nell&#8217;albergo. Abbiamo dovuto ripararci qui, io Giuseppe e mia moglie Maria. Proprio qui ci \u00e8 nato un bel bambino. Eccolo!\u00bb. La pecora nera era piena di gioia. Prima di tutte le altre poteva vedere il piccolo Ges\u00f9. \u00abAvr\u00e0 freddo; lasciate che mi metta vicino per riscaldarlo!\u00bb. Maria e Giuseppe risposero con un sorriso. La pecora si avvicin\u00f2 stretta stretta al bambino e lo accarezz\u00f2 con la sua lana. Ges\u00f9 si svegli\u00f2 e le bisbigli\u00f2 nell&#8217;orecchio: \u00ab<strong><em>Proprio per questo sono nato! Per ricordare a chi lo dimentica che Dio ti ama cosi come sei.<\/em><\/strong> Sai, il suo pi\u00f9 grande desiderio \u00e8 di non lasciare mai nessuno da solo e cerca sempre di trovare il modo per farsi sempre vicino\u00bb. <\/p>\n\n\n\n<p>E\u2019 proprio vero! Dio mi ama cos\u00ec come sono e mi resta sempre accanto! &nbsp;&nbsp;&nbsp;In questa settimana mi impegno a vivere un gesto di attenzione verso una persona che si sente sola o \u201cmessa da parte\u201d o a cui io presto sempre poca attenzione, per cercare di migliorare la vita degli altri e anche me stesso.<\/p>\n\n\n\n<p class=\"has-text-align-center has-light-green-cyan-background-color has-background has-regular-font-size\"><strong><em>E\u2019 proprio vero! Dio mi ama cos\u00ec come sono e mi resta sempre accanto!<\/em><\/strong><br \/><strong><em>In questa settimana mi impegno a vivere un gesto di attenzione verso una persona che si sente sola o \u201cmessa da parte\u201d o a cui io presto sempre poca attenzione, per cercare di migliorare la vita degli altri e anche me stesso.<\/em><\/strong><\/p>\n\n\n\n<div class=\"wp-block-buttons aligncenter is-layout-flex wp-block-buttons-is-layout-flex\">\n<div class=\"wp-block-button is-style-round td_btn_large\"><a class=\"wp-block-button__link has-vivid-cyan-blue-background-color has-background\" href=\"http:\/\/comunitapastoralecassina.org\/ver2\/wp-content\/uploads\/AV-V-E-N-T-O-2020_3dom.pdf\" target=\"_blank\" rel=\"noreferrer noopener\"><strong>SCARICA IL PDF<\/strong><\/a><\/div>\n<\/div>\n\n\n\n<p><\/p>\n","protected":false},"excerpt":{"rendered":"<p>C&#8217;era una volta una pecora diversa da tutte le altre. Le pecore, si sa, sono bianche; lei invece era nera, nera come la pece. Quando passava per i campi tutti la deridevano, perch\u00e9 in un gregge tutto bianco spiccava come una macchia di inchiostro su un lenzuolo bianco:&nbsp;\u00abGuarda una pecora nera! Che animale originale; chi [&hellip;]<\/p>\n","protected":false},"author":2,"featured_media":0,"comment_status":"closed","ping_status":"open","sticky":false,"template":"","format":"standard","meta":{"footnotes":""},"categories":[127],"tags":[],"class_list":{"0":"post-14311","1":"post","2":"type-post","3":"status-publish","4":"format-standard","6":"category-le-storie-dellavvento"},"_links":{"self":[{"href":"https:\/\/comunitapastoralecassina.org\/ver2\/wp-json\/wp\/v2\/posts\/14311","targetHints":{"allow":["GET"]}}],"collection":[{"href":"https:\/\/comunitapastoralecassina.org\/ver2\/wp-json\/wp\/v2\/posts"}],"about":[{"href":"https:\/\/comunitapastoralecassina.org\/ver2\/wp-json\/wp\/v2\/types\/post"}],"author":[{"embeddable":true,"href":"https:\/\/comunitapastoralecassina.org\/ver2\/wp-json\/wp\/v2\/users\/2"}],"replies":[{"embeddable":true,"href":"https:\/\/comunitapastoralecassina.org\/ver2\/wp-json\/wp\/v2\/comments?post=14311"}],"version-history":[{"count":3,"href":"https:\/\/comunitapastoralecassina.org\/ver2\/wp-json\/wp\/v2\/posts\/14311\/revisions"}],"predecessor-version":[{"id":14317,"href":"https:\/\/comunitapastoralecassina.org\/ver2\/wp-json\/wp\/v2\/posts\/14311\/revisions\/14317"}],"wp:attachment":[{"href":"https:\/\/comunitapastoralecassina.org\/ver2\/wp-json\/wp\/v2\/media?parent=14311"}],"wp:term":[{"taxonomy":"category","embeddable":true,"href":"https:\/\/comunitapastoralecassina.org\/ver2\/wp-json\/wp\/v2\/categories?post=14311"},{"taxonomy":"post_tag","embeddable":true,"href":"https:\/\/comunitapastoralecassina.org\/ver2\/wp-json\/wp\/v2\/tags?post=14311"}],"curies":[{"name":"wp","href":"https:\/\/api.w.org\/{rel}","templated":true}]}}