{"id":14320,"date":"2020-12-07T01:16:00","date_gmt":"2020-12-07T00:16:00","guid":{"rendered":"http:\/\/comunitapastoralecassina.org\/ver2\/?p=14320"},"modified":"2020-12-17T13:07:41","modified_gmt":"2020-12-17T12:07:41","slug":"quarta-domenica-incantato","status":"publish","type":"post","link":"https:\/\/comunitapastoralecassina.org\/ver2\/2020\/12\/quarta-domenica-incantato\/","title":{"rendered":"Quarta Domenica &#8211; Incantato"},"content":{"rendered":"\n<p>Un giorno le statuine del presepio se la presero con il pastorello soprannominato Incantanto, perch\u00e9 a differenza delle altre statuine, lui se ne stava l\u00ec, davanti alla grotta, con le mani vuote, senza alcun dono da portare a Ges\u00f9.<\/p>\n\n\n\n<p>&#8220;Non hai vergogna? Vieni a trovare Ges\u00f9 e non porti niente?&#8221;. Incantato non rispondeva: era totalmente assorto nel guardare il bambino. I rimproveri cominciarono a farsi pi\u00f9 fitti. Allora Maria, la mamma di Ges\u00f9, prese le sue difese: &#8220;<strong><em>Incantato non viene a mani vuote. Guardate: porta la sua meraviglia, il suo stupore! L&#8217;amore di Dio, fatto bambino piccolissimo, lo incanta<\/em><\/strong>&#8220;.<\/p>\n\n\n\n<p>Quando tutti compresero, la mamma di Ges\u00f9 concluse: &#8220;Il mondo sar\u00e0 meraviglioso quando gli uomini, come Incantato, saranno capaci di stupirsi. Capite? Dio per amore nostro si \u00e8 fatto come noi, per farci come Lui&#8221;.<\/p>\n\n\n\n<p class=\"has-text-align-center has-light-green-cyan-background-color has-background has-regular-font-size\"><strong><em>Che bello quando ci si ritrova in famiglia ad allestire il Presepe! E poi, il giorno di Natale fermarsi a contemplare con lo stupore e la meraviglia del pastorello Incantato, quella piccola culla colma dell\u2019Amore di Dio fatto bambino.<\/em><\/strong><br \/><em style=\"\"><b>Questa domenica voglio impegnarmi insieme alla mia famiglia ad allestire bene e con il cuore il mio Presepe, <\/b><\/em><em style=\"\"><b>perch\u00e9 Tu <\/b><\/em><strong><em>Ges\u00f9 abbia un posto speciale in cui nascere anche nella mia casa!<\/em><\/strong> <\/p>\n\n\n\n<p class=\"has-text-align-center\"><img loading=\"lazy\" decoding=\"async\" width=\"38\" height=\"36\" src=\"\"\/>Inviate una fotografia del vostro Presepe a questo indirizzo email: <a href=\"mailto:oratoriosdscassina@gmail.com\">oratoriosdscassina@gmail.com<\/a><br \/>La Vigilia di Natale pubblicheremo un video con tutti gli scatti raccolti !<\/p>\n\n\n\n<div class=\"wp-block-buttons aligncenter is-layout-flex wp-block-buttons-is-layout-flex\">\n<div class=\"wp-block-button is-style-round\"><a class=\"wp-block-button__link\" href=\"http:\/\/comunitapastoralecassina.org\/ver2\/wp-content\/uploads\/AV-V-E-N-T-O-2020_4dom.pdf\" target=\"_blank\" rel=\"noreferrer noopener\">SCARICA IL PDF<\/a><\/div>\n<\/div>\n\n\n\n<p><\/p>\n\n\n\n<hr class=\"wp-block-separator\"\/>\n\n\n\n<div class=\"wp-block-image\"><figure class=\"aligncenter size-large\"><img loading=\"lazy\" decoding=\"async\" width=\"273\" height=\"185\" src=\"http:\/\/comunitapastoralecassina.org\/ver2\/wp-content\/uploads\/Presepe-3.jpg\" alt=\"\" class=\"wp-image-14322\"\/><\/figure><\/div>\n\n\n\n<h2 class=\"wp-block-heading\">Il Primo Presepe<\/h2>\n\n\n\n<p>Nelle cronache del 1200 si legge che San Francesco invent\u00f2 a Greccio, vicino a Rieti, il primo presepe.<\/p>\n\n\n\n<p>Francesco era famoso in tutta la cristianit\u00e0 per la vita che conduceva, e molti giovani avevano lasciato beni e professione per seguirlo nel suo ideale di povert\u00e0. Egli parlava del Vangelo con tale entusiasmo che la gente e persino tutti gli animali, anche quelli pi\u00f9 feroci, lo ascoltavano attenti.<\/p>\n\n\n\n<p>Nell\u2019anno 1210 era stato a Roma da papa Onorio III e gli aveva chiesto l\u2019approvazione della sua Regola di vita con i fratelli, in povert\u00e0 assoluta, predicando il Vangelo nella semplicit\u00e0.<\/p>\n\n\n\n<p>Qualche anno dopo-era il 1219- egli, \u201carmato\u201d solo del perdono e della parola di Ges\u00f9, part\u00ec crociato in oriente. Fu ricevuto dal sultano alMalik- al-Kamil e pot\u00e9 visitare in pace i luoghi santi della vita del Signore.<\/p>\n\n\n\n<p>Il ricordo pi\u00f9 intenso di questo viaggio fu la visita all\u2019umile grotta di Betlemme ove il Signore volle nascere.<\/p>\n\n\n\n<p>Tornato in Italia, un giorno incontr\u00f2 un nobiluomo di nome Giovanni che gli chiese cosa doveva fare per seguire le vie del Signore. Francesco gli disse di prepararsi ad accogliere Ges\u00f9 nel suo cuore e preparare il Natale. Allora quel tale fece costruire una stalla, vi fece portare del fieno e condurre un bove e un asino.<\/p>\n\n\n\n<p>Poi arriv\u00f2 dicembre \u2026<\/p>\n\n\n\n<p>La notte di Natale del 1223 molti pastori e contadini, artigiani e povera gente si avviarono verso la grotta che Giovanni da Greccio aveva preparato per Francesco. Alcuni avevano portato doni per farne omaggio al Bambino e dividerli con i pi\u00f9 poveri. Francesco disse di volere celebrare un rito nuovo, pi\u00f9 intenso e partecipato; per questo aveva chiesto il permesso al papa.<\/p>\n\n\n\n<p>Su un altare improvvisato un sacerdote celebr\u00f2 la Messa.<\/p>\n\n\n\n<p>Francesco, attorniato dai suoi frati, cant\u00f2 il Vangelo. Stando davanti alla mangiatoia, egli aveva il viso cosparso di lacrime, traboccante di gioia. Allora fu visto \u00abdentro la mangiatoia un bellissimo bambino addormentato che Francesco, stringendo con ambedue le braccia, sembrava destare dal sonno\u00bb. Fra i testimoni del miracolo molti erano personaggi degni di fede e questo contribu\u00ec a divulgare la notizia in tutto il Lazio, l&#8217;Umbria e la Toscana fino a Genova e Napoli. Grazie a quel miracolo alcuni si convertirono e diventarono pi\u00f9 buoni, altri guarirono da malattie, altri trovarono forza e pace interiore. Tutto il paese sapeva di questi prodigi e teneva memoria di quella notte santa, quando un Bambino era apparso a Francesco, che aveva voluto ricostruire l&#8217;ambiente del primo Natale in un bosco dell&#8217;Appennino.<\/p>\n\n\n\n<p>Questa \u00e8 la vera storia del presepe.<\/p>\n","protected":false},"excerpt":{"rendered":"<p>Un giorno le statuine del presepio se la presero con il pastorello soprannominato Incantanto, perch\u00e9 a differenza delle altre statuine, lui se ne stava l\u00ec, davanti alla grotta, con le mani vuote, senza alcun dono da portare a Ges\u00f9. &#8220;Non hai vergogna? Vieni a trovare Ges\u00f9 e non porti niente?&#8221;. Incantato non rispondeva: era totalmente [&hellip;]<\/p>\n","protected":false},"author":2,"featured_media":14200,"comment_status":"closed","ping_status":"open","sticky":false,"template":"","format":"standard","meta":{"footnotes":""},"categories":[127],"tags":[],"class_list":{"0":"post-14320","1":"post","2":"type-post","3":"status-publish","4":"format-standard","5":"has-post-thumbnail","7":"category-le-storie-dellavvento"},"_links":{"self":[{"href":"https:\/\/comunitapastoralecassina.org\/ver2\/wp-json\/wp\/v2\/posts\/14320","targetHints":{"allow":["GET"]}}],"collection":[{"href":"https:\/\/comunitapastoralecassina.org\/ver2\/wp-json\/wp\/v2\/posts"}],"about":[{"href":"https:\/\/comunitapastoralecassina.org\/ver2\/wp-json\/wp\/v2\/types\/post"}],"author":[{"embeddable":true,"href":"https:\/\/comunitapastoralecassina.org\/ver2\/wp-json\/wp\/v2\/users\/2"}],"replies":[{"embeddable":true,"href":"https:\/\/comunitapastoralecassina.org\/ver2\/wp-json\/wp\/v2\/comments?post=14320"}],"version-history":[{"count":4,"href":"https:\/\/comunitapastoralecassina.org\/ver2\/wp-json\/wp\/v2\/posts\/14320\/revisions"}],"predecessor-version":[{"id":14326,"href":"https:\/\/comunitapastoralecassina.org\/ver2\/wp-json\/wp\/v2\/posts\/14320\/revisions\/14326"}],"wp:featuredmedia":[{"embeddable":true,"href":"https:\/\/comunitapastoralecassina.org\/ver2\/wp-json\/wp\/v2\/media\/14200"}],"wp:attachment":[{"href":"https:\/\/comunitapastoralecassina.org\/ver2\/wp-json\/wp\/v2\/media?parent=14320"}],"wp:term":[{"taxonomy":"category","embeddable":true,"href":"https:\/\/comunitapastoralecassina.org\/ver2\/wp-json\/wp\/v2\/categories?post=14320"},{"taxonomy":"post_tag","embeddable":true,"href":"https:\/\/comunitapastoralecassina.org\/ver2\/wp-json\/wp\/v2\/tags?post=14320"}],"curies":[{"name":"wp","href":"https:\/\/api.w.org\/{rel}","templated":true}]}}