{"id":14334,"date":"2020-12-04T16:08:11","date_gmt":"2020-12-04T15:08:11","guid":{"rendered":"http:\/\/comunitapastoralecassina.org\/ver2\/?p=14334"},"modified":"2024-09-26T11:19:23","modified_gmt":"2024-09-26T09:19:23","slug":"accendiamo-la-notte-di-natale","status":"publish","type":"post","link":"https:\/\/comunitapastoralecassina.org\/ver2\/2020\/12\/accendiamo-la-notte-di-natale\/","title":{"rendered":"\u201cAccendiamo\u201d la notte di Natale!"},"content":{"rendered":"\n<div class=\"wp-block-image\"><figure class=\"alignright size-large is-resized\"><a href=\"http:\/\/comunitapastoralecassina.org\/ver2\/wp-content\/uploads\/natale2020.jpeg\"><img loading=\"lazy\" decoding=\"async\" src=\"http:\/\/comunitapastoralecassina.org\/ver2\/wp-content\/uploads\/natale2020-721x1024.jpeg\" alt=\"\" class=\"wp-image-14336\" width=\"315\" height=\"447\" srcset=\"https:\/\/comunitapastoralecassina.org\/ver2\/wp-content\/uploads\/natale2020-721x1024.jpeg 721w, https:\/\/comunitapastoralecassina.org\/ver2\/wp-content\/uploads\/natale2020-211x300.jpeg 211w, https:\/\/comunitapastoralecassina.org\/ver2\/wp-content\/uploads\/natale2020-768x1090.jpeg 768w, https:\/\/comunitapastoralecassina.org\/ver2\/wp-content\/uploads\/natale2020-1082x1536.jpeg 1082w, https:\/\/comunitapastoralecassina.org\/ver2\/wp-content\/uploads\/natale2020-696x988.jpeg 696w, https:\/\/comunitapastoralecassina.org\/ver2\/wp-content\/uploads\/natale2020-1068x1516.jpeg 1068w, https:\/\/comunitapastoralecassina.org\/ver2\/wp-content\/uploads\/natale2020.jpeg 1127w\" sizes=\"auto, (max-width: 315px) 100vw, 315px\" \/><\/a><\/figure><\/div>\n\n\n\n<p><strong>S<\/strong>enz\u2019altro state \u201crincorrendo\u201d anche voi le ultime notizie sul prossimo <em>Dcpm <\/em>che dar\u00e0 indicazioni particolari sull\u2019imminente periodo natalizio. Mentre scrivo l\u2019Editoriale, in attesa dell\u2019ufficialit\u00e0 di tale <em>\u201cEditto\u201d (\u2026sto scherzando!) <\/em>desidero farvi qualche anticipazione sul Santo Natale che celebreremo nella nostra Comunit\u00e0.<\/p>\n\n\n\n<p>Ci sar\u00e0 una modifica di orario per le <em>SS.Messe <\/em>della <em>Vigilia <\/em>e della <em>Notte <\/em>del <strong>24 dicembre<\/strong>: in <em>S.M.Ausiliatrice <\/em>(ore <strong>17.00<\/strong>, ore <strong>18.30 <\/strong>e ore <strong>20.30<\/strong>); in <em>Sant\u2019Agata V.M. <\/em>(ore <strong>17.00 <\/strong>e ore <strong>20.00<\/strong>); in <em>Nativit\u00e0 di M.V. <\/em>(ore <strong>17.30 <\/strong>e ore <strong>20.00<\/strong>).<\/p>\n\n\n\n<p>Nel <em>Giorno di Natale <\/em>vengono confermati gli orari gi\u00e0 comunicati <em>(come orario festivo) <\/em>con l\u2019aggiunta di due <em>SS.Messe \u201cextra\u201d<\/em>: alle ore <strong>8.30 <\/strong>a <em>Sant\u2019Agata V.M. <\/em>e alle ore <strong>17.30 <\/strong>a <em>Nativit\u00e0 di M.V.<\/em><\/p>\n\n\n\n<p>Nonostante la straordinaria particolarit\u00e0 di questo periodo, una cosa \u00e8 certa: celebriamo il Santo Natale. Nulla <em>(n\u00e9 Covid, n\u00e9 Dpcm, o chiss\u00e0 chi\u2026) <\/em>potr\u00e0 <em>\u201cspegnere\u201d <\/em>la Luce del Natale anche se celebrato in un periodo particolare che tutti noi stiamo attraversando.<\/p>\n\n\n\n<div class=\"wp-block-image\"><figure class=\"alignleft size-large is-resized\"><a href=\"http:\/\/comunitapastoralecassina.org\/ver2\/wp-content\/uploads\/lucenatale2020.jpeg\"><img loading=\"lazy\" decoding=\"async\" src=\"http:\/\/comunitapastoralecassina.org\/ver2\/wp-content\/uploads\/lucenatale2020-731x1024.jpeg\" alt=\"\" class=\"wp-image-14337\" width=\"329\" height=\"455\"\/><\/a><\/figure><\/div>\n\n\n\n<p>Ho pensato: <em>\u201cPerch\u00e9 non illuminare la nostra Comunit\u00e0, la Notte di Natale?\u201d<\/em>. Ok, \u00e8 vero, ci sono gi\u00e0 le luminarie <em>(qualcuno subito mi far\u00e0 notare) <\/em>ma le Luminarie artificiali \u2013 pur belle che siano \u2013 a me ricordano semplicemente un Natale <em>esteriore <\/em>e <em>generico<\/em>. Invece una fiammella vera, accesa alla finestra, ad un balcone, in un giardino, anche se piccola e fioca, mi dona calore, qualcosa di vero. Spero di non sembrare troppo romantico o altro, ma credo che soprattutto \u201c<em>questa notte\u201d <\/em>di Natale dobbiamo come Comunit\u00e0 <strong>accendere <\/strong>un lume.<\/p>\n\n\n\n<p>Ecco perch\u00e9 la Comunit\u00e0 Pastorale lancia la proposta: \u201cLa Luce del S.Natale illumina Cassina\u201d.<\/p>\n\n\n\n<p>Sar\u00e0 possibile <em>ritirare <\/em>i <strong>Lumi <\/strong><em>(da domenica 20 dicembre) <\/em>nelle nostre tre chiese e alla <strong>Vigilia <\/strong>di Natale <em>(24 dicembre) collegarsi <\/em>per pochi minuti sulla <em>Pagina Facebook <\/em>o sul <em>Sito della Comunit\u00e0 Pastorale <\/em>dove in <strong>diretta streaming <\/strong>noi sacerdoti faremo un <em>augurio sincero <\/em>a tutti ed accenderemo insieme le nostre \u201cluci festose\u201d del Santo Natale.<\/p>\n\n\n\n<p>Un senso particolare ha questa iniziativa quando anche il <strong>Comitato <\/strong>della <em>\u201cLuce della Pace da Betlemme\u201d <\/em>ha comunicato che <em>\u201cil diffondersi della pandemia e l\u2019aggravarsi della situazione sanitaria ci ha fatto fare un passo indietro\u201d<\/em>.<\/p>\n\n\n\n<p>Eh s\u00ec, la Luce del Santo Natale illumini Cassina, la nostra Comunit\u00e0, il proprio cuore!<\/p>\n\n\n\n<p class=\"has-text-align-right\"><strong>Don Massimo<\/strong><strong><\/strong><\/p>\n","protected":false},"excerpt":{"rendered":"<p>Senz\u2019altro state \u201crincorrendo\u201d anche voi le ultime notizie sul prossimo Dcpm che dar\u00e0 indicazioni particolari sull\u2019imminente periodo natalizio. Mentre scrivo l\u2019Editoriale, in attesa dell\u2019ufficialit\u00e0 di tale \u201cEditto\u201d (\u2026sto scherzando!) desidero farvi qualche anticipazione sul Santo Natale che celebreremo nella nostra Comunit\u00e0. Ci sar\u00e0 una modifica di orario per le SS.Messe della Vigilia e della Notte [&hellip;]<\/p>\n","protected":false},"author":2,"featured_media":3215,"comment_status":"closed","ping_status":"open","sticky":false,"template":"","format":"standard","meta":{"footnotes":""},"categories":[23,19],"tags":[],"class_list":{"0":"post-14334","1":"post","2":"type-post","3":"status-publish","4":"format-standard","5":"has-post-thumbnail","7":"category-avvisi","8":"category-prima-pagina"},"_links":{"self":[{"href":"https:\/\/comunitapastoralecassina.org\/ver2\/wp-json\/wp\/v2\/posts\/14334","targetHints":{"allow":["GET"]}}],"collection":[{"href":"https:\/\/comunitapastoralecassina.org\/ver2\/wp-json\/wp\/v2\/posts"}],"about":[{"href":"https:\/\/comunitapastoralecassina.org\/ver2\/wp-json\/wp\/v2\/types\/post"}],"author":[{"embeddable":true,"href":"https:\/\/comunitapastoralecassina.org\/ver2\/wp-json\/wp\/v2\/users\/2"}],"replies":[{"embeddable":true,"href":"https:\/\/comunitapastoralecassina.org\/ver2\/wp-json\/wp\/v2\/comments?post=14334"}],"version-history":[{"count":4,"href":"https:\/\/comunitapastoralecassina.org\/ver2\/wp-json\/wp\/v2\/posts\/14334\/revisions"}],"predecessor-version":[{"id":14340,"href":"https:\/\/comunitapastoralecassina.org\/ver2\/wp-json\/wp\/v2\/posts\/14334\/revisions\/14340"}],"wp:featuredmedia":[{"embeddable":true,"href":"https:\/\/comunitapastoralecassina.org\/ver2\/wp-json\/wp\/v2\/media\/3215"}],"wp:attachment":[{"href":"https:\/\/comunitapastoralecassina.org\/ver2\/wp-json\/wp\/v2\/media?parent=14334"}],"wp:term":[{"taxonomy":"category","embeddable":true,"href":"https:\/\/comunitapastoralecassina.org\/ver2\/wp-json\/wp\/v2\/categories?post=14334"},{"taxonomy":"post_tag","embeddable":true,"href":"https:\/\/comunitapastoralecassina.org\/ver2\/wp-json\/wp\/v2\/tags?post=14334"}],"curies":[{"name":"wp","href":"https:\/\/api.w.org\/{rel}","templated":true}]}}