{"id":14387,"date":"2020-12-17T13:08:37","date_gmt":"2020-12-17T12:08:37","guid":{"rendered":"http:\/\/comunitapastoralecassina.org\/ver2\/?p=14387"},"modified":"2020-12-20T19:19:44","modified_gmt":"2020-12-20T18:19:44","slug":"quinta-domenica-il-filo-di-cotone","status":"publish","type":"post","link":"https:\/\/comunitapastoralecassina.org\/ver2\/2020\/12\/quinta-domenica-il-filo-di-cotone\/","title":{"rendered":"Quinta domenica &#8211; Il Filo di cotone"},"content":{"rendered":"\n<p>C&#8217;era una volta un filo di cotone che si sentiva inutile. \u00abSono troppo debole per fare una corda\u00bb si lamentava. \u00abE sono troppo corto per fare una maglietta. Sono troppo sgraziato per un aquilone e non servo neppure per un ricamo da quattro soldi. Sono scolorito e ho le doppie punte&#8230; Ah, se fossi un filo d&#8217;oro, ornerei una stola, starei sulle spalle di un prelato! Non servo proprio a niente. &nbsp;&nbsp;&nbsp;&nbsp;&nbsp;&nbsp;&nbsp;&nbsp;&nbsp;&nbsp;&nbsp;&nbsp;&nbsp;&nbsp;&nbsp;&nbsp;&nbsp;&nbsp;&nbsp;&nbsp;&nbsp;&nbsp;&nbsp;&nbsp;&nbsp;&nbsp;&nbsp;&nbsp;&nbsp;&nbsp;&nbsp;&nbsp;&nbsp;&nbsp;&nbsp;&nbsp;&nbsp;&nbsp;&nbsp;&nbsp;&nbsp;&nbsp;Non piaccio a nessuno, nemmeno a me stesso. Sono un fallito! Nessuno ha bisogno di me.\u00bb.<br \/>Si raggomitolava sulla sua poltrona, ascoltava musica triste e se ne stava sempre solo. Lo ud\u00ec un giorno un mucchietto di cera e gli disse: \u00abNon ti abbattere in questo modo, piccolo filo di cotone. Ho un&#8217;idea: &nbsp;&nbsp;&nbsp;&nbsp;&nbsp;&nbsp;<strong><em>facciamo qualcosa noi due, insieme!<\/em><\/strong> Certo non possiamo diventare un cero da altare o da salotto: tu sei troppo corto e io sono una quantit\u00e0 troppo scarsa. Possiamo diventare un lumino, e donare un po&#8217; di calore e un po&#8217; di luce. <strong><em>\u00c8 meglio illuminare e scaldare un po&#8217; piuttosto che stare nel buio a brontolare<\/em><\/strong>\u00bb.<br \/>Il filo di cotone accett\u00f2 di buon grado. &nbsp;&nbsp;&nbsp;&nbsp;&nbsp;&nbsp;&nbsp;&nbsp;&nbsp;&nbsp;&nbsp;&nbsp;&nbsp;&nbsp;&nbsp;&nbsp;&nbsp;&nbsp;&nbsp;&nbsp;&nbsp;&nbsp;&nbsp;&nbsp;&nbsp;&nbsp;&nbsp;&nbsp;&nbsp;&nbsp;&nbsp;&nbsp;&nbsp;&nbsp;&nbsp;&nbsp;&nbsp;&nbsp;&nbsp;&nbsp;&nbsp;&nbsp;&nbsp;&nbsp;&nbsp;&nbsp;&nbsp;&nbsp;&nbsp;&nbsp;&nbsp;&nbsp;&nbsp;&nbsp;&nbsp;&nbsp;&nbsp;&nbsp;&nbsp;&nbsp;&nbsp;&nbsp;&nbsp;&nbsp;&nbsp;&nbsp;&nbsp;&nbsp;&nbsp;&nbsp;&nbsp;&nbsp;&nbsp;&nbsp;&nbsp;&nbsp;&nbsp;&nbsp;&nbsp;&nbsp;&nbsp;&nbsp;&nbsp;&nbsp;&nbsp;&nbsp;&nbsp;&nbsp;&nbsp;&nbsp;&nbsp;&nbsp;&nbsp;&nbsp;&nbsp;&nbsp;&nbsp;&nbsp;&nbsp;&nbsp;&nbsp;&nbsp;&nbsp;&nbsp;&nbsp;&nbsp;&nbsp;&nbsp;&nbsp;Unito alla cera, divenne un lumino, brill\u00f2 nell&#8217;oscurit\u00e0 ed eman\u00f2 calore. &#8230;.E fu finalmente felice e fiero, perche&#8217; insieme alla sua nuova amica, aveva trovato il modo piu&#8217; bello per donare se stesso.<\/p>\n\n\n\n<p class=\"has-text-align-center has-light-green-cyan-background-color has-background\"><strong><em>Lunedi 14 dicembre inizia la Novena di Natale! Mi impegnero\u2019 a partecipare, vincendo la pigrizia, e invitero\u2019 almeno un amico a venire con me: cosi\u2019, come il filo e la cera, illumineremo insieme i giorni che precedono la nascita di Gesu\u2019 e , con gli altri amici,&nbsp; scalderemo i cuori di chi ti attende, Signore!<\/em><\/strong><\/p>\n\n\n\n<p>Ricordati di inviare &nbsp;una fotografia del tuo Presepe a questo indirizzo email: <a href=\"mailto:oratoriosdscassina@gmail.com\">oratoriosdscassina@gmail.com<\/a><\/p>\n\n\n\n<p>La Vigilia di Natale pubblicheremo un video con tutti gli scatti raccolti !<\/p>\n\n\n\n<div class=\"wp-block-buttons aligncenter is-layout-flex wp-block-buttons-is-layout-flex\">\n<div class=\"wp-block-button is-style-round\"><a class=\"wp-block-button__link\" href=\"http:\/\/comunitapastoralecassina.org\/ver2\/wp-content\/uploads\/AV-V-E-N-T-O-2020_5dom.pdf\" target=\"_blank\" rel=\"noreferrer noopener\"><strong>SCARICA IL PDF<\/strong><\/a><\/div>\n<\/div>\n","protected":false},"excerpt":{"rendered":"<p>C&#8217;era una volta un filo di cotone che si sentiva inutile. \u00abSono troppo debole per fare una corda\u00bb si lamentava. \u00abE sono troppo corto per fare una maglietta. Sono troppo sgraziato per un aquilone e non servo neppure per un ricamo da quattro soldi. Sono scolorito e ho le doppie punte&#8230; Ah, se fossi un [&hellip;]<\/p>\n","protected":false},"author":2,"featured_media":14200,"comment_status":"closed","ping_status":"open","sticky":false,"template":"","format":"standard","meta":{"footnotes":""},"categories":[127],"tags":[],"class_list":{"0":"post-14387","1":"post","2":"type-post","3":"status-publish","4":"format-standard","5":"has-post-thumbnail","7":"category-le-storie-dellavvento"},"_links":{"self":[{"href":"https:\/\/comunitapastoralecassina.org\/ver2\/wp-json\/wp\/v2\/posts\/14387","targetHints":{"allow":["GET"]}}],"collection":[{"href":"https:\/\/comunitapastoralecassina.org\/ver2\/wp-json\/wp\/v2\/posts"}],"about":[{"href":"https:\/\/comunitapastoralecassina.org\/ver2\/wp-json\/wp\/v2\/types\/post"}],"author":[{"embeddable":true,"href":"https:\/\/comunitapastoralecassina.org\/ver2\/wp-json\/wp\/v2\/users\/2"}],"replies":[{"embeddable":true,"href":"https:\/\/comunitapastoralecassina.org\/ver2\/wp-json\/wp\/v2\/comments?post=14387"}],"version-history":[{"count":4,"href":"https:\/\/comunitapastoralecassina.org\/ver2\/wp-json\/wp\/v2\/posts\/14387\/revisions"}],"predecessor-version":[{"id":14423,"href":"https:\/\/comunitapastoralecassina.org\/ver2\/wp-json\/wp\/v2\/posts\/14387\/revisions\/14423"}],"wp:featuredmedia":[{"embeddable":true,"href":"https:\/\/comunitapastoralecassina.org\/ver2\/wp-json\/wp\/v2\/media\/14200"}],"wp:attachment":[{"href":"https:\/\/comunitapastoralecassina.org\/ver2\/wp-json\/wp\/v2\/media?parent=14387"}],"wp:term":[{"taxonomy":"category","embeddable":true,"href":"https:\/\/comunitapastoralecassina.org\/ver2\/wp-json\/wp\/v2\/categories?post=14387"},{"taxonomy":"post_tag","embeddable":true,"href":"https:\/\/comunitapastoralecassina.org\/ver2\/wp-json\/wp\/v2\/tags?post=14387"}],"curies":[{"name":"wp","href":"https:\/\/api.w.org\/{rel}","templated":true}]}}