{"id":14394,"date":"2020-12-19T09:59:05","date_gmt":"2020-12-19T08:59:05","guid":{"rendered":"http:\/\/comunitapastoralecassina.org\/ver2\/?p=14394"},"modified":"2024-09-26T11:19:23","modified_gmt":"2024-09-26T09:19:23","slug":"gli-auguri-della-diaconia","status":"publish","type":"post","link":"https:\/\/comunitapastoralecassina.org\/ver2\/2020\/12\/gli-auguri-della-diaconia\/","title":{"rendered":"Gli auguri della diaconia"},"content":{"rendered":"\n<p><strong>S<\/strong>iamo arrivati a celebrare il Santo Natale! Il cammino che ci ha portati qui non \u00e8 stato facile e senz\u2019altro, per non pochi di noi, sar\u00e0 un Natale <em>\u201cparticolare\u201d<\/em>. L\u2019augurio che nasce dal mio cuore \u00e8 che possiamo sperimentare tutti quella bella immagine che ci regala il Vangelo di Giovanni: <em>\u201c\u2026 la luce splende nelle tenebre e le tenebre non l\u2019hanno vinta (\u2026) Veniva nel mondo la luce vera, quella che illumina ogni uomo\u201d <\/em>(Gv 1, 5.9).<\/p>\n\n\n\n<p>La Luce del Natale di Ges\u00f9 possa ancora oggi donare speranza, gioia, pace e perdono al nostro cuore e alla nostra vita. E, colpito positivamente dall\u2019originalit\u00e0 del presepe di questo Natale in Chiesa di <em>S.M.Ausiliatrice<\/em>, mi sento di unire una preghiera a questo semplice augurio: davvero la vita di ognuno, come uno specchio, abbia a far brillare questa Luce nei luoghi e negli incontri della propria quotidianit\u00e0.<\/p>\n\n\n\n<p class=\"has-text-align-right\"><strong>Don Massimo<\/strong><\/p>\n\n\n\n<hr class=\"wp-block-separator\"\/>\n\n\n\n<p><strong>S<\/strong>i sente dire spesso: <em>dopo questo periodo di pandemia niente sar\u00e0 pi\u00f9 come prima<\/em>.<\/p>\n\n\n\n<p>Io spero e prego perch\u00e9 tante cose cambino nella direzione delle due ultime lettere encicliche di <em>papa Francesco<\/em>: che ci sia un maggior rispetto per la creazione e una fraternit\u00e0 tra tutti gli uomini.<\/p>\n\n\n\n<p>\u00c8 una impresa grande che mi fa venire in mente l\u2019epoca in cui si costruivano le cattedrali. C\u2019erano gli architetti che le progettavano, ma c\u2019erano anche gli scalpellini che squadravano le pietre. Forse non avrebbero mai visto la cattedrale terminata nella sua imponente bellezza.<\/p>\n\n\n\n<p>Per\u00f2 potevano dire: <em>anch\u2019io ho costruito la cattedrale<\/em>. Vorrei tanto essere anch\u2019io come quello scalpellino: non vedr\u00f2 un mondo pi\u00f9 fraterno e pi\u00f9 rispettoso anche dei pi\u00f9 deboli, ma sper\u00f2 che il Signore mi dia la sapienza per contribuire col mio lavoro a realizzarlo. \u00c8 l\u2019augurio che faccio anche a tutti voi. Buon Natale!<\/p>\n\n\n\n<p class=\"has-text-align-right\"><strong>Don Silvio<\/strong><\/p>\n\n\n\n<hr class=\"wp-block-separator\"\/>\n\n\n\n<p><strong>L<\/strong>a gioia del Natale \u00e8 presente nel nostro cuore, nelle nostre chiese, nelle nostre famiglie, nelle nostre vie. Nella notte del mondo, lasciamoci ancora sorprendere e illuminare da questo atto di Dio, che \u00e8 totalmente inaspettato. Dio si fa Bambino. Lasciamoci sorprendere, illuminare dalla stella che ha inondato di gioia l\u2019universo.<\/p>\n\n\n\n<p>Ges\u00f9 Bambino, giungendo a noi, non ci trovi impreparati soltanto a rendere pi\u00f9 bella la realt\u00e0 esteriore.<\/p>\n\n\n\n<p>Vorrei augurare a tutti parrocchiani un Buon e Santo Natale.<\/p>\n\n\n\n<p class=\"has-text-align-right\"><strong>Don Bangaly<\/strong><\/p>\n\n\n\n<hr class=\"wp-block-separator\"\/>\n\n\n\n<p><strong>F<\/strong>in da piccolo la notte di Natale, guidato dalle parole di mia mamma, ho sempre messo una candela accesa sul davanzale della finestra pi\u00f9 visibile della mia casa.<\/p>\n\n\n\n<p>Il pensiero era ed \u00e8 sempre questo: noi attendiamo Ges\u00f9, vera Luce capace di rischiarare anche la notte pi\u00f9 buia. Quest\u2019anno mi piacerebbe augurare che tante famiglie della nostra comunit\u00e0 scelgano questo gesto semplice ma vero.<\/p>\n\n\n\n<p>Sia cosi un Natale carico\u00a0 di luce per tutte le famiglie felici e che stanno vivendo un momento di gioia, per le famiglie ferite o che stanno vivendo una fatica o una difficolt\u00e0, per chi ha perso una persona cara, per chi ha una preghiera importante nel cuore&#8230; sia per tutti un Natale di speranza perch\u00e9 il Signore desidera trovare spazio nel nostro cuore per tornare ad illuminarlo! Buon Natale<\/p>\n\n\n\n<p class=\"has-text-align-right\"><strong>Don Fabio<\/strong><\/p>\n","protected":false},"excerpt":{"rendered":"<p>Siamo arrivati a celebrare il Santo Natale! Il cammino che ci ha portati qui non \u00e8 stato facile e senz\u2019altro, per non pochi di noi, sar\u00e0 un Natale \u201cparticolare\u201d. L\u2019augurio che nasce dal mio cuore \u00e8 che possiamo sperimentare tutti quella bella immagine che ci regala il Vangelo di Giovanni: \u201c\u2026 la luce splende nelle [&hellip;]<\/p>\n","protected":false},"author":2,"featured_media":13130,"comment_status":"closed","ping_status":"open","sticky":false,"template":"","format":"standard","meta":{"footnotes":""},"categories":[23,19],"tags":[],"class_list":{"0":"post-14394","1":"post","2":"type-post","3":"status-publish","4":"format-standard","5":"has-post-thumbnail","7":"category-avvisi","8":"category-prima-pagina"},"_links":{"self":[{"href":"https:\/\/comunitapastoralecassina.org\/ver2\/wp-json\/wp\/v2\/posts\/14394","targetHints":{"allow":["GET"]}}],"collection":[{"href":"https:\/\/comunitapastoralecassina.org\/ver2\/wp-json\/wp\/v2\/posts"}],"about":[{"href":"https:\/\/comunitapastoralecassina.org\/ver2\/wp-json\/wp\/v2\/types\/post"}],"author":[{"embeddable":true,"href":"https:\/\/comunitapastoralecassina.org\/ver2\/wp-json\/wp\/v2\/users\/2"}],"replies":[{"embeddable":true,"href":"https:\/\/comunitapastoralecassina.org\/ver2\/wp-json\/wp\/v2\/comments?post=14394"}],"version-history":[{"count":1,"href":"https:\/\/comunitapastoralecassina.org\/ver2\/wp-json\/wp\/v2\/posts\/14394\/revisions"}],"predecessor-version":[{"id":14395,"href":"https:\/\/comunitapastoralecassina.org\/ver2\/wp-json\/wp\/v2\/posts\/14394\/revisions\/14395"}],"wp:featuredmedia":[{"embeddable":true,"href":"https:\/\/comunitapastoralecassina.org\/ver2\/wp-json\/wp\/v2\/media\/13130"}],"wp:attachment":[{"href":"https:\/\/comunitapastoralecassina.org\/ver2\/wp-json\/wp\/v2\/media?parent=14394"}],"wp:term":[{"taxonomy":"category","embeddable":true,"href":"https:\/\/comunitapastoralecassina.org\/ver2\/wp-json\/wp\/v2\/categories?post=14394"},{"taxonomy":"post_tag","embeddable":true,"href":"https:\/\/comunitapastoralecassina.org\/ver2\/wp-json\/wp\/v2\/tags?post=14394"}],"curies":[{"name":"wp","href":"https:\/\/api.w.org\/{rel}","templated":true}]}}