{"id":14396,"date":"2020-12-19T10:04:12","date_gmt":"2020-12-19T09:04:12","guid":{"rendered":"http:\/\/comunitapastoralecassina.org\/ver2\/?p=14396"},"modified":"2020-12-19T10:06:49","modified_gmt":"2020-12-19T09:06:49","slug":"illuminiamo-il-santo-natale","status":"publish","type":"post","link":"https:\/\/comunitapastoralecassina.org\/ver2\/2020\/12\/illuminiamo-il-santo-natale\/","title":{"rendered":"Illuminiamo il Santo Natale"},"content":{"rendered":"\n<p>Alla <strong>Vigilia di Natale <\/strong><em>(gioved\u00ec 24 dicembre) <\/em>dalle <strong>ore 20.00 <\/strong>invitiamo la nostra Comunit\u00e0 ad accendere i <strong>LUMI <\/strong>ed a metterli alle <em>finestre<\/em>, sui <em>balconi <\/em>e nei <em>giardini <\/em>di casa nostra. Vogliamo insieme cos\u00ec <strong><em>\u201cILLUMINARE CON LA LUCE DEL SANTO NATALE\u201d <\/em><\/strong>l\u2019intera nostra Comunit\u00e0 regalando un messaggio di Speranza nonostante il periodo non semplice che stiamo attraversando.<\/p>\n\n\n\n<p><em>Chi vuole farlo insieme, potr\u00e0 sintonizzarsi alle ore 20.00 sulla pagina Facebook della Comunit\u00e0 dove in diretta streaming i nostri Sacerdoti rivolgeranno un augurio di Natale ed accenderanno anche loro il proprio Lume<\/em>.<\/p>\n\n\n\n<p>Il <strong>Giorno di Natale <\/strong><em>(venerd\u00ec 25 dicembre) <\/em>invitiamo le famiglie <strong>radunate <\/strong>per la Festa nella propria casa a valorizzare il <strong><em>\u201csegno della Benedizione\u201d <\/em><\/strong>che abbiamo consegnato nei momenti di incontro con le famiglie. Accendete il lumino, recitate la preghiera riportata sul cartoncino e fate insieme il segno della Croce invocando la Benedizione su tutti voi nel Giorno del Santo Natale.<\/p>\n\n\n\n<p class=\"has-text-align-center has-light-green-cyan-background-color has-background\"><em><strong>E\u2019 vero, sono solo semplici gesti. Ma anche questi gesti nella loro semplicit\u00e0 esprimono un \u201cdono\u201d per chi li condivide e soprattutto sono una bella testimonianza di fede e di speranza nel Natale di Ges\u00f9!<\/strong><\/em><\/p>\n","protected":false},"excerpt":{"rendered":"<p>Alla Vigilia di Natale (gioved\u00ec 24 dicembre) dalle ore 20.00 invitiamo la nostra Comunit\u00e0 ad accendere i LUMI ed a metterli alle finestre, sui balconi e nei giardini di casa nostra. Vogliamo insieme cos\u00ec \u201cILLUMINARE CON LA LUCE DEL SANTO NATALE\u201d l\u2019intera nostra Comunit\u00e0 regalando un messaggio di Speranza nonostante il periodo non semplice che [&hellip;]<\/p>\n","protected":false},"author":2,"featured_media":14397,"comment_status":"closed","ping_status":"open","sticky":false,"template":"","format":"standard","meta":{"footnotes":""},"categories":[23],"tags":[],"class_list":{"0":"post-14396","1":"post","2":"type-post","3":"status-publish","4":"format-standard","5":"has-post-thumbnail","7":"category-avvisi"},"_links":{"self":[{"href":"https:\/\/comunitapastoralecassina.org\/ver2\/wp-json\/wp\/v2\/posts\/14396","targetHints":{"allow":["GET"]}}],"collection":[{"href":"https:\/\/comunitapastoralecassina.org\/ver2\/wp-json\/wp\/v2\/posts"}],"about":[{"href":"https:\/\/comunitapastoralecassina.org\/ver2\/wp-json\/wp\/v2\/types\/post"}],"author":[{"embeddable":true,"href":"https:\/\/comunitapastoralecassina.org\/ver2\/wp-json\/wp\/v2\/users\/2"}],"replies":[{"embeddable":true,"href":"https:\/\/comunitapastoralecassina.org\/ver2\/wp-json\/wp\/v2\/comments?post=14396"}],"version-history":[{"count":2,"href":"https:\/\/comunitapastoralecassina.org\/ver2\/wp-json\/wp\/v2\/posts\/14396\/revisions"}],"predecessor-version":[{"id":14402,"href":"https:\/\/comunitapastoralecassina.org\/ver2\/wp-json\/wp\/v2\/posts\/14396\/revisions\/14402"}],"wp:featuredmedia":[{"embeddable":true,"href":"https:\/\/comunitapastoralecassina.org\/ver2\/wp-json\/wp\/v2\/media\/14397"}],"wp:attachment":[{"href":"https:\/\/comunitapastoralecassina.org\/ver2\/wp-json\/wp\/v2\/media?parent=14396"}],"wp:term":[{"taxonomy":"category","embeddable":true,"href":"https:\/\/comunitapastoralecassina.org\/ver2\/wp-json\/wp\/v2\/categories?post=14396"},{"taxonomy":"post_tag","embeddable":true,"href":"https:\/\/comunitapastoralecassina.org\/ver2\/wp-json\/wp\/v2\/tags?post=14396"}],"curies":[{"name":"wp","href":"https:\/\/api.w.org\/{rel}","templated":true}]}}