{"id":14399,"date":"2020-12-19T10:06:17","date_gmt":"2020-12-19T09:06:17","guid":{"rendered":"http:\/\/comunitapastoralecassina.org\/ver2\/?p=14399"},"modified":"2020-12-19T10:06:20","modified_gmt":"2020-12-19T09:06:20","slug":"un-nuovo-anno-per-la-pace-e-la-benedizione-dei-bambini","status":"publish","type":"post","link":"https:\/\/comunitapastoralecassina.org\/ver2\/2020\/12\/un-nuovo-anno-per-la-pace-e-la-benedizione-dei-bambini\/","title":{"rendered":"Un nuovo anno per la Pace e la benedizione dei bambini"},"content":{"rendered":"\n<p>All\u2019<strong>ultimo giorno dell\u2019anno <\/strong>durante le SS.Messe canteremo il <strong>Te Deum <\/strong>e <strong>venerd\u00ec 1 gennaio 2021 <\/strong>durante le <em>SS.Messe (orario festivo) <\/em>invocheremo su di noi e la nostra Comunit\u00e0 il dono dello <strong>Spirito Santo<\/strong>. Soprattutto <em>pregheremo per la Pace<\/em>. Una preghiera che si prolungher\u00e0 anche nel pomeriggio di <strong>sabato 2 gennaio <\/strong>quando in <em>Chiesa S.M.Ausiliatrice <\/em><strong><em>(15.00 \u2013 18.00) <\/em><\/strong>sar\u00e0 possibile, nel <strong>silenzio dell\u2019Adorazione<\/strong>, invocare dal Signore il <em>dono della Pace per noi ed il mondo intero<\/em>.<\/p>\n\n\n\n<p>Invece nella <strong>solennit\u00e0 dell\u2019Epifania <\/strong>inviteremo i <strong>bambini <\/strong>della Comunit\u00e0 a ricevere la <em>Benedizione da Ges\u00f9 Bambino<\/em>. E\u2019 anche la Giornata che la Chiesa destina alla <strong>Infanzia Missionaria<\/strong>. Le celebrazioni saranno come l\u2019<em>orario festivo <\/em>e i due momenti per i bambini saranno: alle <strong>ore 15.30 <\/strong>in <em>Chiesa&nbsp; S.M.Ausiliatrice&nbsp; <\/em>e&nbsp; alle <strong>ore 16.30 <\/strong>in <em>Chiesa Sant\u2019Agata V.M.<\/em><\/p>\n\n\n\n<p class=\"has-text-align-center has-light-green-cyan-background-color has-background\"><strong><em>Ricordiamo che nella Solennit\u00e0 dell\u2019Epifania raccoglieremo la nostra Offerta per l\u2019Infanzia Missionaria<\/em>.<\/strong><\/p>\n","protected":false},"excerpt":{"rendered":"<p>All\u2019ultimo giorno dell\u2019anno durante le SS.Messe canteremo il Te Deum e venerd\u00ec 1 gennaio 2021 durante le SS.Messe (orario festivo) invocheremo su di noi e la nostra Comunit\u00e0 il dono dello Spirito Santo. Soprattutto pregheremo per la Pace. Una preghiera che si prolungher\u00e0 anche nel pomeriggio di sabato 2 gennaio quando in Chiesa S.M.Ausiliatrice (15.00 [&hellip;]<\/p>\n","protected":false},"author":2,"featured_media":14400,"comment_status":"closed","ping_status":"open","sticky":false,"template":"","format":"standard","meta":{"footnotes":""},"categories":[23],"tags":[],"class_list":{"0":"post-14399","1":"post","2":"type-post","3":"status-publish","4":"format-standard","5":"has-post-thumbnail","7":"category-avvisi"},"_links":{"self":[{"href":"https:\/\/comunitapastoralecassina.org\/ver2\/wp-json\/wp\/v2\/posts\/14399","targetHints":{"allow":["GET"]}}],"collection":[{"href":"https:\/\/comunitapastoralecassina.org\/ver2\/wp-json\/wp\/v2\/posts"}],"about":[{"href":"https:\/\/comunitapastoralecassina.org\/ver2\/wp-json\/wp\/v2\/types\/post"}],"author":[{"embeddable":true,"href":"https:\/\/comunitapastoralecassina.org\/ver2\/wp-json\/wp\/v2\/users\/2"}],"replies":[{"embeddable":true,"href":"https:\/\/comunitapastoralecassina.org\/ver2\/wp-json\/wp\/v2\/comments?post=14399"}],"version-history":[{"count":1,"href":"https:\/\/comunitapastoralecassina.org\/ver2\/wp-json\/wp\/v2\/posts\/14399\/revisions"}],"predecessor-version":[{"id":14401,"href":"https:\/\/comunitapastoralecassina.org\/ver2\/wp-json\/wp\/v2\/posts\/14399\/revisions\/14401"}],"wp:featuredmedia":[{"embeddable":true,"href":"https:\/\/comunitapastoralecassina.org\/ver2\/wp-json\/wp\/v2\/media\/14400"}],"wp:attachment":[{"href":"https:\/\/comunitapastoralecassina.org\/ver2\/wp-json\/wp\/v2\/media?parent=14399"}],"wp:term":[{"taxonomy":"category","embeddable":true,"href":"https:\/\/comunitapastoralecassina.org\/ver2\/wp-json\/wp\/v2\/categories?post=14399"},{"taxonomy":"post_tag","embeddable":true,"href":"https:\/\/comunitapastoralecassina.org\/ver2\/wp-json\/wp\/v2\/tags?post=14399"}],"curies":[{"name":"wp","href":"https:\/\/api.w.org\/{rel}","templated":true}]}}