{"id":14509,"date":"2021-01-02T10:53:30","date_gmt":"2021-01-02T09:53:30","guid":{"rendered":"http:\/\/comunitapastoralecassina.org\/ver2\/?p=14509"},"modified":"2024-09-26T11:19:22","modified_gmt":"2024-09-26T09:19:22","slug":"i-momenti-di-comunita-di-questo-primo-mese-dellanno","status":"publish","type":"post","link":"https:\/\/comunitapastoralecassina.org\/ver2\/2021\/01\/i-momenti-di-comunita-di-questo-primo-mese-dellanno\/","title":{"rendered":"I momenti di Comunit\u00e0 di questo primo mese dell\u2019anno"},"content":{"rendered":"\n<h2 class=\"wp-block-heading\"><strong>FESTA DELL\u2019EPIFANIA <\/strong><em>(mercoled\u00ec 6 gennaio)<\/em><\/h2>\n\n\n\n<div class=\"wp-block-media-text alignfull is-stacked-on-mobile\" style=\"grid-template-columns:23% auto\"><figure class=\"wp-block-media-text__media\"><img loading=\"lazy\" decoding=\"async\" width=\"246\" height=\"208\" src=\"http:\/\/comunitapastoralecassina.org\/ver2\/wp-content\/uploads\/magi.jpg\" alt=\"\" class=\"wp-image-14511\"\/><\/figure><div class=\"wp-block-media-text__content\">\n<p>Nel pomeriggio la Benedizione dei Bambini con la <strong>Statua di Ges\u00f9 Bambino <\/strong><em>(che verr\u00e0 poi tolta dall\u2019altare)<\/em>. Le due celebrazioni sono:alle <strong>ore 15.30 <\/strong>in <em>S.M.Ausiliatrice <\/em>e alle <strong>ore 16.30 <\/strong>in <em>Sant\u2019Agata V.M.<\/em><\/p>\n\n\n\n<p>Siamo invitati dalla Chiesa, in questa Solennit\u00e0 dove Ges\u00f9 si manifesta <em>\u201cSignore e Salvatore di tutte le genti\u201d<\/em>, a so\u00adstenere l\u2019<strong>Infanzia Missionaria<\/strong>.<\/p>\n<\/div><\/div>\n\n\n\n<h2 class=\"wp-block-heading\"><strong>BATTESIMO DI GESU\u2019 <\/strong><em>(domenica 10 gennaio)<\/em><\/h2>\n\n\n\n<div class=\"wp-block-media-text alignfull has-media-on-the-right is-stacked-on-mobile is-vertically-aligned-top\" style=\"grid-template-columns:auto 23%\"><figure class=\"wp-block-media-text__media\"><img loading=\"lazy\" decoding=\"async\" width=\"900\" height=\"579\" src=\"http:\/\/comunitapastoralecassina.org\/ver2\/wp-content\/uploads\/battesimo-1.jpg\" alt=\"\" class=\"wp-image-14515\" srcset=\"https:\/\/comunitapastoralecassina.org\/ver2\/wp-content\/uploads\/battesimo-1.jpg 900w, https:\/\/comunitapastoralecassina.org\/ver2\/wp-content\/uploads\/battesimo-1-300x193.jpg 300w, https:\/\/comunitapastoralecassina.org\/ver2\/wp-content\/uploads\/battesimo-1-768x494.jpg 768w, https:\/\/comunitapastoralecassina.org\/ver2\/wp-content\/uploads\/battesimo-1-696x448.jpg 696w\" sizes=\"auto, (max-width: 900px) 100vw, 900px\" \/><\/figure><div class=\"wp-block-media-text__content\">\n<p>Durante le <em>SS.Messe <\/em>faremo insieme <strong>memoria del nostro Battesimo <\/strong>e nel <em>pomeriggio <\/em>verr\u00e0 amministrato il Sacramento del Battesimo ad alcuni bambini della nostra Comunit\u00e0 (<strong>ore 15.00 <\/strong>a <em>Sant\u2019Agata V.M. <\/em>e <strong>ore 16.00 <\/strong>a <em>S.M.Ausiliatrice<\/em>)<\/p>\n<\/div><\/div>\n\n\n\n<h2 class=\"wp-block-heading\"><strong>SANT\u2019ANTONIO <\/strong><em>(domenica 17 gennaio)<\/em><\/h2>\n\n\n\n<div class=\"wp-block-media-text alignfull is-stacked-on-mobile is-vertically-aligned-top\" style=\"grid-template-columns:23% auto\"><figure class=\"wp-block-media-text__media\"><img loading=\"lazy\" decoding=\"async\" width=\"956\" height=\"528\" src=\"http:\/\/comunitapastoralecassina.org\/ver2\/wp-content\/uploads\/cane.jpg\" alt=\"\" class=\"wp-image-14518\" srcset=\"https:\/\/comunitapastoralecassina.org\/ver2\/wp-content\/uploads\/cane.jpg 956w, https:\/\/comunitapastoralecassina.org\/ver2\/wp-content\/uploads\/cane-300x166.jpg 300w, https:\/\/comunitapastoralecassina.org\/ver2\/wp-content\/uploads\/cane-768x424.jpg 768w, https:\/\/comunitapastoralecassina.org\/ver2\/wp-content\/uploads\/cane-696x384.jpg 696w\" sizes=\"auto, (max-width: 956px) 100vw, 956px\" \/><\/figure><div class=\"wp-block-media-text__content\">\n<p>Al <em>mattino<\/em>, a <strong>Sant\u2019Agata<\/strong>, Benedizione degli animali sul <strong>Sagrato della Chiesa <\/strong><em>(alle ore 11.00)<\/em>. Nel pomeriggio, alle <strong>ore 17.00 <\/strong>in <em>Sant\u2019Agata V.M. S.Messa solenne nella <\/em><strong><em>Festa di Sant\u2019Antonio <\/em><\/strong>con Benedizione con la Reliquia e accensione simbolica del Fuoco.<\/p>\n\n\n\n<h4 class=\"has-background wp-block-heading\" style=\"background-color:#9b7c27\">La S.Messa sar\u00e0 trasmessa in diretta su <span class=\"has-inline-color has-vivid-cyan-blue-color\"><a href=\"http:\/\/comunitapastoralecassina.org\/ver2\/2020\/12\/diretta\/\">nella pagina delle dirette di questo sito<\/a> <\/span>e sulla <a href=\"https:\/\/www.facebook.com\/Comunit%C3%A0-Pastorale-Maria-Madre-della-Chiesa-di-Cassina-de-Pecchi-173257769352889\"><span class=\"has-inline-color has-vivid-cyan-blue-color\">pagina Facebook<\/span> <\/a>della comunit\u00e0<\/h4>\n\n\n\n<p><\/p>\n<\/div><\/div>\n\n\n\n<h2 class=\"wp-block-heading\">IN ASCOLTO DELLA PAROLA (mercoled\u00ec 20 gennaio)<\/h2>\n\n\n\n<div class=\"wp-block-media-text alignfull has-media-on-the-right is-stacked-on-mobile is-vertically-aligned-top\" style=\"grid-template-columns:auto 23%\"><figure class=\"wp-block-media-text__media\"><img loading=\"lazy\" decoding=\"async\" width=\"309\" height=\"203\" src=\"http:\/\/comunitapastoralecassina.org\/ver2\/wp-content\/uploads\/testo.jpg\" alt=\"\" class=\"wp-image-14521\" srcset=\"https:\/\/comunitapastoralecassina.org\/ver2\/wp-content\/uploads\/testo.jpg 309w, https:\/\/comunitapastoralecassina.org\/ver2\/wp-content\/uploads\/testo-300x197.jpg 300w\" sizes=\"auto, (max-width: 309px) 100vw, 309px\" \/><\/figure><div class=\"wp-block-media-text__content\">\n<p>Riprendiamo col nuovo anno il nostro incontro mensile di Lectio Divina accompagnati da <strong>don Andrea <\/strong>sul <em>Libro del Siracide<\/em>.&nbsp; ln <em>S.M.Ausiliatrice <\/em>alle <strong>ore 20.45 <\/strong><em>(durata di 45\/50 minuti)<\/em>.<\/p>\n<\/div><\/div>\n\n\n\n<h2 class=\"wp-block-heading\">CONOSCIAMO E SOSTENIAMO (domenica 24 gennaio)<\/h2>\n\n\n\n<div class=\"wp-block-media-text alignfull is-stacked-on-mobile is-vertically-aligned-top\" style=\"grid-template-columns:21% auto\"><figure class=\"wp-block-media-text__media\"><a href=\"http:\/\/comunitapastoralecassina.org\/ver2\/wp-content\/uploads\/WhatsApp-Image-2020-11-09-at-11.10.11.jpeg\"><img loading=\"lazy\" decoding=\"async\" width=\"735\" height=\"1024\" src=\"http:\/\/comunitapastoralecassina.org\/ver2\/wp-content\/uploads\/WhatsApp-Image-2020-11-09-at-11.10.11-735x1024.jpeg\" alt=\"\" class=\"wp-image-14164\" srcset=\"https:\/\/comunitapastoralecassina.org\/ver2\/wp-content\/uploads\/WhatsApp-Image-2020-11-09-at-11.10.11-735x1024.jpeg 735w, https:\/\/comunitapastoralecassina.org\/ver2\/wp-content\/uploads\/WhatsApp-Image-2020-11-09-at-11.10.11-215x300.jpeg 215w, https:\/\/comunitapastoralecassina.org\/ver2\/wp-content\/uploads\/WhatsApp-Image-2020-11-09-at-11.10.11-768x1069.jpeg 768w, https:\/\/comunitapastoralecassina.org\/ver2\/wp-content\/uploads\/WhatsApp-Image-2020-11-09-at-11.10.11-1103x1536.jpeg 1103w, https:\/\/comunitapastoralecassina.org\/ver2\/wp-content\/uploads\/WhatsApp-Image-2020-11-09-at-11.10.11-696x969.jpeg 696w, https:\/\/comunitapastoralecassina.org\/ver2\/wp-content\/uploads\/WhatsApp-Image-2020-11-09-at-11.10.11-1068x1487.jpeg 1068w, https:\/\/comunitapastoralecassina.org\/ver2\/wp-content\/uploads\/WhatsApp-Image-2020-11-09-at-11.10.11.jpeg 1149w\" sizes=\"auto, (max-width: 735px) 100vw, 735px\" \/><\/a><\/figure><div class=\"wp-block-media-text__content\">\n<p>Questa \u00e8 la domenica che la <em>Comunit\u00e0 Pastorale <\/em>dedica, all\u2019interno della <strong>Settimana dell\u2019Educazione <\/strong>promossa dalla Diocesi, alle nostre Scuole dell\u2019Infanzia Parrocchiali \u201cDon Verderio\u201d e \u201cDon Vismara\u201d. Durante le SS.Messe ci sar\u00e0 una testimonianza su questa presenza e pregheremo insieme. Saremo invitati a <strong>sostenere <\/strong>questa preziosa realt\u00e0 educativa soprattutto dopo gli interventi strutturali e di organico che le Parrocchie hanno affrontato per rispondere a questa emergenza e riaprirle in sicurezza in questo anno scolastico.<\/p>\n<\/div><\/div>\n\n\n\n<h2 class=\"wp-block-heading\">GIORNATA PER I MALATI DELLA <strong>COMUNITA\u2019 <\/strong><em>(venerd\u00ec 29 gennaio)<\/em><\/h2>\n\n\n\n<div class=\"wp-block-media-text alignfull has-media-on-the-right is-stacked-on-mobile is-vertically-aligned-top\" style=\"grid-template-columns:auto 21%\"><figure class=\"wp-block-media-text__media\"><a href=\"http:\/\/comunitapastoralecassina.org\/ver2\/wp-content\/uploads\/signore-amico-malato.jpg\"><img loading=\"lazy\" decoding=\"async\" width=\"172\" height=\"229\" src=\"http:\/\/comunitapastoralecassina.org\/ver2\/wp-content\/uploads\/signore-amico-malato.jpg\" alt=\"\" class=\"wp-image-14526\"\/><\/a><\/figure><div class=\"wp-block-media-text__content\">\n<p>Un giorno al mese, durante le <em>SS.Messe feriali<\/em>, desideriamo <strong>ricordare <\/strong>e <strong>pregare <\/strong>per tutti i malati della nostra Comunit\u00e0 e le loro famiglie. Sarebbe bello, per chi conoscesse qualche persona ammalata (in famiglia o vicina di casa) partecipare all\u2019<strong>Eucarestia <\/strong>per affidarla al Signore. In questo <strong>periodo particolare <\/strong>che stiamo attraversando dove non c\u2019\u00e8 la possibilit\u00e0 di fare visita ai malati, la preghiera diventa un prezioso strumento di vicinanza e di comunione.<\/p>\n<\/div><\/div>\n\n\n\n<h2 class=\"wp-block-heading\">FESTA DELLA FAMIGLIA (domenica 31 gennaio)<\/h2>\n\n\n\n<div class=\"wp-block-media-text alignfull is-stacked-on-mobile is-vertically-aligned-top\" style=\"grid-template-columns:21% auto\"><figure class=\"wp-block-media-text__media\"><a href=\"http:\/\/comunitapastoralecassina.org\/ver2\/wp-content\/uploads\/sacrafamiglia.jpg\"><img loading=\"lazy\" decoding=\"async\" width=\"272\" height=\"182\" src=\"http:\/\/comunitapastoralecassina.org\/ver2\/wp-content\/uploads\/sacrafamiglia.jpg\" alt=\"\" class=\"wp-image-14528\"\/><\/a><\/figure><div class=\"wp-block-media-text__content\">\n<p>Non sar\u00e0 possibile ancora ritrovarsi negli Oratori o sulle piazze a fare aperitivi o pranzi o tombolate in presenza, per\u00f2 faremo in modo che <em>a tutte le SS.Messe nelle nostre tre Chiese Parrocchiali <\/em>ogni famiglia abbia la possibilit\u00e0 e la <strong>gioia <\/strong>di essere festeggiata ed affidata alla S. Famiglia di Nazareth.<\/p>\n<\/div><\/div>\n","protected":false},"excerpt":{"rendered":"<p>FESTA DELL\u2019EPIFANIA (mercoled\u00ec 6 gennaio) Nel pomeriggio la Benedizione dei Bambini con la Statua di Ges\u00f9 Bambino (che verr\u00e0 poi tolta dall\u2019altare). Le due celebrazioni sono:alle ore 15.30 in S.M.Ausiliatrice e alle ore 16.30 in Sant\u2019Agata V.M. Siamo invitati dalla Chiesa, in questa Solennit\u00e0 dove Ges\u00f9 si manifesta \u201cSignore e Salvatore di tutte le genti\u201d, [&hellip;]<\/p>\n","protected":false},"author":2,"featured_media":13066,"comment_status":"closed","ping_status":"open","sticky":false,"template":"","format":"standard","meta":{"footnotes":""},"categories":[23],"tags":[],"class_list":{"0":"post-14509","1":"post","2":"type-post","3":"status-publish","4":"format-standard","5":"has-post-thumbnail","7":"category-avvisi"},"_links":{"self":[{"href":"https:\/\/comunitapastoralecassina.org\/ver2\/wp-json\/wp\/v2\/posts\/14509","targetHints":{"allow":["GET"]}}],"collection":[{"href":"https:\/\/comunitapastoralecassina.org\/ver2\/wp-json\/wp\/v2\/posts"}],"about":[{"href":"https:\/\/comunitapastoralecassina.org\/ver2\/wp-json\/wp\/v2\/types\/post"}],"author":[{"embeddable":true,"href":"https:\/\/comunitapastoralecassina.org\/ver2\/wp-json\/wp\/v2\/users\/2"}],"replies":[{"embeddable":true,"href":"https:\/\/comunitapastoralecassina.org\/ver2\/wp-json\/wp\/v2\/comments?post=14509"}],"version-history":[{"count":19,"href":"https:\/\/comunitapastoralecassina.org\/ver2\/wp-json\/wp\/v2\/posts\/14509\/revisions"}],"predecessor-version":[{"id":14589,"href":"https:\/\/comunitapastoralecassina.org\/ver2\/wp-json\/wp\/v2\/posts\/14509\/revisions\/14589"}],"wp:featuredmedia":[{"embeddable":true,"href":"https:\/\/comunitapastoralecassina.org\/ver2\/wp-json\/wp\/v2\/media\/13066"}],"wp:attachment":[{"href":"https:\/\/comunitapastoralecassina.org\/ver2\/wp-json\/wp\/v2\/media?parent=14509"}],"wp:term":[{"taxonomy":"category","embeddable":true,"href":"https:\/\/comunitapastoralecassina.org\/ver2\/wp-json\/wp\/v2\/categories?post=14509"},{"taxonomy":"post_tag","embeddable":true,"href":"https:\/\/comunitapastoralecassina.org\/ver2\/wp-json\/wp\/v2\/tags?post=14509"}],"curies":[{"name":"wp","href":"https:\/\/api.w.org\/{rel}","templated":true}]}}