{"id":15021,"date":"2021-03-26T23:07:50","date_gmt":"2021-03-26T22:07:50","guid":{"rendered":"http:\/\/comunitapastoralecassina.org\/ver2\/?p=15021"},"modified":"2021-03-26T23:07:53","modified_gmt":"2021-03-26T22:07:53","slug":"la-caritas-cittadina-comunica-3","status":"publish","type":"post","link":"https:\/\/comunitapastoralecassina.org\/ver2\/2021\/03\/la-caritas-cittadina-comunica-3\/","title":{"rendered":"La Caritas Cittadina comunica"},"content":{"rendered":"\n<p>Carissimi tutti,<\/p>\n\n\n\n<p>vorremmo, come di consuetudine, aggiornarvi sul nostro servizio Caritas degli ultimi tre mesi.<\/p>\n\n\n\n<p>Come al solito abbiamo continuato a distribuire pacchi viveri alle famiglie che, per loro necessit\u00e0, accedono a questo servizio (negli ultimi tre mesi c\u2019\u00e8 stato un lieve aumento). Nella distribuzione dei pacchi a ridosso della Santa Pasqua abbiamo potuto aggiungere, ancora una volta come per lo scorso Natale, delle golosit\u00e0 che hanno sicuramente rallegrato i nostri fruitori.<\/p>\n\n\n\n<p>Ringraziamo sentitamente la stessa famiglia ci Camporicco che ha avuto, anche in questa occasione, un pensiero di vicinanza e delicatezza verso le nostre famiglie fragili.<\/p>\n\n\n\n<p>Ci sono stati consegnati \u20acuro 6.500 da Don Massimo che provengono dalla \u201cFondazione Azimut &#8211; Fratelli tutti\u201d e destinati alla carit\u00e0.<\/p>\n\n\n\n<p>I servizi proseguono:<\/p>\n\n\n\n<ul class=\"wp-block-list\"><li>Il doposcuola, a distanza.<\/li><li>Il Centro Ascolto, sia telefonicamente che di presenza.<\/li><li>La distribuzione viveri continua con le consuete modalit\u00e0 (di presenza con rispetto delle dovute cautele).<\/li><li>La distribuzione indumenti (giudicata servizio essenziale dalla Caritas Diocesana) continua in sicurezza. Vogliamo a tal proposito aggiornarvi sul cambiamento dei volontari di questo servizio: la referente, dal mese di dicembre, \u00e8 la Signora Eleonora Lucarelli, che ha preso il posto della Signora Lucia Cabrini. Lucia \u00e8 stata un punto di riferimento per questo servizio, delicato e di frontiera, per pi\u00f9 di venti anni: GRAZIE! A lei e al caro marito Giuseppe va tutta la nostra gratitudine per la fedelt\u00e0, la tenacia e la competenza. Lucia per\u00f2 non ci ha definitivamente abbandonati (fortunatamente!), ma ha riservato la sua presenza per i momenti di emergenza.<\/li><\/ul>\n\n\n\n<p>La nostra gratitudine va a tutti i volontari Caritas che in questo momento cos\u00ec strenuamente insolito hanno continuato in modo ammirevole il proprio servizio.<\/p>\n\n\n\n<p>Siamo giunti alla Pasqua!! Una Pasqua per alcuni versi molto simile a quello dell\u2019anno scorso, ma con una differenza sostanziale: il ristoro dell\u2019Eucarestia, dove ci appare chiaro che solo una cosa conta nella vita: l\u2019amore donato. E vi diamo qui sotto il nostro rendiconto al 31 marzo<\/p>\n\n\n\n<p><strong>Rendiconto globale dal 1\u00b0 novembre 2020 al 31 marzo 2021 (comprensivo quindi delle cifre indicate nel messaggio di Natale)<\/strong><\/p>\n\n\n\n<figure class=\"wp-block-table is-style-stripes\"><table><tbody><tr><td><strong>Entrate<\/strong><\/td><td class=\"has-text-align-right\" data-align=\"right\"><\/td><\/tr><tr><td>Versate sul Conto corrente parrocchiale<\/td><td class=\"has-text-align-right\" data-align=\"right\">2.000,00<\/td><\/tr><tr><td>Ultima tranche dal Comune<\/td><td class=\"has-text-align-right\" data-align=\"right\">1.300,00<\/td><\/tr><tr><td>Contributo in memoria di famigliari defunti<\/td><td class=\"has-text-align-right\" data-align=\"right\">680,00<\/td><\/tr><tr><td>Lions Club<\/td><td class=\"has-text-align-right\" data-align=\"right\">1.200,00<\/td><\/tr><tr><td>Rotary Club &#8211; buoni spesa<\/td><td class=\"has-text-align-right\" data-align=\"right\">500,00<\/td><\/tr><tr><td>Technologies\u2013buoni spesa<\/td><td class=\"has-text-align-right\" data-align=\"right\">3.000,00<\/td><\/tr><tr><td>AZIMUT Fratelli tutti<\/td><td class=\"has-text-align-right\" data-align=\"right\">6.500,00<\/td><\/tr><tr><td>Confraternita del Rosario<\/td><td class=\"has-text-align-right\" data-align=\"right\">300,00<\/td><\/tr><tr><td>Progetto Famiglie che aiutano Famiglie<\/td><td class=\"has-text-align-right\" data-align=\"right\">6.936,00<\/td><\/tr><tr><td>&nbsp;<\/td><td class=\"has-text-align-right\" data-align=\"right\">&nbsp;<\/td><\/tr><tr><td><strong>Uscite<\/strong><\/td><td class=\"has-text-align-right\" data-align=\"right\"><\/td><\/tr><tr><td>Bollette<\/td><td class=\"has-text-align-right\" data-align=\"right\">1.946.66<\/td><\/tr><tr><td>Alimenti freschi<\/td><td class=\"has-text-align-right\" data-align=\"right\">8.652,46<\/td><\/tr><tr><td>Contributo affitti<\/td><td class=\"has-text-align-right\" data-align=\"right\">4.002,00<\/td><\/tr><tr><td>Microprogetti lavoro<\/td><td class=\"has-text-align-right\" data-align=\"right\">325,00<\/td><\/tr><tr><td>Mensa scolastica<\/td><td class=\"has-text-align-right\" data-align=\"right\">502,48<\/td><\/tr><tr><td>Spese mediche<\/td><td class=\"has-text-align-right\" data-align=\"right\">203,28<\/td><\/tr><tr><td>Spese e interventi famiglie bisognose<\/td><td class=\"has-text-align-right\" data-align=\"right\">1.342,94<\/td><\/tr><\/tbody><\/table><\/figure>\n","protected":false},"excerpt":{"rendered":"<p>Carissimi tutti, vorremmo, come di consuetudine, aggiornarvi sul nostro servizio Caritas degli ultimi tre mesi. Come al solito abbiamo continuato a distribuire pacchi viveri alle famiglie che, per loro necessit\u00e0, accedono a questo servizio (negli ultimi tre mesi c\u2019\u00e8 stato un lieve aumento). Nella distribuzione dei pacchi a ridosso della Santa Pasqua abbiamo potuto aggiungere, [&hellip;]<\/p>\n","protected":false},"author":2,"featured_media":0,"comment_status":"closed","ping_status":"open","sticky":false,"template":"","format":"standard","meta":{"footnotes":""},"categories":[24,115],"tags":[],"class_list":{"0":"post-15021","1":"post","2":"type-post","3":"status-publish","4":"format-standard","6":"category-caritas-cittadina","7":"category-in-evidenza"},"_links":{"self":[{"href":"https:\/\/comunitapastoralecassina.org\/ver2\/wp-json\/wp\/v2\/posts\/15021","targetHints":{"allow":["GET"]}}],"collection":[{"href":"https:\/\/comunitapastoralecassina.org\/ver2\/wp-json\/wp\/v2\/posts"}],"about":[{"href":"https:\/\/comunitapastoralecassina.org\/ver2\/wp-json\/wp\/v2\/types\/post"}],"author":[{"embeddable":true,"href":"https:\/\/comunitapastoralecassina.org\/ver2\/wp-json\/wp\/v2\/users\/2"}],"replies":[{"embeddable":true,"href":"https:\/\/comunitapastoralecassina.org\/ver2\/wp-json\/wp\/v2\/comments?post=15021"}],"version-history":[{"count":1,"href":"https:\/\/comunitapastoralecassina.org\/ver2\/wp-json\/wp\/v2\/posts\/15021\/revisions"}],"predecessor-version":[{"id":15022,"href":"https:\/\/comunitapastoralecassina.org\/ver2\/wp-json\/wp\/v2\/posts\/15021\/revisions\/15022"}],"wp:attachment":[{"href":"https:\/\/comunitapastoralecassina.org\/ver2\/wp-json\/wp\/v2\/media?parent=15021"}],"wp:term":[{"taxonomy":"category","embeddable":true,"href":"https:\/\/comunitapastoralecassina.org\/ver2\/wp-json\/wp\/v2\/categories?post=15021"},{"taxonomy":"post_tag","embeddable":true,"href":"https:\/\/comunitapastoralecassina.org\/ver2\/wp-json\/wp\/v2\/tags?post=15021"}],"curies":[{"name":"wp","href":"https:\/\/api.w.org\/{rel}","templated":true}]}}