{"id":15078,"date":"2021-04-09T15:36:47","date_gmt":"2021-04-09T13:36:47","guid":{"rendered":"http:\/\/comunitapastoralecassina.org\/ver2\/?p=15078"},"modified":"2021-04-09T15:36:50","modified_gmt":"2021-04-09T13:36:50","slug":"si-ogni-croce-fiorisce","status":"publish","type":"post","link":"https:\/\/comunitapastoralecassina.org\/ver2\/2021\/04\/si-ogni-croce-fiorisce\/","title":{"rendered":"S\u00ec, ogni croce fiorisce"},"content":{"rendered":"\n<div class=\"wp-block-image\"><figure class=\"alignright size-large is-resized\"><img loading=\"lazy\" decoding=\"async\" src=\"http:\/\/comunitapastoralecassina.org\/ver2\/wp-content\/uploads\/Croce-fiorita.png\" alt=\"\" class=\"wp-image-15079\" width=\"263\" height=\"350\" srcset=\"https:\/\/comunitapastoralecassina.org\/ver2\/wp-content\/uploads\/Croce-fiorita.png 369w, https:\/\/comunitapastoralecassina.org\/ver2\/wp-content\/uploads\/Croce-fiorita-225x300.png 225w\" sizes=\"auto, (max-width: 263px) 100vw, 263px\" \/><\/figure><\/div>\n\n\n\n<p>E&#8217; stato significativo nel giorno del <em>Sabato Santo<\/em>, mentre noi preti eravamo in Chiesa per le Confessioni, vedere dei bambini <em>(accompagnati dal pap\u00e0 o dalla mamma o dai nonni) <\/em>entrare in Chiesa, portarsi alla grande <strong>Croce <\/strong>che ci ha accompagnato in <em>Quaresima<\/em>, sostare un istante in <em>preghiera<\/em>, deporre un <strong>fiore colorato <\/strong>e prendere un <strong>lumino <\/strong>da accendere a casa, nel giorno di <strong>Pasqua<\/strong>, come segno della <strong>Luce <\/strong>di <em>Ges\u00f9 Risorto<\/em>.<\/p>\n\n\n\n<p>Il loro semplice gesto ha permesso di ricoprire interamente la Croce <em>(collocata sull\u2019altare) <\/em>con una ricchezza di <strong>diversi fiori colorati<\/strong>, grandi o piccoli, che ci ricordano che la S.Pasqua, per noi credenti, fa fiorire ogni Croce e carica di Speranza la vita dell\u2019uomo.<\/p>\n\n\n\n<p>Non ho potuto, in questi giorni, non ricordarmi nella preghiera del vissuto di alcune nostre sorelle e alcuni nostri fratelli <em>(anche collaboratori in Comunit\u00e0, vicini a noi sacerdoti) <\/em>che stanno affrontando la <em>\u201cpropria\u201d <\/em><strong>Croce <\/strong>della <em>sofferenza<\/em>, della <em>malattia<\/em>, della <em>preoccupazione<\/em>, dell\u2019<em>incomprensione<\/em>, della <em>sfiducia<\/em>\u2026<\/p>\n\n\n\n<p>La mia preghiera, aiutata proprio dal significativo gesto degli amici di <em>terza Elementare<\/em>, \u00e8 stata quella di chiedere che <strong>ogni <\/strong>Croce, nelle sue varie forme e dimensioni, possa <strong>fiorire<\/strong>.<\/p>\n\n\n\n<p>Concludo l\u2019Editoriale di questa prima domenica dopo la Santa Pasqua, condividendo con voi un passaggio della predica di <strong>Papa Francesco <\/strong>durante la Veglia Pasquale perch\u00e9 possa essere di augurio per la nostra Comunit\u00e0 e soprattutto per chi, in mezzo a noi, vive la fatica di questo momento.<\/p>\n\n\n\n<p><em>\u201cEcco il primo annuncio di Pasqua che vorrei consegnarvi: \u00e8 possibile ricominciare sempre, perch\u00e9 sempre c\u2019\u00e8 una vita nuova che Dio \u00e8 capace di far ripartire in noi al di l\u00e0 di tutti i nostri fallimenti. Anche dalle macerie del nostro cuore \u2013 ognuno di noi sa, conosce le macerie del proprio cuore \u2013 anche dalle macerie del nostro cuore Dio pu\u00f2 costruire un\u2019opera d\u2019arte, anche dai frammenti rovinosi della nostra umanit\u00e0 Dio prepara una storia nuova. Egli ci precede sempre: nella croce della sofferenza, della desolazione e della morte, cos\u00ec come nella gloria di una vita che risorge, di una storia che cambia, di una speranza che rinasce. E in questi mesi bui di pandemia sentiamo il Signore risorto che ci invita a ricominciare, a non perdere mai la speranza\u201d.<\/em><em><\/em><\/p>\n\n\n\n<p class=\"has-text-align-right\"><strong>Don Massimo<\/strong><\/p>\n","protected":false},"excerpt":{"rendered":"<p>E&#8217; stato significativo nel giorno del Sabato Santo, mentre noi preti eravamo in Chiesa per le Confessioni, vedere dei bambini (accompagnati dal pap\u00e0 o dalla mamma o dai nonni) entrare in Chiesa, portarsi alla grande Croce che ci ha accompagnato in Quaresima, sostare un istante in preghiera, deporre un fiore colorato e prendere un lumino [&hellip;]<\/p>\n","protected":false},"author":2,"featured_media":0,"comment_status":"closed","ping_status":"open","sticky":false,"template":"","format":"standard","meta":{"footnotes":""},"categories":[19],"tags":[],"class_list":{"0":"post-15078","1":"post","2":"type-post","3":"status-publish","4":"format-standard","6":"category-prima-pagina"},"_links":{"self":[{"href":"https:\/\/comunitapastoralecassina.org\/ver2\/wp-json\/wp\/v2\/posts\/15078","targetHints":{"allow":["GET"]}}],"collection":[{"href":"https:\/\/comunitapastoralecassina.org\/ver2\/wp-json\/wp\/v2\/posts"}],"about":[{"href":"https:\/\/comunitapastoralecassina.org\/ver2\/wp-json\/wp\/v2\/types\/post"}],"author":[{"embeddable":true,"href":"https:\/\/comunitapastoralecassina.org\/ver2\/wp-json\/wp\/v2\/users\/2"}],"replies":[{"embeddable":true,"href":"https:\/\/comunitapastoralecassina.org\/ver2\/wp-json\/wp\/v2\/comments?post=15078"}],"version-history":[{"count":1,"href":"https:\/\/comunitapastoralecassina.org\/ver2\/wp-json\/wp\/v2\/posts\/15078\/revisions"}],"predecessor-version":[{"id":15080,"href":"https:\/\/comunitapastoralecassina.org\/ver2\/wp-json\/wp\/v2\/posts\/15078\/revisions\/15080"}],"wp:attachment":[{"href":"https:\/\/comunitapastoralecassina.org\/ver2\/wp-json\/wp\/v2\/media?parent=15078"}],"wp:term":[{"taxonomy":"category","embeddable":true,"href":"https:\/\/comunitapastoralecassina.org\/ver2\/wp-json\/wp\/v2\/categories?post=15078"},{"taxonomy":"post_tag","embeddable":true,"href":"https:\/\/comunitapastoralecassina.org\/ver2\/wp-json\/wp\/v2\/tags?post=15078"}],"curies":[{"name":"wp","href":"https:\/\/api.w.org\/{rel}","templated":true}]}}