{"id":1516,"date":"2008-04-04T17:11:05","date_gmt":"2008-04-04T16:11:05","guid":{"rendered":"http:\/\/www.parrocchiasmacassina.org\/?p=43"},"modified":"2013-01-25T21:41:02","modified_gmt":"2013-01-25T20:41:02","slug":"pasqua-un-pranzo-speciale","status":"publish","type":"post","link":"https:\/\/comunitapastoralecassina.org\/ver2\/2008\/04\/pasqua-un-pranzo-speciale\/","title":{"rendered":"Pasqua: un Pranzo Speciale"},"content":{"rendered":"<p align=\"left\">Natale con i tuoi, Pasqua con chi vuoi. Per\u00f2, per noi preti la Pasqua \u00e8 anticipata al Gioved\u00ec santo, quando Ges\u00f9 istituisce l&#8217;Eucarestia e il Sacerdozio, che crea un forte legame di fraternit\u00e0 fra tutti i preti, in modo particolare fra quelli appartenenti ad un medesimo Decanato.<\/p>\n<p>Ed \u00e8 stato bello e significativo partecipare al pranzo offerto per tutti i preti del Decanato di Cernusco sul Naviglio in quella occasione del Gioved\u00ec Santo.<\/p>\n<p>Non poteva mancare anche il pranzo del Sabato Santo, preparato dalle nostre Madri Canossiane, per tutti i preti della Comunit\u00e0 Pastorale di Maria Madre della Chiesa, impegnati in modo particolare per le S. Confessioni.<\/p>\n<p>Che spettacolo! Una suggestiva tavolata multicolore per undici persone: cinque preti, quattro suore, la signora Carla, mamma di don Paolo, e Anna, la segretaria del Parroco: la famiglia parrocchiale ed ecclesiale riunita in &#8220;agape fraterna&#8221;.<\/p>\n<p>Tutti c&#8217;eravamo, anche don Giuseppe di S. Agata, che ha accettato di partecipare, nonostante la sua salute malferma e la sua notevole difficolt\u00e0 di camminare spostandosi da un luogo all&#8217;altro.<\/p>\n<p>Il clima \u00e8 molto sereno e cordiale.<\/p>\n<p>Il pranzo volge alla fine e dico a don Giuseppe: &#8220;Domani \u00e8 proprio il giorno di Pasqua; tu dove vai a pranzare?&#8221;. &#8220;Pranzo da solo!&#8221;: risposta scontata. Ma lo prendo in contro piede e insisto: &#8220;Senti: se mi inviti domani vengo a pranzare da te!&#8221;. Un sorriso, qualche battuta e poi silenzio.<\/p>\n<p>Terminato il pranzo, ecco le lunghe ore del pomeriggio passate nel confessionale ad ascoltare i penitenti.<\/p>\n<p>Dopo una piccola cena, squilla il telefono, \u00e8 don Giuseppe, che con voce rauca e stentata mi dice: &#8220;Tu, oggi a pranzo, mi hai fatto la proposta di passare la Pasqua con me a pranzo. Se vuoi, vieni pure!&#8221;<\/p>\n<p>Mi sorprende la sua decisione e gli chiedo se la cuoca era disponibile a preparare il pranzo per due persone.<\/p>\n<p>&#8220;No! &#8211; mi risponde &#8211; una donna mi porta solo il primo piatto&#8230; poi io nel frigorifero ho due bistecche&#8230; le cuciniamo e pranziamo insieme&#8221;.<\/p>\n<p>Rimango un po&#8217; in imbarazzo, ma conoscendo l&#8217;amico e le sue difficolt\u00e0, valutando la situazione, decidiamo concordi  di rimandare il pranzo per un&#8217;altra occasione.<\/p>\n<p>Anch&#8217;io avevo deciso di passare il giorno di Pasqua da solo.<\/p>\n<p>Pasqua con chi vuoi: da solo, nel silenzio, con un po&#8217; di riposo.<\/p>\n<p>Ma ho apprezzato molto il gesto di don Giuseppe, suggerito non dal desiderio di un pranzo &#8220;con i fiocchi&#8221;, come si suol dire, ma al cuore di un vero amico prete.<\/p>\n<p>Dopo cinquantacinque anni, \u00e8 la prima volta che faccio la Pasqua da solo.<\/p>\n<p>Ma quel normale pranzo, il mio e quello di don Giuseppe, consumato da soli, ma uniti in spirito di amicizia e di fraternit\u00e0, veramente l&#8217;ho vissuto come un pranzo speciale, benedetto da Cristo Risorto.<\/p>\n<p align=\"right\">&nbsp;<\/p>\n<p align=\"right\"><em>(A cura di Monsignor Bruno Magnani)<\/em><\/p>\n","protected":false},"excerpt":{"rendered":"<p>Natale con i tuoi, Pasqua con chi vuoi. Per\u00f2, per noi preti la Pasqua \u00e8 anticipata al Gioved\u00ec santo, quando Ges\u00f9 istituisce l&#8217;Eucarestia e il Sacerdozio, che crea un forte legame di fraternit\u00e0 fra tutti i preti, in modo particolare fra quelli appartenenti ad un medesimo Decanato. Ed \u00e8 stato bello e significativo partecipare al [&hellip;]<\/p>\n","protected":false},"author":2,"featured_media":0,"comment_status":"closed","ping_status":"open","sticky":false,"template":"","format":"standard","meta":{"footnotes":""},"categories":[32],"tags":[],"class_list":{"0":"post-1516","1":"post","2":"type-post","3":"status-publish","4":"format-standard","6":"category-resoconti-e-meditazioni"},"_links":{"self":[{"href":"https:\/\/comunitapastoralecassina.org\/ver2\/wp-json\/wp\/v2\/posts\/1516","targetHints":{"allow":["GET"]}}],"collection":[{"href":"https:\/\/comunitapastoralecassina.org\/ver2\/wp-json\/wp\/v2\/posts"}],"about":[{"href":"https:\/\/comunitapastoralecassina.org\/ver2\/wp-json\/wp\/v2\/types\/post"}],"author":[{"embeddable":true,"href":"https:\/\/comunitapastoralecassina.org\/ver2\/wp-json\/wp\/v2\/users\/2"}],"replies":[{"embeddable":true,"href":"https:\/\/comunitapastoralecassina.org\/ver2\/wp-json\/wp\/v2\/comments?post=1516"}],"version-history":[{"count":3,"href":"https:\/\/comunitapastoralecassina.org\/ver2\/wp-json\/wp\/v2\/posts\/1516\/revisions"}],"predecessor-version":[{"id":5365,"href":"https:\/\/comunitapastoralecassina.org\/ver2\/wp-json\/wp\/v2\/posts\/1516\/revisions\/5365"}],"wp:attachment":[{"href":"https:\/\/comunitapastoralecassina.org\/ver2\/wp-json\/wp\/v2\/media?parent=1516"}],"wp:term":[{"taxonomy":"category","embeddable":true,"href":"https:\/\/comunitapastoralecassina.org\/ver2\/wp-json\/wp\/v2\/categories?post=1516"},{"taxonomy":"post_tag","embeddable":true,"href":"https:\/\/comunitapastoralecassina.org\/ver2\/wp-json\/wp\/v2\/tags?post=1516"}],"curies":[{"name":"wp","href":"https:\/\/api.w.org\/{rel}","templated":true}]}}