{"id":15174,"date":"2021-04-23T19:06:16","date_gmt":"2021-04-23T17:06:16","guid":{"rendered":"http:\/\/comunitapastoralecassina.org\/ver2\/?p=15174"},"modified":"2021-04-23T19:07:54","modified_gmt":"2021-04-23T17:07:54","slug":"rischio-calcolato","status":"publish","type":"post","link":"https:\/\/comunitapastoralecassina.org\/ver2\/2021\/04\/rischio-calcolato\/","title":{"rendered":"Rischio calcolato\u2026"},"content":{"rendered":"\n<div class=\"wp-block-image\"><figure class=\"alignright size-large is-resized\"><img loading=\"lazy\" decoding=\"async\" src=\"http:\/\/comunitapastoralecassina.org\/ver2\/wp-content\/uploads\/madonna-1.jpg\" alt=\"\" class=\"wp-image-15176\" width=\"245\" height=\"286\" srcset=\"https:\/\/comunitapastoralecassina.org\/ver2\/wp-content\/uploads\/madonna-1.jpg 542w, https:\/\/comunitapastoralecassina.org\/ver2\/wp-content\/uploads\/madonna-1-257x300.jpg 257w\" sizes=\"auto, (max-width: 245px) 100vw, 245px\" \/><\/figure><\/div>\n\n\n\n<p><em>Da luned\u00ec 26 aprile<\/em>, prender\u00e0 il via <em>(dati permettendo, ovviamente) <\/em>una fase di aperture nel nostro Paese. Il Presidente <em>Mario Draghi <\/em>ha parlato di <em>\u201crischio calco lato\u201d<\/em>.<\/p>\n\n\n\n<p>Se ci pensiamo, dal febbraio 2020 ad oggi, abbiamo gi\u00e0 vissuto l\u2019<em>attesa<\/em>, la <em>gioia <\/em>e il <em>desiderio di libert\u00e0 <\/em>in alcune occasioni di \u201caperture\u201d. Purtroppo <em>(e l\u2019abbiamo sperimentato e vissuto) <\/em>sono stati \u201cmomenti\u201d dove forse la <em>superficialit\u00e0 <\/em>e il semplice gusto del <em>divertimento (senza pensare ad altro&#8230; o ad \u201caltri\u201d) <\/em>non ci hanno aiutato, anzi, ci hanno riportato nuovamente in \u201cperiodi\u201d non semplici con successive chiusure, vincoli e limitazioni. <em>Da domani \u2026 cosa cambia?<\/em><em><\/em><\/p>\n\n\n\n<p>Ci ho pensato in questi giorni. Senz\u2019altro l\u2019arrivo dei vaccini \u00e8 un segno di <em>speranza <\/em>e di <em>fiducia <\/em>in questa ripresa, ma soprattutto credo che l\u2019esperienza vissuta fino ad oggi ci abbia fatto crescere e maturare su alcuni nostri \u201cstili\u201d di vita.<\/p>\n\n\n\n<div class=\"wp-block-image\"><figure class=\"alignright size-large is-resized\"><img loading=\"lazy\" decoding=\"async\" src=\"http:\/\/comunitapastoralecassina.org\/ver2\/wp-content\/uploads\/bar.jpg\" alt=\"\" class=\"wp-image-15178\" width=\"235\" height=\"132\"\/><\/figure><\/div>\n\n\n\n<p>Da una parte credo che nel nostro Paese coloro che, in questo \u201crischio calcolato\u201d, hanno la grande responsabilit\u00e0 di custodire la Salute ed il Bene di tutti\u2026 abbiano fattobene ogni valutazione. Cos\u00ec pure, dall\u2019altra parte, sono convinto che di fronte alla scaltrezza di un Virus cosi imprevedibile e \u201cvariabile\u201d si debba prima o poi affrontare qualche rischio.<\/p>\n\n\n\n<p>Questo per\u00f2 non ci pu\u00f2 far dire: <em>\u201cFinalmente, ritorniamo a fare le cose come prima ..!\u201d<\/em><em><\/em><\/p>\n\n\n\n<p>Questo per\u00f2 non ci autorizza a pensare: <em>\u201cOk, io il Covid l\u2019ho gi\u00e0 avuto ed anche il vaccino gi\u00e0 fatto quindi\u2026\u201d <\/em>Entriamo in una \u201cfase\u201d attesa <em>(forse anche \u2013 per motivi diversi \u2013 \u201cdovuta\u201d) <\/em>con molta fiducia ed altrettanta re sponsabilit\u00e0 facendo tesoro di tutto ci\u00f2 che l\u2019esperienza di questi mesi ci ha insegnato.<\/p>\n\n\n\n<p>Mi piace che la <em>\u201criapertura\u201d<\/em>, pi\u00f9 che legata al 25 aprile <em>(Festa della Liberazione)<\/em>, coincida con l\u2019<em>inizio <\/em>del mese di maggio. Un <em>\u201ctempo\u201d <\/em>particolare nel cammino della nostra Comunit\u00e0, dove Maria, Madre di Ges\u00f9 e Madre della Chiesa, diventa per tanti di noi una <em>\u201ccompagna di viaggio\u201d<\/em>.<\/p>\n\n\n\n<p>Questo per\u00f2 non toglie a ciascuno di noi la seria responsabilit\u00e0 a vigilare, su noi stessi, su chi ci \u00e8 affidato e su tutti gli altri.<\/p>\n\n\n\n<p>Maria, Madre della Chiesa, prega per noi!<\/p>\n\n\n\n<p class=\"has-text-align-right\">Don Massimo<\/p>\n","protected":false},"excerpt":{"rendered":"<p>Da luned\u00ec 26 aprile, prender\u00e0 il via (dati permettendo, ovviamente) una fase di aperture nel nostro Paese. Il Presidente Mario Draghi ha parlato di \u201crischio calco lato\u201d. Se ci pensiamo, dal febbraio 2020 ad oggi, abbiamo gi\u00e0 vissuto l\u2019attesa, la gioia e il desiderio di libert\u00e0 in alcune occasioni di \u201caperture\u201d. Purtroppo (e l\u2019abbiamo sperimentato [&hellip;]<\/p>\n","protected":false},"author":2,"featured_media":0,"comment_status":"closed","ping_status":"open","sticky":false,"template":"","format":"standard","meta":{"footnotes":""},"categories":[19],"tags":[],"class_list":{"0":"post-15174","1":"post","2":"type-post","3":"status-publish","4":"format-standard","6":"category-prima-pagina"},"_links":{"self":[{"href":"https:\/\/comunitapastoralecassina.org\/ver2\/wp-json\/wp\/v2\/posts\/15174","targetHints":{"allow":["GET"]}}],"collection":[{"href":"https:\/\/comunitapastoralecassina.org\/ver2\/wp-json\/wp\/v2\/posts"}],"about":[{"href":"https:\/\/comunitapastoralecassina.org\/ver2\/wp-json\/wp\/v2\/types\/post"}],"author":[{"embeddable":true,"href":"https:\/\/comunitapastoralecassina.org\/ver2\/wp-json\/wp\/v2\/users\/2"}],"replies":[{"embeddable":true,"href":"https:\/\/comunitapastoralecassina.org\/ver2\/wp-json\/wp\/v2\/comments?post=15174"}],"version-history":[{"count":3,"href":"https:\/\/comunitapastoralecassina.org\/ver2\/wp-json\/wp\/v2\/posts\/15174\/revisions"}],"predecessor-version":[{"id":15179,"href":"https:\/\/comunitapastoralecassina.org\/ver2\/wp-json\/wp\/v2\/posts\/15174\/revisions\/15179"}],"wp:attachment":[{"href":"https:\/\/comunitapastoralecassina.org\/ver2\/wp-json\/wp\/v2\/media?parent=15174"}],"wp:term":[{"taxonomy":"category","embeddable":true,"href":"https:\/\/comunitapastoralecassina.org\/ver2\/wp-json\/wp\/v2\/categories?post=15174"},{"taxonomy":"post_tag","embeddable":true,"href":"https:\/\/comunitapastoralecassina.org\/ver2\/wp-json\/wp\/v2\/tags?post=15174"}],"curies":[{"name":"wp","href":"https:\/\/api.w.org\/{rel}","templated":true}]}}