{"id":1524,"date":"2008-04-14T11:18:30","date_gmt":"2008-04-14T10:18:30","guid":{"rendered":"http:\/\/www.parrocchiasmacassina.org\/?p=65"},"modified":"2013-01-25T21:41:00","modified_gmt":"2013-01-25T20:41:00","slug":"quaresima-perche-cosi-belli","status":"publish","type":"post","link":"https:\/\/comunitapastoralecassina.org\/ver2\/2008\/04\/quaresima-perche-cosi-belli\/","title":{"rendered":"Quaresima: perch\u00e8 cos\u00ec belli?"},"content":{"rendered":"<p><em>Tu invece, quando digiuni, profumati la testa e lavati il volto<\/em><br \/>\n(Matteo 6, 17)<\/p>\n<p>Ho nel cuore un sogno segreto. Spero di vederlo diventare realt\u00e0.<\/p>\n<p>\u00c8 il primo giorno della quaresima, il giorno delle ceneri. Le cristiane e i cristiani si riuniscono nelle chiese. Ma non mettono il solito pizzico di cenere sulla testa. Tirano fuori i profumi, il trucco, i vestiti migliori e si vestono a festa.<\/p>\n<p>E per tutta la quaresima, invece di proporsi come coloro che al venerd\u00ec mangiano il pesce che costa il doppio della carne, diventano quelle e quelli che girano per le strade, si recano nei posti di lavoro e frequentano i luoghi della vita al meglio della loro forma e bellezza.<\/p>\n<p>E a tutti quelli che domandano: \u201cPerch\u00e9 siete cos\u00ec belli e splendenti?\u201d, essi rispondono: \u201cStiamo affinando la nostra fede in Ges\u00f9, perch\u00e9 la nostra gioia sia piena, e perch\u00e9 la nostra gioia possa diventare la gioia di tutti gli uomini e le donne che sono tristi perch\u00e9 devono digiunare per necessit\u00e0, per miseria, per ingiustizia, per abbandono, per il mancato rispetto della loro dignit\u00e0 di figli di Dio\u201d<\/p>\n<p><em>don Tonino Lasconi<\/em><\/p>\n","protected":false},"excerpt":{"rendered":"<p>Tu invece, quando digiuni, profumati la testa e lavati il volto (Matteo 6, 17) Ho nel cuore un sogno segreto. Spero di vederlo diventare realt\u00e0. \u00c8 il primo giorno della quaresima, il giorno delle ceneri. Le cristiane e i cristiani si riuniscono nelle chiese. Ma non mettono il solito pizzico di cenere sulla testa. Tirano [&hellip;]<\/p>\n","protected":false},"author":2,"featured_media":0,"comment_status":"closed","ping_status":"open","sticky":false,"template":"","format":"standard","meta":{"footnotes":""},"categories":[40],"tags":[],"class_list":{"0":"post-1524","1":"post","2":"type-post","3":"status-publish","4":"format-standard","6":"category-pasqua-e-tempo-di-quaresima"},"_links":{"self":[{"href":"https:\/\/comunitapastoralecassina.org\/ver2\/wp-json\/wp\/v2\/posts\/1524","targetHints":{"allow":["GET"]}}],"collection":[{"href":"https:\/\/comunitapastoralecassina.org\/ver2\/wp-json\/wp\/v2\/posts"}],"about":[{"href":"https:\/\/comunitapastoralecassina.org\/ver2\/wp-json\/wp\/v2\/types\/post"}],"author":[{"embeddable":true,"href":"https:\/\/comunitapastoralecassina.org\/ver2\/wp-json\/wp\/v2\/users\/2"}],"replies":[{"embeddable":true,"href":"https:\/\/comunitapastoralecassina.org\/ver2\/wp-json\/wp\/v2\/comments?post=1524"}],"version-history":[{"count":1,"href":"https:\/\/comunitapastoralecassina.org\/ver2\/wp-json\/wp\/v2\/posts\/1524\/revisions"}],"predecessor-version":[{"id":5349,"href":"https:\/\/comunitapastoralecassina.org\/ver2\/wp-json\/wp\/v2\/posts\/1524\/revisions\/5349"}],"wp:attachment":[{"href":"https:\/\/comunitapastoralecassina.org\/ver2\/wp-json\/wp\/v2\/media?parent=1524"}],"wp:term":[{"taxonomy":"category","embeddable":true,"href":"https:\/\/comunitapastoralecassina.org\/ver2\/wp-json\/wp\/v2\/categories?post=1524"},{"taxonomy":"post_tag","embeddable":true,"href":"https:\/\/comunitapastoralecassina.org\/ver2\/wp-json\/wp\/v2\/tags?post=1524"}],"curies":[{"name":"wp","href":"https:\/\/api.w.org\/{rel}","templated":true}]}}