{"id":15252,"date":"2021-05-07T22:31:04","date_gmt":"2021-05-07T20:31:04","guid":{"rendered":"http:\/\/comunitapastoralecassina.org\/ver2\/?p=15252"},"modified":"2024-09-26T11:14:13","modified_gmt":"2024-09-26T09:14:13","slug":"cosa-proporremo-per-la-prossima-estate-alla-nostra-comunita-pastorale-2","status":"publish","type":"post","link":"https:\/\/comunitapastoralecassina.org\/ver2\/2021\/05\/cosa-proporremo-per-la-prossima-estate-alla-nostra-comunita-pastorale-2\/","title":{"rendered":"2. Cosa proporremo per la prossima estate  alla nostra Comunit\u00e0 Pastorale?"},"content":{"rendered":"\n<p>La proposta alla quale stiamo lavorando prevede la possibilit\u00e0 di organizzare nei nostri oratori (<strong>San Domenico Savio e Camporicco<\/strong>) gruppi omogenei per fasce d\u2019et\u00e0 per un periodo di quattro settimane. Proporremo quindi la suddivisione in <strong>2 diversi momenti <\/strong>distinti della giornata <strong>escludendo <\/strong>la possibilit\u00e0 del <strong>pranzo <\/strong>insieme:<\/p>\n\n\n\n<ul class=\"wp-block-list\"><li><strong>Mattina <\/strong>(pre dalle 7.30, e attivit\u00e0 dalle 9.00 alle 12.30);<\/li><li><strong>Pomeriggio <\/strong>(dalle 14.00 alle 17.30).<\/li><\/ul>\n\n\n\n<p>A <strong>Camporicco <\/strong>accoglieremo i bambini di prima e di seconda elementare. In base alle adesioni proporremo una suddivisione in modo da garantire mezza giornata.<\/p>\n\n\n\n<p>A <strong>San Domenico Savio <\/strong>accoglieremo le 3, le 4 e le 5 elementari al mattino, e le medie nel pomeriggio.<\/p>\n\n\n\n<p>In settimana apriremo una sorta di prescrizione in modo da poter comprendere il reale bisogno e desiderio della comunit\u00e0.<\/p>\n\n\n\n<h2 class=\"wp-block-heading\">Formazione animatori<\/h2>\n\n\n\n<p>Primo incontro in San Domenico Savio domenica 9 maggio dalle 18.00 alle 18.45 per 1 e 2 superiore. Luned\u00ec 10 maggio dalle 20.45 alle 21.30 incontro per 3,4 e 5 superiore in San Domenico Savio.<\/p>\n\n\n\n<h2 class=\"wp-block-heading\">Maggiorenni e adulti per un aiuto concreto in oratorio<\/h2>\n\n\n\n<p>Luned\u00ec sar\u00e0 disponibile il modulo dove segnalare le proprie disponibilit\u00e0, sia in formato cartaceo che elettronico, per gli adulti che hanno intenzione di dare una mano nell\u2019organizzazione&nbsp; e nella gestione di tante attivit\u00e0.<\/p>\n\n\n\n<p><strong>L\u2019aiuto di tutti quest\u2019anno potr\u00e0 fare la differenza.<\/strong><strong><\/strong><\/p>\n","protected":false},"excerpt":{"rendered":"<p>La proposta alla quale stiamo lavorando prevede la possibilit\u00e0 di organizzare nei nostri oratori (San Domenico Savio e Camporicco) gruppi omogenei per fasce d\u2019et\u00e0 per un periodo di quattro settimane. Proporremo quindi la suddivisione in 2 diversi momenti distinti della giornata escludendo la possibilit\u00e0 del pranzo insieme: Mattina (pre dalle 7.30, e attivit\u00e0 dalle 9.00 [&hellip;]<\/p>\n","protected":false},"author":2,"featured_media":0,"comment_status":"closed","ping_status":"open","sticky":false,"template":"","format":"standard","meta":{"footnotes":""},"categories":[23],"tags":[],"class_list":{"0":"post-15252","1":"post","2":"type-post","3":"status-publish","4":"format-standard","6":"category-avvisi"},"_links":{"self":[{"href":"https:\/\/comunitapastoralecassina.org\/ver2\/wp-json\/wp\/v2\/posts\/15252","targetHints":{"allow":["GET"]}}],"collection":[{"href":"https:\/\/comunitapastoralecassina.org\/ver2\/wp-json\/wp\/v2\/posts"}],"about":[{"href":"https:\/\/comunitapastoralecassina.org\/ver2\/wp-json\/wp\/v2\/types\/post"}],"author":[{"embeddable":true,"href":"https:\/\/comunitapastoralecassina.org\/ver2\/wp-json\/wp\/v2\/users\/2"}],"replies":[{"embeddable":true,"href":"https:\/\/comunitapastoralecassina.org\/ver2\/wp-json\/wp\/v2\/comments?post=15252"}],"version-history":[{"count":2,"href":"https:\/\/comunitapastoralecassina.org\/ver2\/wp-json\/wp\/v2\/posts\/15252\/revisions"}],"predecessor-version":[{"id":15254,"href":"https:\/\/comunitapastoralecassina.org\/ver2\/wp-json\/wp\/v2\/posts\/15252\/revisions\/15254"}],"wp:attachment":[{"href":"https:\/\/comunitapastoralecassina.org\/ver2\/wp-json\/wp\/v2\/media?parent=15252"}],"wp:term":[{"taxonomy":"category","embeddable":true,"href":"https:\/\/comunitapastoralecassina.org\/ver2\/wp-json\/wp\/v2\/categories?post=15252"},{"taxonomy":"post_tag","embeddable":true,"href":"https:\/\/comunitapastoralecassina.org\/ver2\/wp-json\/wp\/v2\/tags?post=15252"}],"curies":[{"name":"wp","href":"https:\/\/api.w.org\/{rel}","templated":true}]}}