{"id":1526,"date":"2008-04-14T11:19:39","date_gmt":"2008-04-14T10:19:39","guid":{"rendered":"http:\/\/www.parrocchiasmacassina.org\/?p=67"},"modified":"2013-01-25T21:41:00","modified_gmt":"2013-01-25T20:41:00","slug":"3%c2%aa-domenica-di-quaresima-di-abramo","status":"publish","type":"post","link":"https:\/\/comunitapastoralecassina.org\/ver2\/2008\/04\/3%c2%aa-domenica-di-quaresima-di-abramo\/","title":{"rendered":"3\u00aa Domenica di Quaresima: di Abramo"},"content":{"rendered":"<p>Ges\u00f9, fa\u2019 che noi camminiamo sempre davanti a te!<br \/>\nTu lo sai che abbiamo paura del giudizio degli altri, che quando gli altri ci deridono ci rattristiamo e ci arrabbiamo.<br \/>\nPer\u00f2, quando pensiamo a te ci accorgiamo che la sola cosa importante \u00e8 il giudizio che tu hai di noi, \u00e8 ci\u00f2 che tu ci dici.<br \/>\nAiutami, Signore, vivere questi giorni nel segreto facendo quindi silenzio, pregando non per farmi notare, non per farmi lodare, bens\u00ec perch\u00e9 so che tu mi conosci.<br \/>\nFa\u2019 che io conosca il modo meraviglioso con il quale tu mi conosci, perch\u00e9 allora non sar\u00f2 mai un\u2019ipocrita, non sar\u00f2 triste; sar\u00f2 una persona libera e piena di gioia.<br \/>\nVieni, Spirito Santo, e riempi i nostri cuori della conoscenza di Ges\u00f9, allarga il nostro cuore perch\u00e9 possiamo conoscere l\u2019ampiezza della sua conoscenza!<\/p>\n<p><em>Card. Carlo Maria Martini<\/em><\/p>\n","protected":false},"excerpt":{"rendered":"<p>Ges\u00f9, fa\u2019 che noi camminiamo sempre davanti a te! Tu lo sai che abbiamo paura del giudizio degli altri, che quando gli altri ci deridono ci rattristiamo e ci arrabbiamo. Per\u00f2, quando pensiamo a te ci accorgiamo che la sola cosa importante \u00e8 il giudizio che tu hai di noi, \u00e8 ci\u00f2 che tu ci [&hellip;]<\/p>\n","protected":false},"author":2,"featured_media":0,"comment_status":"closed","ping_status":"open","sticky":false,"template":"","format":"standard","meta":{"footnotes":""},"categories":[40],"tags":[],"class_list":{"0":"post-1526","1":"post","2":"type-post","3":"status-publish","4":"format-standard","6":"category-pasqua-e-tempo-di-quaresima"},"_links":{"self":[{"href":"https:\/\/comunitapastoralecassina.org\/ver2\/wp-json\/wp\/v2\/posts\/1526","targetHints":{"allow":["GET"]}}],"collection":[{"href":"https:\/\/comunitapastoralecassina.org\/ver2\/wp-json\/wp\/v2\/posts"}],"about":[{"href":"https:\/\/comunitapastoralecassina.org\/ver2\/wp-json\/wp\/v2\/types\/post"}],"author":[{"embeddable":true,"href":"https:\/\/comunitapastoralecassina.org\/ver2\/wp-json\/wp\/v2\/users\/2"}],"replies":[{"embeddable":true,"href":"https:\/\/comunitapastoralecassina.org\/ver2\/wp-json\/wp\/v2\/comments?post=1526"}],"version-history":[{"count":1,"href":"https:\/\/comunitapastoralecassina.org\/ver2\/wp-json\/wp\/v2\/posts\/1526\/revisions"}],"predecessor-version":[{"id":5347,"href":"https:\/\/comunitapastoralecassina.org\/ver2\/wp-json\/wp\/v2\/posts\/1526\/revisions\/5347"}],"wp:attachment":[{"href":"https:\/\/comunitapastoralecassina.org\/ver2\/wp-json\/wp\/v2\/media?parent=1526"}],"wp:term":[{"taxonomy":"category","embeddable":true,"href":"https:\/\/comunitapastoralecassina.org\/ver2\/wp-json\/wp\/v2\/categories?post=1526"},{"taxonomy":"post_tag","embeddable":true,"href":"https:\/\/comunitapastoralecassina.org\/ver2\/wp-json\/wp\/v2\/tags?post=1526"}],"curies":[{"name":"wp","href":"https:\/\/api.w.org\/{rel}","templated":true}]}}