{"id":15281,"date":"2021-05-09T18:46:27","date_gmt":"2021-05-09T16:46:27","guid":{"rendered":"http:\/\/comunitapastoralecassina.org\/ver2\/?p=15281"},"modified":"2024-09-26T11:14:00","modified_gmt":"2024-09-26T09:14:00","slug":"oltre-alla-montagna-come-la-scorsa-estate-quale-proposta-estiva-della-comunita-pastorale","status":"publish","type":"post","link":"https:\/\/comunitapastoralecassina.org\/ver2\/2021\/05\/oltre-alla-montagna-come-la-scorsa-estate-quale-proposta-estiva-della-comunita-pastorale\/","title":{"rendered":"Oltre alla montagna (come la scorsa estate) quale proposta estiva della Comunit\u00e0 Pastorale?"},"content":{"rendered":"\n<p>Eh s\u00ec, <strong>&#8220;Hurra! &#8211; Giocheranno sulle piazze&#8221;<\/strong> \u00e8 il titolo \u00e8 quello degli Oratori Estivi della Diocesi \ud83d\ude42<\/p>\n\n\n\n<p>Il periodo sar\u00e0 di ben <strong>4 settimane<\/strong> perch\u00e9 dopo si prosegue a &#8220;turni&#8221; con l&#8217;<strong>esperienza in Montagna<\/strong><\/p>\n\n\n\n<h3 class=\"has-vivid-cyan-blue-color has-text-color wp-block-heading\"><strong>Ci stiamo preparando al meglio. Cos\u00ec:<\/strong><\/h3>\n\n\n\n<ul class=\"wp-block-list\"><li><strong>Sant&#8217;Agata:<\/strong> polo INFANZIA (8-17.30 con pranzo)<\/li><li><strong>Camporicco:<\/strong> polo 1 e 2 ELEMENTARE (in base alle adesioni proporremo una suddivisione in modo tale da garantire senz&#8217;altro mezza giornata)<\/li><li><strong>SDS:<\/strong> polo 3-4-5 ELEMENTARE (mattino) polo MEDIE (pomeriggio)<\/li><\/ul>\n\n\n\n<p><strong>ORARI per SDS e Camporicco:<\/strong><\/p>\n\n\n\n<ul class=\"wp-block-list\"><li>Mattina (pre dalle 7.30 e attivit\u00e0 9.00 &#8211; 12.30)<\/li><li>Pomeriggio (attivit\u00e0 14.00 &#8211; 17.30)<\/li><\/ul>\n\n\n\n<p>Per dare la possibilit\u00e0 al maggior numero di bambini e ragazzi di partecipare (tenendo conto delle &#8220;bolle&#8221; e degli educatori) <strong>ESCLUDIAMO LA POSSIBILITA&#8217; DEL PRANZO<\/strong> cos\u00ec da organizzarci in due momenti distinti della giornata (mattina e pomeriggio).<\/p>\n\n\n\n<p>A partire <strong>dal 10 maggio<\/strong> apriremo una sorta di <strong>PRE-ISCRIZIONI utilizzando un questionario online<\/strong> cos\u00ec da poter comprendere il reale bisogno e desiderio della Comunit\u00e0<\/p>\n\n\n\n<h3 class=\"has-vivid-cyan-blue-color has-text-color wp-block-heading\">Se sei maggiorenne<\/h3>\n\n\n\n<p><strong>Da LUNED\u00cc 10 maggio<\/strong>,\u00a0 puoi dare la propria disponibilit\u00e0!!<\/p>\n\n\n\n<p>Infatti sar\u00e0 pronto il modulo (sia cartaceo che elettronico) per chi vuole collaborare a rendere &#8220;unica&#8221; questa esperienza estiva nei nostri Oratori.<\/p>\n\n\n\n<p>L&#8217;aiuto di tutti in questa estate potr\u00e0 fare la differenza \ud83d\ude42<\/p>\n\n\n\n<p>State connessi sulle nostre Pagine FB e Sito Web della Comunit\u00e0 Pastorale per ogni ulteriore aggiornamento.<\/p>\n\n\n\n<h2 class=\"has-text-align-center has-light-green-cyan-background-color has-background wp-block-heading\"><strong>#riprendiamocilaCDR\u00a0 \ud83d\ude42<\/strong><\/h2>\n","protected":false},"excerpt":{"rendered":"<p>Eh s\u00ec, &#8220;Hurra! &#8211; Giocheranno sulle piazze&#8221; \u00e8 il titolo \u00e8 quello degli Oratori Estivi della Diocesi \ud83d\ude42 Il periodo sar\u00e0 di ben 4 settimane perch\u00e9 dopo si prosegue a &#8220;turni&#8221; con l&#8217;esperienza in Montagna Ci stiamo preparando al meglio. Cos\u00ec: Sant&#8217;Agata: polo INFANZIA (8-17.30 con pranzo) Camporicco: polo 1 e 2 ELEMENTARE (in base [&hellip;]<\/p>\n","protected":false},"author":2,"featured_media":0,"comment_status":"closed","ping_status":"open","sticky":false,"template":"","format":"standard","meta":{"footnotes":""},"categories":[23],"tags":[],"class_list":{"0":"post-15281","1":"post","2":"type-post","3":"status-publish","4":"format-standard","6":"category-avvisi"},"_links":{"self":[{"href":"https:\/\/comunitapastoralecassina.org\/ver2\/wp-json\/wp\/v2\/posts\/15281","targetHints":{"allow":["GET"]}}],"collection":[{"href":"https:\/\/comunitapastoralecassina.org\/ver2\/wp-json\/wp\/v2\/posts"}],"about":[{"href":"https:\/\/comunitapastoralecassina.org\/ver2\/wp-json\/wp\/v2\/types\/post"}],"author":[{"embeddable":true,"href":"https:\/\/comunitapastoralecassina.org\/ver2\/wp-json\/wp\/v2\/users\/2"}],"replies":[{"embeddable":true,"href":"https:\/\/comunitapastoralecassina.org\/ver2\/wp-json\/wp\/v2\/comments?post=15281"}],"version-history":[{"count":5,"href":"https:\/\/comunitapastoralecassina.org\/ver2\/wp-json\/wp\/v2\/posts\/15281\/revisions"}],"predecessor-version":[{"id":15286,"href":"https:\/\/comunitapastoralecassina.org\/ver2\/wp-json\/wp\/v2\/posts\/15281\/revisions\/15286"}],"wp:attachment":[{"href":"https:\/\/comunitapastoralecassina.org\/ver2\/wp-json\/wp\/v2\/media?parent=15281"}],"wp:term":[{"taxonomy":"category","embeddable":true,"href":"https:\/\/comunitapastoralecassina.org\/ver2\/wp-json\/wp\/v2\/categories?post=15281"},{"taxonomy":"post_tag","embeddable":true,"href":"https:\/\/comunitapastoralecassina.org\/ver2\/wp-json\/wp\/v2\/tags?post=15281"}],"curies":[{"name":"wp","href":"https:\/\/api.w.org\/{rel}","templated":true}]}}