{"id":1531,"date":"2008-04-14T11:27:19","date_gmt":"2008-04-14T10:27:19","guid":{"rendered":"http:\/\/www.parrocchiasmacassina.org\/?p=72"},"modified":"2013-01-25T21:40:59","modified_gmt":"2013-01-25T20:40:59","slug":"pasqua-di-risurrezione","status":"publish","type":"post","link":"https:\/\/comunitapastoralecassina.org\/ver2\/2008\/04\/pasqua-di-risurrezione\/","title":{"rendered":"Pasqua di Risurrezione"},"content":{"rendered":"<p>Giorno di Pasqua, giorno di festa, giorno di una scoperta imprevedibile, di una gioia che inonda la terra.<br \/>\nS\u00ec, mio Signore, la pietra che sigillava il tuo sepolcro, \u00e8 volata via per sempre\u2026<br \/>\nE la tomba non ha pi\u00f9 nulla da custodire, se non i segni e le tracce di un morto che ora \u00e8 risorto.<br \/>\nGiorno di Pasqua, giorno di speranza, nell\u2019attesa che saltino via le pietre di tutti i sepolcri del mondo e i morti ritornino in vita.<br \/>\nS\u00ec, mio Signore, duemila anni dopo, lo stesso smarrimento, la stessa fatica a capire afferra anche noi.<br \/>\nNon \u00e8 possibile un evento cos\u00ec grande, non \u00e8 possibile una cosa cos\u00ec bella: il Signore \u00e8 vivo e ci viene incontro.<br \/>\nGiorno di Pasqua, giorno di incontro, perch\u00e9 il Signore parla al nostro cuore e si dona come pane di vita.<br \/>\nS\u00ec, mio Signore, ancora oggi tu sei presente in mezzo a noi, in questa assemblea che fa memoria della tua vittoria sulla morte, in questa famiglia che vuole ascoltare quel racconto che le ha cambiato la vita, in questo popolo che siede a tavola per spezzare il tuo pane e condividere il tuo amore.<\/p>\n<p><em>Roberto Laurita<\/em><\/p>\n","protected":false},"excerpt":{"rendered":"<p>Giorno di Pasqua, giorno di festa, giorno di una scoperta imprevedibile, di una gioia che inonda la terra. S\u00ec, mio Signore, la pietra che sigillava il tuo sepolcro, \u00e8 volata via per sempre\u2026 E la tomba non ha pi\u00f9 nulla da custodire, se non i segni e le tracce di un morto che ora \u00e8 [&hellip;]<\/p>\n","protected":false},"author":2,"featured_media":0,"comment_status":"closed","ping_status":"open","sticky":false,"template":"","format":"standard","meta":{"footnotes":""},"categories":[40],"tags":[],"class_list":{"0":"post-1531","1":"post","2":"type-post","3":"status-publish","4":"format-standard","6":"category-pasqua-e-tempo-di-quaresima"},"_links":{"self":[{"href":"https:\/\/comunitapastoralecassina.org\/ver2\/wp-json\/wp\/v2\/posts\/1531","targetHints":{"allow":["GET"]}}],"collection":[{"href":"https:\/\/comunitapastoralecassina.org\/ver2\/wp-json\/wp\/v2\/posts"}],"about":[{"href":"https:\/\/comunitapastoralecassina.org\/ver2\/wp-json\/wp\/v2\/types\/post"}],"author":[{"embeddable":true,"href":"https:\/\/comunitapastoralecassina.org\/ver2\/wp-json\/wp\/v2\/users\/2"}],"replies":[{"embeddable":true,"href":"https:\/\/comunitapastoralecassina.org\/ver2\/wp-json\/wp\/v2\/comments?post=1531"}],"version-history":[{"count":1,"href":"https:\/\/comunitapastoralecassina.org\/ver2\/wp-json\/wp\/v2\/posts\/1531\/revisions"}],"predecessor-version":[{"id":5342,"href":"https:\/\/comunitapastoralecassina.org\/ver2\/wp-json\/wp\/v2\/posts\/1531\/revisions\/5342"}],"wp:attachment":[{"href":"https:\/\/comunitapastoralecassina.org\/ver2\/wp-json\/wp\/v2\/media?parent=1531"}],"wp:term":[{"taxonomy":"category","embeddable":true,"href":"https:\/\/comunitapastoralecassina.org\/ver2\/wp-json\/wp\/v2\/categories?post=1531"},{"taxonomy":"post_tag","embeddable":true,"href":"https:\/\/comunitapastoralecassina.org\/ver2\/wp-json\/wp\/v2\/tags?post=1531"}],"curies":[{"name":"wp","href":"https:\/\/api.w.org\/{rel}","templated":true}]}}